{"id":69563,"date":"2025-08-27T00:09:22","date_gmt":"2025-08-27T06:09:22","guid":{"rendered":"https:\/\/politicosaldesnudo.com.mx\/?p=69563"},"modified":"2025-08-26T21:43:40","modified_gmt":"2025-08-27T03:43:40","slug":"avala-asa-construccion-de-terminales-aereas-regionales","status":"publish","type":"post","link":"https:\/\/politicosaldesnudo.com.mx\/index.php\/2025\/08\/27\/avala-asa-construccion-de-terminales-aereas-regionales\/","title":{"rendered":"Avala ASA construcci\u00f3n de terminales a\u00e9reas regionales"},"content":{"rendered":"<p>La construcci\u00f3n de cuatro terminales a\u00e9reas regionales con un modelo de negocio p\u00fablico-privado en Ensenada, Baja California; Costalegre y Lagos de Moreno, Jalisco; y San Miguel de Allende, Guanajuato es factible, declar\u00f3 Humberto Antonio Su\u00e1rez Castillo, coordinador de las Unidades de Negocios en Aeropuertos y Servicios Auxiliares (ASA).<\/p>\n<p>En una conferencia organizada por el Colegio de Ingenieros Civiles de M\u00e9xico (CICM) expuso que durante 2024, M\u00e9xico alcanz\u00f3 el r\u00e9cord de atender casi 120 millones de pasajeros a\u00e9reos, de los cuales alrededor de 62 millones correspondieron a vuelos nacionales y cerca de 58 millones a internacionales.<\/p>\n<p>En materia de carga, se movilizaron m\u00e1s de 240 mil toneladas dom\u00e9sticas y 822 mil toneladas relacionadas con actividades de comercio exterior.<\/p>\n<p>\u201cEstas cifras reflejan con claridad la relevancia estrat\u00e9gica de la conectividad a\u00e9rea para el turismo, el comercio, la competitividad y la integraci\u00f3n nacional e internacional de M\u00e9xico\u201d, manifest\u00f3 por su parte Mauricio Jessurun Solomou, presidente del XL Consejo Directivo del CICM.<\/p>\n<p>Jessurun Solomou destac\u00f3 que la aviaci\u00f3n y la infraestructura aeroportuaria enfrentan grandes retos: la innovaci\u00f3n tecnol\u00f3gica, que impulsa la digitalizaci\u00f3n en los procesos y sistemas de control: la seguridad y la ciberseguridad; la certificaci\u00f3n, inspecci\u00f3n y vigilancia; y la alineaci\u00f3n con los organismos internacionales que regulan y supervisan la aviaci\u00f3n civil.<\/p>\n<p>Por su parte, Su\u00e1rez Castillo explic\u00f3 que ASA tiene 60 a\u00f1os de existencia y cuenta con cuatro l\u00edneas de negocio: suministro de combustibles de aviaci\u00f3n, administraci\u00f3n de aeropuertos, servicios t\u00e9cnicos y de consultor\u00eda aeroportuaria, y capacitaci\u00f3n internacional de alto nivel.<\/p>\n<p>En cuanto a los combustibles de aviaci\u00f3n, que es el negocio principal de ASA, detall\u00f3 que en el 2024 se comercializaron 5 mil 402 millones de litros, se realizaron 850 mil servicios al a\u00f1o, se contabilizaron 52 estaciones de combustibles y 447 veh\u00edculos, as\u00ed como 266 tanques de almacenamiento.<\/p>\n<p>Detall\u00f3 que los \u00a0aeropuertos de la Ciudad de M\u00e9xico y de Canc\u00fan fueron los de mayor demanda.<\/p>\n<p>Actualmente ASA tiene 97 por ciento del mercado de combustible de aviaci\u00f3n en M\u00e9xico, con 99.7 por ciento de puntualidad de suministro.<\/p>\n<p>A su vez, ASA lleva casi dos a\u00f1os trabajando en el proyecto de combustibles de aviaci\u00f3n sostenible (SAF por sus siglas en ingl\u00e9s) con la meta que tiene la Organizaci\u00f3n de Aviaci\u00f3n Civil Internacional (OACI) de que en el 2050 se alcancen cero emisiones de carbono a nivel mundial en el sector aeron\u00e1utico.<\/p>\n<p>El titular de la Unidad de Negocios de ASA destac\u00f3 que este a\u00f1o se busca realizar el primer vuelo verde, a trav\u00e9s de una tecnolog\u00eda que usa residuos de aceites de cocina, con una inversi\u00f3n en la planta de la Ciudad de M\u00e9xico, donde hay capacidad para almacenar este tipo de combustible.<\/p>\n<p>Adem\u00e1s, con una inversi\u00f3n de 300 millones de pesos, se busca ampliar la planta de Canc\u00fan durante los pr\u00f3ximos tres a\u00f1os para tener una biorefiner\u00eda al t\u00e9rmino del sexenio en la que se utilice ca\u00f1a de az\u00facar o aceites de cocina.<\/p>\n","protected":false},"excerpt":{"rendered":"<p>La construcci\u00f3n de cuatro terminales a\u00e9reas regionales con un modelo de negocio p\u00fablico-privado en Ensenada, Baja California; Costalegre y Lagos<\/p>\n","protected":false},"author":4,"featured_media":69564,"comment_status":"closed","ping_status":"closed","sticky":false,"template":"","format":"standard","meta":{"colormag_page_container_layout":"default_layout","colormag_page_sidebar_layout":"default_layout","_jetpack_memberships_contains_paid_content":false,"footnotes":"","jetpack_publicize_message":"","jetpack_publicize_feature_enabled":true,"jetpack_social_post_already_shared":true,"jetpack_social_options":{"image_generator_settings":{"template":"highway","default_image_id":0,"font":"","enabled":false},"version":2}},"categories":[2050],"tags":[],"class_list":["post-69563","post","type-post","status-publish","format-standard","has-post-thumbnail","hentry","category-economia"],"jetpack_publicize_connections":[],"jetpack_featured_media_url":"https:\/\/i0.wp.com\/politicosaldesnudo.com.mx\/wp-content\/uploads\/2025\/08\/TERM.jpg?fit=776%2C515&ssl=1","jetpack-related-posts":[],"jetpack_sharing_enabled":true,"_links":{"self":[{"href":"https:\/\/politicosaldesnudo.com.mx\/index.php\/wp-json\/wp\/v2\/posts\/69563","targetHints":{"allow":["GET"]}}],"collection":[{"href":"https:\/\/politicosaldesnudo.com.mx\/index.php\/wp-json\/wp\/v2\/posts"}],"about":[{"href":"https:\/\/politicosaldesnudo.com.mx\/index.php\/wp-json\/wp\/v2\/types\/post"}],"author":[{"embeddable":true,"href":"https:\/\/politicosaldesnudo.com.mx\/index.php\/wp-json\/wp\/v2\/users\/4"}],"replies":[{"embeddable":true,"href":"https:\/\/politicosaldesnudo.com.mx\/index.php\/wp-json\/wp\/v2\/comments?post=69563"}],"version-history":[{"count":0,"href":"https:\/\/politicosaldesnudo.com.mx\/index.php\/wp-json\/wp\/v2\/posts\/69563\/revisions"}],"wp:featuredmedia":[{"embeddable":true,"href":"https:\/\/politicosaldesnudo.com.mx\/index.php\/wp-json\/wp\/v2\/media\/69564"}],"wp:attachment":[{"href":"https:\/\/politicosaldesnudo.com.mx\/index.php\/wp-json\/wp\/v2\/media?parent=69563"}],"wp:term":[{"taxonomy":"category","embeddable":true,"href":"https:\/\/politicosaldesnudo.com.mx\/index.php\/wp-json\/wp\/v2\/categories?post=69563"},{"taxonomy":"post_tag","embeddable":true,"href":"https:\/\/politicosaldesnudo.com.mx\/index.php\/wp-json\/wp\/v2\/tags?post=69563"}],"curies":[{"name":"wp","href":"https:\/\/api.w.org\/{rel}","templated":true}]}}