{"id":69569,"date":"2025-08-27T00:11:57","date_gmt":"2025-08-27T06:11:57","guid":{"rendered":"https:\/\/politicosaldesnudo.com.mx\/?p=69569"},"modified":"2025-08-26T21:59:08","modified_gmt":"2025-08-27T03:59:08","slug":"aranceles-de-eu-cambio-climatico-y-menor-cosecha-de-brasil-impulsan-alza-del-cafe","status":"publish","type":"post","link":"https:\/\/politicosaldesnudo.com.mx\/index.php\/2025\/08\/27\/aranceles-de-eu-cambio-climatico-y-menor-cosecha-de-brasil-impulsan-alza-del-cafe\/","title":{"rendered":"Aranceles de EU, cambio clim\u00e1tico y menor cosecha de Brasil impulsan alza del caf\u00e9"},"content":{"rendered":"<p>La imposici\u00f3n de aranceles por parte de Estados Unidos, el cambio clim\u00e1tico y una menor cosecha de Brasil est\u00e1n impulsando el alza de los precios del caf\u00e9, dijo el martes a Reuters la directora ejecutiva de la Organizaci\u00f3n Internacional del Caf\u00e9 (OIC), Vanusia Nogueira.<\/p>\n<p>La experta asegur\u00f3 que, pese a la tendencia al alza, los precios del caf\u00e9 enfrentan volatilidad y el mercado incertidumbre a medida que aumenta el consumo y se reducen los inventarios.<\/p>\n<p>\u201cEs el tema de la quiebra de la cosecha de Brasil, el anuncio de que no vamos a tener lo que se esperaba, que vamos a tener menos caf\u00e9, sumado a los eventos clim\u00e1ticos, adem\u00e1s de los aranceles\u201d, asegur\u00f3 Nogueira a Reuters en Bogot\u00e1, al margen de un encuentro en la Federaci\u00f3n Nacional de Cafeteros de Colombia.<\/p>\n<p>El presidente estadunidense Donald Trump, impuso aranceles diferenciales de entre 10 y 50 por ciento, afectando las exportaciones de caf\u00e9 a Estados Unidos desde los pa\u00edses productores y provocando incertidumbre en el mercado, seg\u00fan los expertos.<\/p>\n<p>Nogueira reconoci\u00f3 que la oferta mundial de caf\u00e9 afronta escasez por varios a\u00f1os de d\u00e9ficit de producci\u00f3n debido al impacto de las condiciones clim\u00e1ticas en regiones productoras clave, lo que ha provocado alzas en los precios.<\/p>\n<p>En Brasil, el mayor productor y exportador mundial de caf\u00e9, la cosecha ha sido menor a la esperada a consecuencia de problemas clim\u00e1ticos como las heladas, mientras que los granos registran un menor peso, lo que impactar\u00e1 el mercado, afirm\u00f3 Nogueira al asegurar que el consumo est\u00e1 creciendo.<\/p>\n<p>\u201cLos consumidores van a pagar, los consumidores quieren el caf\u00e9\u201d, dijo la experta al explicar que es dif\u00edcil pronosticar una normalizaci\u00f3n de la producci\u00f3n en Brasil.<\/p>\n<p>\u201cNo sabemos cu\u00e1ndo se va a normalizar la cosecha de Brasil, estamos teniendo eventos clim\u00e1ticos muy fuertes todos los a\u00f1os\u201d, concluy\u00f3.<\/p>\n","protected":false},"excerpt":{"rendered":"<p>La imposici\u00f3n de aranceles por parte de Estados Unidos, el cambio clim\u00e1tico y una menor cosecha de Brasil est\u00e1n impulsando<\/p>\n","protected":false},"author":4,"featured_media":69570,"comment_status":"closed","ping_status":"closed","sticky":false,"template":"","format":"standard","meta":{"colormag_page_container_layout":"default_layout","colormag_page_sidebar_layout":"default_layout","_jetpack_memberships_contains_paid_content":false,"footnotes":"","jetpack_publicize_message":"","jetpack_publicize_feature_enabled":true,"jetpack_social_post_already_shared":true,"jetpack_social_options":{"image_generator_settings":{"template":"highway","default_image_id":0,"font":"","enabled":false},"version":2}},"categories":[2050],"tags":[],"class_list":["post-69569","post","type-post","status-publish","format-standard","has-post-thumbnail","hentry","category-economia"],"jetpack_publicize_connections":[],"jetpack_featured_media_url":"https:\/\/i0.wp.com\/politicosaldesnudo.com.mx\/wp-content\/uploads\/2025\/08\/BR.jpg?fit=779%2C513&ssl=1","jetpack-related-posts":[],"jetpack_sharing_enabled":true,"_links":{"self":[{"href":"https:\/\/politicosaldesnudo.com.mx\/index.php\/wp-json\/wp\/v2\/posts\/69569","targetHints":{"allow":["GET"]}}],"collection":[{"href":"https:\/\/politicosaldesnudo.com.mx\/index.php\/wp-json\/wp\/v2\/posts"}],"about":[{"href":"https:\/\/politicosaldesnudo.com.mx\/index.php\/wp-json\/wp\/v2\/types\/post"}],"author":[{"embeddable":true,"href":"https:\/\/politicosaldesnudo.com.mx\/index.php\/wp-json\/wp\/v2\/users\/4"}],"replies":[{"embeddable":true,"href":"https:\/\/politicosaldesnudo.com.mx\/index.php\/wp-json\/wp\/v2\/comments?post=69569"}],"version-history":[{"count":0,"href":"https:\/\/politicosaldesnudo.com.mx\/index.php\/wp-json\/wp\/v2\/posts\/69569\/revisions"}],"wp:featuredmedia":[{"embeddable":true,"href":"https:\/\/politicosaldesnudo.com.mx\/index.php\/wp-json\/wp\/v2\/media\/69570"}],"wp:attachment":[{"href":"https:\/\/politicosaldesnudo.com.mx\/index.php\/wp-json\/wp\/v2\/media?parent=69569"}],"wp:term":[{"taxonomy":"category","embeddable":true,"href":"https:\/\/politicosaldesnudo.com.mx\/index.php\/wp-json\/wp\/v2\/categories?post=69569"},{"taxonomy":"post_tag","embeddable":true,"href":"https:\/\/politicosaldesnudo.com.mx\/index.php\/wp-json\/wp\/v2\/tags?post=69569"}],"curies":[{"name":"wp","href":"https:\/\/api.w.org\/{rel}","templated":true}]}}