{"id":69575,"date":"2025-08-27T00:13:08","date_gmt":"2025-08-27T06:13:08","guid":{"rendered":"https:\/\/politicosaldesnudo.com.mx\/?p=69575"},"modified":"2025-08-26T22:03:18","modified_gmt":"2025-08-27T04:03:18","slug":"edomex-con-respaldo-politico-absoluto-a-presidenta-sheinbaum-horacio-duarte","status":"publish","type":"post","link":"https:\/\/politicosaldesnudo.com.mx\/index.php\/2025\/08\/27\/edomex-con-respaldo-politico-absoluto-a-presidenta-sheinbaum-horacio-duarte\/","title":{"rendered":"Edomex con respaldo pol\u00edtico absoluto a presidenta Sheinbaum: Horacio Duarte"},"content":{"rendered":"<p class=\"nota-justify\">El Estado de M\u00e9xico, liderado por la gobernadora Delfina G\u00f3mez, respaldar\u00e1 y acompa\u00f1ar\u00e1 en su totalidad las iniciativas que la presidenta Claudia Sheinbaum impulsar\u00e1 en el pr\u00f3ximo Periodo Ordinario de Sesiones del Congreso de la Uni\u00f3n. As\u00ed lo se\u00f1al\u00f3 Horacio Duarte, Secretario General de Gobierno del EdoM\u00e9x durante su reuni\u00f3n con Ricardo Monreal, Coordinador de la Jucopo y del Grupo Parlamentario de Morena, al que tambi\u00e9n asistieron diputadas y diputados federales mexiquenses.<\/p>\n<p class=\"nota-justify\">\u201cHemos planteado siempre apoyar, empujar, sin recato, las iniciativas de la Presidenta Claudia Sheinbaum Pardo y de esa manera mantener esta l\u00f3gica de la Construcci\u00f3n del Segundo Piso de la Cuarta Transformaci\u00f3n\u201d, se\u00f1al\u00f3 Horacio Duarte.<\/p>\n<p class=\"nota-justify\">Al respecto, el Diputado Ricardo Monreal record\u00f3 que, por unanimidad, se determin\u00f3 considerar prioritarias las propuestas de la Presidenta Claudia Sheinbaum:<\/p>\n<p class=\"nota-justify\">\u201cEstamos aqu\u00ed para ser aliados firmes y garantizar que los prop\u00f3sitos trazados se conviertan en realidades para el bienestar del pueblo mexiquense\u201d, asever\u00f3.<\/p>\n<p class=\"nota-justify\">En la reuni\u00f3n, la bancada federal mexiquense asumi\u00f3 el compromiso de sacar adelante iniciativas y reformas: desde cambios al art\u00edculo 73 constitucional en materia de extorsi\u00f3n, hasta ajustes en la Ley de Amparo, el C\u00f3digo penal, la Ley de Delincuencia organizada y de Salud.<\/p>\n<p class=\"nota-justify\">Cabe destacar que Duarte Olivares fue el \u00fanico representante del llamado Grupo Texcoco en la reuni\u00f3n, ratificando as\u00ed la presencia pol\u00edtica de la gobernadora Delfina G\u00f3mez.<\/p>\n","protected":false},"excerpt":{"rendered":"<p>El Estado de M\u00e9xico, liderado por la gobernadora Delfina G\u00f3mez, respaldar\u00e1 y acompa\u00f1ar\u00e1 en su totalidad las iniciativas que la<\/p>\n","protected":false},"author":4,"featured_media":69576,"comment_status":"closed","ping_status":"closed","sticky":false,"template":"","format":"standard","meta":{"colormag_page_container_layout":"default_layout","colormag_page_sidebar_layout":"default_layout","_jetpack_memberships_contains_paid_content":false,"footnotes":"","jetpack_publicize_message":"","jetpack_publicize_feature_enabled":true,"jetpack_social_post_already_shared":true,"jetpack_social_options":{"image_generator_settings":{"template":"highway","default_image_id":0,"font":"","enabled":false},"version":2}},"categories":[30],"tags":[],"class_list":["post-69575","post","type-post","status-publish","format-standard","has-post-thumbnail","hentry","category-estados"],"jetpack_publicize_connections":[],"jetpack_featured_media_url":"https:\/\/i0.wp.com\/politicosaldesnudo.com.mx\/wp-content\/uploads\/2025\/08\/PUPAL.jpg?fit=720%2C506&ssl=1","jetpack-related-posts":[],"jetpack_sharing_enabled":true,"_links":{"self":[{"href":"https:\/\/politicosaldesnudo.com.mx\/index.php\/wp-json\/wp\/v2\/posts\/69575","targetHints":{"allow":["GET"]}}],"collection":[{"href":"https:\/\/politicosaldesnudo.com.mx\/index.php\/wp-json\/wp\/v2\/posts"}],"about":[{"href":"https:\/\/politicosaldesnudo.com.mx\/index.php\/wp-json\/wp\/v2\/types\/post"}],"author":[{"embeddable":true,"href":"https:\/\/politicosaldesnudo.com.mx\/index.php\/wp-json\/wp\/v2\/users\/4"}],"replies":[{"embeddable":true,"href":"https:\/\/politicosaldesnudo.com.mx\/index.php\/wp-json\/wp\/v2\/comments?post=69575"}],"version-history":[{"count":0,"href":"https:\/\/politicosaldesnudo.com.mx\/index.php\/wp-json\/wp\/v2\/posts\/69575\/revisions"}],"wp:featuredmedia":[{"embeddable":true,"href":"https:\/\/politicosaldesnudo.com.mx\/index.php\/wp-json\/wp\/v2\/media\/69576"}],"wp:attachment":[{"href":"https:\/\/politicosaldesnudo.com.mx\/index.php\/wp-json\/wp\/v2\/media?parent=69575"}],"wp:term":[{"taxonomy":"category","embeddable":true,"href":"https:\/\/politicosaldesnudo.com.mx\/index.php\/wp-json\/wp\/v2\/categories?post=69575"},{"taxonomy":"post_tag","embeddable":true,"href":"https:\/\/politicosaldesnudo.com.mx\/index.php\/wp-json\/wp\/v2\/tags?post=69575"}],"curies":[{"name":"wp","href":"https:\/\/api.w.org\/{rel}","templated":true}]}}