{"id":69578,"date":"2025-08-27T00:14:04","date_gmt":"2025-08-27T06:14:04","guid":{"rendered":"https:\/\/politicosaldesnudo.com.mx\/?p=69578"},"modified":"2025-08-26T22:05:18","modified_gmt":"2025-08-27T04:05:18","slug":"comision-de-derechos-humanos-de-bc-pide-proteccion-para-periodista-jorge-heras","status":"publish","type":"post","link":"https:\/\/politicosaldesnudo.com.mx\/index.php\/2025\/08\/27\/comision-de-derechos-humanos-de-bc-pide-proteccion-para-periodista-jorge-heras\/","title":{"rendered":"Comisi\u00f3n de Derechos Humanos de BC pide protecci\u00f3n para periodista Jorge Heras"},"content":{"rendered":"<p class=\"nota-justify\">La Comisi\u00f3n Estatal de los Derechos Humanos de Baja California (Cedhbc) abri\u00f3 un expediente de investigaci\u00f3n y solicit\u00f3 de manera urgente a las autoridades estatales la implementaci\u00f3n de medidas de protecci\u00f3n para el periodista Jorge Heras, quien fue v\u00edctima de una agresi\u00f3n f\u00edsica en su centro de trabajo en Mexicali.<\/p>\n<p class=\"nota-justify\">El organismo defensor subray\u00f3 la imperiosa necesidad de garantizar la seguridad del comunicador, quien colabora para medios como Ciudad Capital, N+ y Lindero Norte; asimismo ha colaborado en distintas \u00e9pocas con esta casa editorial. La CEDHBC requiri\u00f3 formalmente a la Fiscal\u00eda General del Estado (FGE) el esclarecimiento de los hechos para garantizar el acceso a la justicia y evitar la impunidad.<\/p>\n<p class=\"nota-justify\">\u201cEs una agresi\u00f3n directa hacia el trabajo period\u00edstico que hacemos. Y digo hacemos porque lo hacemos en Lindero Norte y lo hago en otros medios\u2026 hemos denunciado a la Patrulla Espiritual (una organizaci\u00f3n que priva de la libertad a adictos a las drogas para obligarlos a rehabilitarse)\u201d dijo Heras despu\u00e9s de la agresi\u00f3n; sin embargo ha hecho denuncias de presuntas complicidades de instituciones como la Fiscal\u00eda General del Estado y la Fuerza Estatal de Seguridad Ciudadana (FESC).<\/p>\n<p class=\"nota-justify\">Heras se refiri\u00f3 espec\u00edficamente a una investigaci\u00f3n donde present\u00f3 pruebas sobre c\u00f3mo \u00abse filtra una orden directa desde los altos mandos de la Fuerza Estatal de Seguridad Ciudadana (FESC) para atacar y silenciar a medios de comunicaci\u00f3n y periodistas en Baja California\u00bb. Dicha investigaci\u00f3n inclu\u00eda capturas de pantalla de grupos de WhatsApp donde un Teniente Coronel de la FESC instru\u00eda a sus agentes para realizar reportes masivos en contra de las p\u00e1ginas de Facebook de Lindero Norte, Ciudad Capital y del propio Heras.<\/p>\n<p class=\"nota-justify\">El ataque ocurre en un contexto donde la Fiscal\u00eda del Estado ha sido se\u00f1alada por el mismo Heras por \u00abdesviar la mirada\u00bb ante la ola de violencia en el sector pesquero, \u00abdescartando la conexi\u00f3n entre los casos y reservando informaci\u00f3n clave\u00bb.<\/p>\n<p class=\"nota-justify\">La Comisi\u00f3n Estatal de Derechos Humanos (CEDHBC) ya abri\u00f3 un expediente y solicit\u00f3 medidas de protecci\u00f3n urgentes para el periodista, mientras que la clase pol\u00edtica en su conjunto -incluyendo a la gobernadora Marina Del Pilar, la diputada Araceli Geraldo y la alcaldesa Norma Bustamante- ha condenado un\u00e1nimemente la agresi\u00f3n. En el gremio period\u00edstico hay una ola de indignaci\u00f3n y preocupaci\u00f3n por la seguridad de uno de sus compa\u00f1eros.<\/p>\n<p>Heras, quien presenta lesiones en el rostro y el cuerpo, certific\u00f3 sus lesiones ante la Fiscal\u00eda mientras la comunidad period\u00edstica exige justicia por un ataque que busca silenciar las investigaciones sobre cobro de piso y complicidad institucional en Baja California.<\/p>\n","protected":false},"excerpt":{"rendered":"<p>La Comisi\u00f3n Estatal de los Derechos Humanos de Baja California (Cedhbc) abri\u00f3 un expediente de investigaci\u00f3n y solicit\u00f3 de manera<\/p>\n","protected":false},"author":4,"featured_media":69579,"comment_status":"closed","ping_status":"closed","sticky":false,"template":"","format":"standard","meta":{"colormag_page_container_layout":"default_layout","colormag_page_sidebar_layout":"default_layout","_jetpack_memberships_contains_paid_content":false,"footnotes":"","jetpack_publicize_message":"","jetpack_publicize_feature_enabled":true,"jetpack_social_post_already_shared":true,"jetpack_social_options":{"image_generator_settings":{"template":"highway","default_image_id":0,"font":"","enabled":false},"version":2}},"categories":[30],"tags":[],"class_list":["post-69578","post","type-post","status-publish","format-standard","has-post-thumbnail","hentry","category-estados"],"jetpack_publicize_connections":[],"jetpack_featured_media_url":"https:\/\/i0.wp.com\/politicosaldesnudo.com.mx\/wp-content\/uploads\/2025\/08\/PUTDO.jpg?fit=778%2C505&ssl=1","jetpack-related-posts":[],"jetpack_sharing_enabled":true,"_links":{"self":[{"href":"https:\/\/politicosaldesnudo.com.mx\/index.php\/wp-json\/wp\/v2\/posts\/69578","targetHints":{"allow":["GET"]}}],"collection":[{"href":"https:\/\/politicosaldesnudo.com.mx\/index.php\/wp-json\/wp\/v2\/posts"}],"about":[{"href":"https:\/\/politicosaldesnudo.com.mx\/index.php\/wp-json\/wp\/v2\/types\/post"}],"author":[{"embeddable":true,"href":"https:\/\/politicosaldesnudo.com.mx\/index.php\/wp-json\/wp\/v2\/users\/4"}],"replies":[{"embeddable":true,"href":"https:\/\/politicosaldesnudo.com.mx\/index.php\/wp-json\/wp\/v2\/comments?post=69578"}],"version-history":[{"count":0,"href":"https:\/\/politicosaldesnudo.com.mx\/index.php\/wp-json\/wp\/v2\/posts\/69578\/revisions"}],"wp:featuredmedia":[{"embeddable":true,"href":"https:\/\/politicosaldesnudo.com.mx\/index.php\/wp-json\/wp\/v2\/media\/69579"}],"wp:attachment":[{"href":"https:\/\/politicosaldesnudo.com.mx\/index.php\/wp-json\/wp\/v2\/media?parent=69578"}],"wp:term":[{"taxonomy":"category","embeddable":true,"href":"https:\/\/politicosaldesnudo.com.mx\/index.php\/wp-json\/wp\/v2\/categories?post=69578"},{"taxonomy":"post_tag","embeddable":true,"href":"https:\/\/politicosaldesnudo.com.mx\/index.php\/wp-json\/wp\/v2\/tags?post=69578"}],"curies":[{"name":"wp","href":"https:\/\/api.w.org\/{rel}","templated":true}]}}