{"id":69581,"date":"2025-08-27T00:15:04","date_gmt":"2025-08-27T06:15:04","guid":{"rendered":"https:\/\/politicosaldesnudo.com.mx\/?p=69581"},"modified":"2025-08-26T22:07:14","modified_gmt":"2025-08-27T04:07:14","slug":"registra-yucatan-sus-mejores-mediciones-de-empleo-e-inflacion-en-cuatro-anos","status":"publish","type":"post","link":"https:\/\/politicosaldesnudo.com.mx\/index.php\/2025\/08\/27\/registra-yucatan-sus-mejores-mediciones-de-empleo-e-inflacion-en-cuatro-anos\/","title":{"rendered":"Registra Yucat\u00e1n sus mejores mediciones de empleo e inflaci\u00f3n en cuatro a\u00f1os"},"content":{"rendered":"<p class=\"nota-justify\">Yucat\u00e1n alcanz\u00f3, en la primera quincena de agosto, una ocupaci\u00f3n laboral del 97.4% y una inflaci\u00f3n anual de 3.9 por ciento, los mejores niveles de los \u00faltimos cuatro a\u00f1os, report\u00f3 hoy el titular de la Secretar\u00eda de Econom\u00eda y Trabajo (SETY), Ermilo Barrera Novelo.<\/p>\n<p class=\"nota-justify\">\u201cLos resultados reflejan un crecimiento econ\u00f3mico sostenido, acompa\u00f1ado de condiciones de estabilidad que fortalecen la confianza en el futuro del estado\u201d, afirm\u00f3 el funcionario con base en datos recientes del Instituto Nacional de Estad\u00edstica y Geograf\u00eda (Inegi).<\/p>\n<p class=\"nota-justify\">De acuerdo con el Inegi, durante el primer trimestre de 2025 la econom\u00eda yucateca creci\u00f3 2.12 por ciento en series desestacionalizadas, frente al 0.30 por ciento nacional, lo que coloc\u00f3 al estado dentro del top 10 de mayor dinamismo.<\/p>\n<p class=\"nota-justify\">Adem\u00e1s, las actividades terciarias \u2014como comercio y servicios\u2014 avanzaron 2.67 por ciento frente al 1.30 por ciento nacional, posicionando a Yucat\u00e1n en el tercer lugar del pa\u00eds.<\/p>\n<p class=\"nota-justify\">En cuanto al mercado laboral, la Encuesta Nacional de Ocupaci\u00f3n y Empleo (ENOE) indica que la tasa de ocupaci\u00f3n en Yucat\u00e1n alcanz\u00f3 en junio un 97.4 por ciento, lo que demuestra la integraci\u00f3n s\u00f3lida de la poblaci\u00f3n econ\u00f3micamente activa.<\/p>\n<p class=\"nota-justify\">Por otra parte, en materia de precios, el estado logr\u00f3 ubicarse por debajo de la media nacional en inflaci\u00f3n mensual durante gran parte del segundo trimestre de 2025, un comportamiento que no se observaba desde finales de 2020 e inicios de 2021.<\/p>\n<p class=\"nota-justify\">Asimismo, el Indicador Trimestral de la Actividad Econ\u00f3mica Estatal (ITAEE) del Inegi destaca que Yucat\u00e1n combina diversificaci\u00f3n productiva, control de la inflaci\u00f3n y crecimiento en servicios, fortaleciendo las bases de su desarrollo econ\u00f3mico.<\/p>\n<p class=\"nota-justify\">\u201cLos datos confirman que, aun frente a retos coyunturales, Yucat\u00e1n mantiene un desempe\u00f1o econ\u00f3mico s\u00f3lido. La diversificaci\u00f3n de actividades productivas, el control de la inflaci\u00f3n y el crecimiento sostenido en servicios son se\u00f1ales de una econom\u00eda fuerte y con capacidad de adaptaci\u00f3n\u201d, sostuvo Barrera Novelo.<\/p>\n","protected":false},"excerpt":{"rendered":"<p>Yucat\u00e1n alcanz\u00f3, en la primera quincena de agosto, una ocupaci\u00f3n laboral del 97.4% y una inflaci\u00f3n anual de 3.9 por<\/p>\n","protected":false},"author":4,"featured_media":69582,"comment_status":"closed","ping_status":"closed","sticky":false,"template":"","format":"standard","meta":{"colormag_page_container_layout":"default_layout","colormag_page_sidebar_layout":"default_layout","_jetpack_memberships_contains_paid_content":false,"footnotes":"","jetpack_publicize_message":"","jetpack_publicize_feature_enabled":true,"jetpack_social_post_already_shared":true,"jetpack_social_options":{"image_generator_settings":{"template":"highway","default_image_id":0,"font":"","enabled":false},"version":2}},"categories":[30],"tags":[],"class_list":["post-69581","post","type-post","status-publish","format-standard","has-post-thumbnail","hentry","category-estados"],"jetpack_publicize_connections":[],"jetpack_featured_media_url":"https:\/\/i0.wp.com\/politicosaldesnudo.com.mx\/wp-content\/uploads\/2025\/08\/CONTNTS.jpg?fit=777%2C515&ssl=1","jetpack-related-posts":[],"jetpack_sharing_enabled":true,"_links":{"self":[{"href":"https:\/\/politicosaldesnudo.com.mx\/index.php\/wp-json\/wp\/v2\/posts\/69581","targetHints":{"allow":["GET"]}}],"collection":[{"href":"https:\/\/politicosaldesnudo.com.mx\/index.php\/wp-json\/wp\/v2\/posts"}],"about":[{"href":"https:\/\/politicosaldesnudo.com.mx\/index.php\/wp-json\/wp\/v2\/types\/post"}],"author":[{"embeddable":true,"href":"https:\/\/politicosaldesnudo.com.mx\/index.php\/wp-json\/wp\/v2\/users\/4"}],"replies":[{"embeddable":true,"href":"https:\/\/politicosaldesnudo.com.mx\/index.php\/wp-json\/wp\/v2\/comments?post=69581"}],"version-history":[{"count":0,"href":"https:\/\/politicosaldesnudo.com.mx\/index.php\/wp-json\/wp\/v2\/posts\/69581\/revisions"}],"wp:featuredmedia":[{"embeddable":true,"href":"https:\/\/politicosaldesnudo.com.mx\/index.php\/wp-json\/wp\/v2\/media\/69582"}],"wp:attachment":[{"href":"https:\/\/politicosaldesnudo.com.mx\/index.php\/wp-json\/wp\/v2\/media?parent=69581"}],"wp:term":[{"taxonomy":"category","embeddable":true,"href":"https:\/\/politicosaldesnudo.com.mx\/index.php\/wp-json\/wp\/v2\/categories?post=69581"},{"taxonomy":"post_tag","embeddable":true,"href":"https:\/\/politicosaldesnudo.com.mx\/index.php\/wp-json\/wp\/v2\/tags?post=69581"}],"curies":[{"name":"wp","href":"https:\/\/api.w.org\/{rel}","templated":true}]}}