{"id":69587,"date":"2025-08-27T00:17:27","date_gmt":"2025-08-27T06:17:27","guid":{"rendered":"https:\/\/politicosaldesnudo.com.mx\/?p=69587"},"modified":"2025-08-26T22:12:38","modified_gmt":"2025-08-27T04:12:38","slug":"venezuela-pide-a-onu-garantias-de-que-eu-no-desplegara-armas-nucleares-en-el-caribe","status":"publish","type":"post","link":"https:\/\/politicosaldesnudo.com.mx\/index.php\/2025\/08\/27\/venezuela-pide-a-onu-garantias-de-que-eu-no-desplegara-armas-nucleares-en-el-caribe\/","title":{"rendered":"Venezuela pide a ONU garant\u00edas de que EU no desplegar\u00e1 armas nucleares en el Caribe"},"content":{"rendered":"<p class=\"nota-justify\">El gobierno de Venezuela demand\u00f3, mediante una nota enviada a todas las misiones diplom\u00e1ticas representadas en la Organizaci\u00f3n de las Naciones Unidas (ONU), que se den \u201cgarant\u00edas claras y verificables\u201d de que Estados Unidos no desplegar\u00e1 ni amenazar\u00e1 con usar armas nucleares en la regi\u00f3n.<\/p>\n<p class=\"nota-justify\">La comunicaci\u00f3n fechada este martes en la sede de la ONU en Nueva York responde a las informaciones sobre el aumento del despliegue militar estadunidense en el Caribe con la movilizaci\u00f3n del buque\u00a0<i>Lake Erie<\/i>, un crucero de misiles guiados, y el\u00a0<i>Newport News<\/i>, un submarino de ataque r\u00e1pido de propulsi\u00f3n nuclear<\/p>\n<p class=\"nota-justify\">Este contingente se suma a otras tres embarcaciones de guerra que, seg\u00fan fuentes citadas por Reuters, transportan a 4 mil 500 militares, incluidos 2 mil 200 marines con el objetivo de combatir \u201corganizaciones narcoterroristas\u201d.<\/p>\n<p class=\"nota-justify\">El ministro de Defensa, general Vladimir Padrino L\u00f3pez, inform\u00f3 sobre el inicio de un despliegue operacional de 15 mil efectivos de la Fuerza Armada Nacional Bolivariana en los estados T\u00e1chira y Zulia, que comprenden 851 km de los 2 mil 219 km de l\u00ednea fronteriza con Colombia.<\/p>\n<p class=\"nota-justify\">Esta movilizaci\u00f3n est\u00e1 destinada a reforzar una gran operaci\u00f3n que se despleg\u00f3 a principio de este 2025 en la regi\u00f3n del sur del Lago de Maracaibo denominada \u00abOperaci\u00f3n Rel\u00e1mpago del Catatumbo\u00bb. Incluye 60 Unidades de Reacci\u00f3n R\u00e1pida (Urra), 30 en T\u00e1chira y 30 en Zulia, cada una conformada por 250 hombres, lo cual suma 15 mil combatientes.<\/p>\n<p class=\"nota-justify\">El despliegue se realiza por corredores a\u00e9reos con el uso de drones, incluye puntos de vigilancia, inteligencia y exploraci\u00f3n, recorridos fluviales con la infanter\u00eda de marina en los r\u00edos que van desde T\u00e1chira hasta Zulia, patrullas navales en el Lago de Maracaibo y el Golfo de Venezuela, as\u00ed como buques de mayor dimensi\u00f3n \u00abm\u00e1s al norte en las aguas territoriales\u00bb, dijo Padrino.<\/p>\n<p class=\"nota-justify\">El canciller, Yv\u00e1n Gil, se reuni\u00f3 con el coordinador residente de la ONU en ese pa\u00eds, Gianluca Rampolla, y entre otros temas discutieron sobre las amenazas que enfrenta la regi\u00f3n por parte de Estados Unidos, inform\u00f3 Gil en redes sociales.<\/p>\n<p class=\"nota-justify\">En esa reuni\u00f3n Venezuela traslad\u00f3 a la ONU su preocupaci\u00f3n ante el despliegue de unidades militares estadunidenses, incluyendo armas nucleares, en el Caribe, enfatizando que estas acciones representan un atentado contra la paz de la regi\u00f3n.<\/p>\n<p class=\"nota-justify\">\u201cSolicitamos el apoyo del Secretario General de la ONU, Antonio Guterres, para restablecer la sensatez\u201d, indic\u00f3 Gil<\/p>\n<p class=\"nota-justify\">Venezuela califica las acusaciones de Estados Unidos sobre la supuesta participaci\u00f3n de altos funcionarios venezolanos en una organizaci\u00f3n \u201cnarcoterrorista\u201d denominada Cartel de los Soles como \u201cfalsas narrativas\u201d y un \u201cpretexto para justificar agresiones contra Venezuela\u201d.<\/p>\n","protected":false},"excerpt":{"rendered":"<p>El gobierno de Venezuela demand\u00f3, mediante una nota enviada a todas las misiones diplom\u00e1ticas representadas en la Organizaci\u00f3n de las<\/p>\n","protected":false},"author":4,"featured_media":69588,"comment_status":"closed","ping_status":"closed","sticky":false,"template":"","format":"standard","meta":{"colormag_page_container_layout":"default_layout","colormag_page_sidebar_layout":"default_layout","_jetpack_memberships_contains_paid_content":false,"footnotes":"","jetpack_publicize_message":"","jetpack_publicize_feature_enabled":true,"jetpack_social_post_already_shared":true,"jetpack_social_options":{"image_generator_settings":{"template":"highway","default_image_id":0,"font":"","enabled":false},"version":2}},"categories":[28],"tags":[],"class_list":["post-69587","post","type-post","status-publish","format-standard","has-post-thumbnail","hentry","category-internacional"],"jetpack_publicize_connections":[],"jetpack_featured_media_url":"https:\/\/i0.wp.com\/politicosaldesnudo.com.mx\/wp-content\/uploads\/2025\/08\/VEN.jpg?fit=676%2C575&ssl=1","jetpack-related-posts":[],"jetpack_sharing_enabled":true,"_links":{"self":[{"href":"https:\/\/politicosaldesnudo.com.mx\/index.php\/wp-json\/wp\/v2\/posts\/69587","targetHints":{"allow":["GET"]}}],"collection":[{"href":"https:\/\/politicosaldesnudo.com.mx\/index.php\/wp-json\/wp\/v2\/posts"}],"about":[{"href":"https:\/\/politicosaldesnudo.com.mx\/index.php\/wp-json\/wp\/v2\/types\/post"}],"author":[{"embeddable":true,"href":"https:\/\/politicosaldesnudo.com.mx\/index.php\/wp-json\/wp\/v2\/users\/4"}],"replies":[{"embeddable":true,"href":"https:\/\/politicosaldesnudo.com.mx\/index.php\/wp-json\/wp\/v2\/comments?post=69587"}],"version-history":[{"count":0,"href":"https:\/\/politicosaldesnudo.com.mx\/index.php\/wp-json\/wp\/v2\/posts\/69587\/revisions"}],"wp:featuredmedia":[{"embeddable":true,"href":"https:\/\/politicosaldesnudo.com.mx\/index.php\/wp-json\/wp\/v2\/media\/69588"}],"wp:attachment":[{"href":"https:\/\/politicosaldesnudo.com.mx\/index.php\/wp-json\/wp\/v2\/media?parent=69587"}],"wp:term":[{"taxonomy":"category","embeddable":true,"href":"https:\/\/politicosaldesnudo.com.mx\/index.php\/wp-json\/wp\/v2\/categories?post=69587"},{"taxonomy":"post_tag","embeddable":true,"href":"https:\/\/politicosaldesnudo.com.mx\/index.php\/wp-json\/wp\/v2\/tags?post=69587"}],"curies":[{"name":"wp","href":"https:\/\/api.w.org\/{rel}","templated":true}]}}