{"id":69590,"date":"2025-08-27T00:18:26","date_gmt":"2025-08-27T06:18:26","guid":{"rendered":"https:\/\/politicosaldesnudo.com.mx\/?p=69590"},"modified":"2025-08-26T22:14:43","modified_gmt":"2025-08-27T04:14:43","slug":"al-menos-350-mil-protestan-en-tel-aviv-piden-a-israel-aceptar-acuerdo-para-liberar-rehenes-en-gaza","status":"publish","type":"post","link":"https:\/\/politicosaldesnudo.com.mx\/index.php\/2025\/08\/27\/al-menos-350-mil-protestan-en-tel-aviv-piden-a-israel-aceptar-acuerdo-para-liberar-rehenes-en-gaza\/","title":{"rendered":"Al menos 350 mil protestan en Tel Aviv; piden a Israel aceptar acuerdo para liberar rehenes en Gaza"},"content":{"rendered":"<p class=\"nota-justify\">Al menos 350 mil manifestantes israel\u00edes protestaron este martes en la Plaza de los Rehenes, para exigir que su gobierno acepte el acuerdo para liberar a los rehenes cautivos en Gaza y un alto al fuego al conflicto contra Palestina, inform\u00f3\u00a0<i>The Times of Israel.\u00a0<\/i><\/p>\n<p class=\"nota-justify\">Los protestantes convocados por el Foro de Familiares de Rehenes y Desaparecidos, bloquearon una de las principales autopistas de la ciudad antes de concentrarse en la Plaza de los Rehenes, donde la protesta inici\u00f3 a las 6:30 hora local.<\/p>\n<p class=\"nota-justify\">\u201cEsta es la lucha m\u00e1s moral y humanitaria que existe\u201d, afirm\u00f3 el actor Lior Ashkenazi, al llamar a los manifestantes a seguir en las calles a luchar. \u201c\u00a1Ya basta de ser educados!\u201d, a\u00f1adi\u00f3.<\/p>\n<p class=\"nota-justify\">Los asistentes a la manifestaci\u00f3n se unieron a los organizadores del Foro para cantar el himno nacional de Israel al concluir la protesta.<\/p>\n<p class=\"nota-justify\">La polic\u00eda no ofreci\u00f3 de inmediato una estimaci\u00f3n propia del tama\u00f1o de la multitud. El pasado 17 de agosto los organizadores reportaron cerca de 500 mil asistentes israel\u00edes en una protesta similar.<\/p>\n<p>&nbsp;<\/p>\n","protected":false},"excerpt":{"rendered":"<p>Al menos 350 mil manifestantes israel\u00edes protestaron este martes en la Plaza de los Rehenes, para exigir que su gobierno<\/p>\n","protected":false},"author":4,"featured_media":69591,"comment_status":"closed","ping_status":"closed","sticky":false,"template":"","format":"standard","meta":{"colormag_page_container_layout":"default_layout","colormag_page_sidebar_layout":"default_layout","_jetpack_memberships_contains_paid_content":false,"footnotes":"","jetpack_publicize_message":"","jetpack_publicize_feature_enabled":true,"jetpack_social_post_already_shared":true,"jetpack_social_options":{"image_generator_settings":{"template":"highway","default_image_id":0,"font":"","enabled":false},"version":2}},"categories":[28],"tags":[],"class_list":["post-69590","post","type-post","status-publish","format-standard","has-post-thumbnail","hentry","category-internacional"],"jetpack_publicize_connections":[],"jetpack_featured_media_url":"https:\/\/i0.wp.com\/politicosaldesnudo.com.mx\/wp-content\/uploads\/2025\/08\/TELA.jpg?fit=776%2C507&ssl=1","jetpack-related-posts":[],"jetpack_sharing_enabled":true,"_links":{"self":[{"href":"https:\/\/politicosaldesnudo.com.mx\/index.php\/wp-json\/wp\/v2\/posts\/69590","targetHints":{"allow":["GET"]}}],"collection":[{"href":"https:\/\/politicosaldesnudo.com.mx\/index.php\/wp-json\/wp\/v2\/posts"}],"about":[{"href":"https:\/\/politicosaldesnudo.com.mx\/index.php\/wp-json\/wp\/v2\/types\/post"}],"author":[{"embeddable":true,"href":"https:\/\/politicosaldesnudo.com.mx\/index.php\/wp-json\/wp\/v2\/users\/4"}],"replies":[{"embeddable":true,"href":"https:\/\/politicosaldesnudo.com.mx\/index.php\/wp-json\/wp\/v2\/comments?post=69590"}],"version-history":[{"count":0,"href":"https:\/\/politicosaldesnudo.com.mx\/index.php\/wp-json\/wp\/v2\/posts\/69590\/revisions"}],"wp:featuredmedia":[{"embeddable":true,"href":"https:\/\/politicosaldesnudo.com.mx\/index.php\/wp-json\/wp\/v2\/media\/69591"}],"wp:attachment":[{"href":"https:\/\/politicosaldesnudo.com.mx\/index.php\/wp-json\/wp\/v2\/media?parent=69590"}],"wp:term":[{"taxonomy":"category","embeddable":true,"href":"https:\/\/politicosaldesnudo.com.mx\/index.php\/wp-json\/wp\/v2\/categories?post=69590"},{"taxonomy":"post_tag","embeddable":true,"href":"https:\/\/politicosaldesnudo.com.mx\/index.php\/wp-json\/wp\/v2\/tags?post=69590"}],"curies":[{"name":"wp","href":"https:\/\/api.w.org\/{rel}","templated":true}]}}