{"id":69635,"date":"2025-08-28T00:09:07","date_gmt":"2025-08-28T06:09:07","guid":{"rendered":"https:\/\/politicosaldesnudo.com.mx\/?p=69635"},"modified":"2025-08-27T22:09:29","modified_gmt":"2025-08-28T04:09:29","slug":"mexico-y-brasil-con-mayor-fortaleza-al-reconocerse-como-socios-sre","status":"publish","type":"post","link":"https:\/\/politicosaldesnudo.com.mx\/index.php\/2025\/08\/28\/mexico-y-brasil-con-mayor-fortaleza-al-reconocerse-como-socios-sre\/","title":{"rendered":"M\u00e9xico y Brasil con mayor fortaleza al reconocerse como socios: SRE"},"content":{"rendered":"<p>Al reconocerse M\u00e9xico y Brasil como socios complementarios, las dos naciones se fortalecen y tienen mayor capacidad ante el panorama internacional, se\u00f1al\u00f3 Juan Ram\u00f3n de la Fuente, titular de la Secretar\u00eda de Relaciones Exteriores (SRE) ante empresarios de los dos pa\u00edses.<\/p>\n<p>\u201cEl legado de las coincidencias y la visi\u00f3n compartida de la presidenta Claudia Sheinbaum Pardo y del presidente Luiz In\u00e1cio Lula da Silva debe trascender en nuestra regi\u00f3n y en el tiempo para alcanzar una mayor autonom\u00eda y fortalecer nuestras capacidades\u201d, se\u00f1al\u00f3 el funcionario al participar en la Clausura del Foro Empresarial M\u00e9xico-Brasil.<\/p>\n<p>El canciller consider\u00f3 que en la ruta compartida por ambas naciones se impulsar\u00e1 la diversificaci\u00f3n, la transici\u00f3n energ\u00e9tica, la protecci\u00f3n sanitaria y ambiental, as\u00ed como la inclusi\u00f3n social.<\/p>\n<p>Reconoci\u00f3 que el sector empresarial de ambas naciones mostr\u00f3 inter\u00e9s por fortalecer y estrechar las relaciones econ\u00f3micas. \u201cReconocernos como socios complementarios nos fortalece y otorga mayor capacidad en el escenario internacional\u201d, dijo.<\/p>\n<p>De la Fuente apunt\u00f3 que M\u00e9xico y Brasil pueden aprovechar todas las ventajas del Plan M\u00e9xico, en particular, la posibilidad de crear cadenas de valor comunes, impulsar la innovaci\u00f3n y la integraci\u00f3n.<\/p>\n<p>Geraldo Alckmin, vicepresidente de la Rep\u00fablica Federativa de Brasil, subray\u00f3 que el pa\u00eds sudamericano no quiere peleas con nadie, sino fortalecer los lazos con M\u00e9xico.<\/p>\n<p>Abund\u00f3 que el gobierno de Lula da Silva busca incrementar el comercio, ampliar el mercado y avanzar en materia cient\u00edfica y tecnol\u00f3gica.<\/p>\n<p>Despu\u00e9s de recordar que el Acuerdo de Complementaci\u00f3n Econ\u00f3mica M\u00e9xico-Brasil, el AC 53, abarca 13 por ciento del universo productivo, el vicepresidente coment\u00f3 que el intercambio comercial alcanza un valor de 14 mil millones de d\u00f3lares, pero se busca incrementar esa cifra.<\/p>\n<p>Marcelo Ebrard Casaub\u00f3n, titular de la Secretar\u00eda de Econom\u00eda (SE), coment\u00f3 que en estos dos d\u00edas de trabajo con la delegaci\u00f3n brasile\u00f1a, as\u00ed como empresarios de ambas naciones, se observ\u00f3 un avance \u201cen cuestiones que nos ocupan y nos preocupan a ambos pa\u00edses\u201d.<\/p>\n<p>Sergio Contreras, presidente del Consejo Empresarial Mexicano de Comercio Exterior (COMCE), reiter\u00f3 que el entorno internacional est\u00e1 marcado por un nuevo orden geopol\u00edtico y econ\u00f3mico. No obstante, se trata de oportunidades para M\u00e9xico y Brasil.<\/p>\n<p>\u201cPara nuestros pa\u00edses, este es el momento de transformar la coyuntura en una palanca que nos permita construir una relaci\u00f3n m\u00e1s s\u00f3lida que fortalezca la complementariedad de nuestras econom\u00edas. Que impulse la inversi\u00f3n y que active proyectos de alto potencial\u201d, dijo.<\/p>\n<p>El l\u00edder empresarial mexicano coment\u00f3 que el Plan Nova Industria Brasil y el Plan M\u00e9xico se completan \u201cpues buscan estimular la productividad, fomentar el desarrollo tecnol\u00f3gico, guiar la inversi\u00f3n y promover mejores empleos y ampliar la competitividad de nuestras econom\u00edas\u201d.<\/p>\n<p>\u201cJuntos, Brasil y M\u00e9xico, representamos el 70 por ciento de las exportaciones totales de la regi\u00f3n. Es decir, siete de cada 10 exportaciones de Am\u00e9rica Latina tienen como origen, ya sea M\u00e9xico o Brasil\u201d, dijo.<\/p>\n<p>Por su parte, Altagracia G\u00f3mez Sierra, coordinadora del Consejo Asesor de Desarrollo Econ\u00f3mico Regional y de Relocalizaci\u00f3n (CADER) exhort\u00f3 a los empresarios brasile\u00f1os a invertir en el territorio nacional, pero tambi\u00e9n a que ambas econom\u00edas sean m\u00e1s inclusivas.<\/p>\n<p>Previamente, la titular de la Secretar\u00eda de Energ\u00eda, Luz Elena Gonz\u00e1lez Escobar, y el vicepresidente Alckmin, firmaron una Declaraci\u00f3n de Intenci\u00f3n en materia de cooperaci\u00f3n bilateral sobre producci\u00f3n y uso de biocombustibles. Con ello, las dos naciones examinar\u00e1n la cooperaci\u00f3n en materia de producci\u00f3n, uso, regulaci\u00f3n y certificaci\u00f3n de biocombustibles, con el fin de impulsar un crecimiento ordenado y debidamente regulado del sector en M\u00e9xico, mediante la reconocida experiencia brasile\u00f1a en el desarrollo sostenible de biocombustibles tales como bioetanol, combustibles de aviaci\u00f3n sostenibles, el biodi\u00e9sel y los combustibles sostenibles mar\u00edtimos.<\/p>\n<p>Adem\u00e1s, el secretario de Agricultura y Desarrollo Rural, Julio Berdegu\u00e9, y su par brasile\u00f1o, Carlos Henrique Baqueta F\u00e1varo, suscribieron el Memorando de Cooperaci\u00f3n Agroalimentaria para impulsar la cooperaci\u00f3n en temas de ciencia y tecnolog\u00eda, con especial \u00e9nfasis en innovaci\u00f3n y sostenibilidad, as\u00ed como la agricultura familiar de peque\u00f1a escala, agroecolog\u00eda e inclusi\u00f3n social.<\/p>\n","protected":false},"excerpt":{"rendered":"<p>Al reconocerse M\u00e9xico y Brasil como socios complementarios, las dos naciones se fortalecen y tienen mayor capacidad ante el panorama<\/p>\n","protected":false},"author":4,"featured_media":69636,"comment_status":"closed","ping_status":"closed","sticky":false,"template":"","format":"standard","meta":{"colormag_page_container_layout":"default_layout","colormag_page_sidebar_layout":"default_layout","_jetpack_memberships_contains_paid_content":false,"footnotes":"","jetpack_publicize_message":"","jetpack_publicize_feature_enabled":true,"jetpack_social_post_already_shared":true,"jetpack_social_options":{"image_generator_settings":{"template":"highway","default_image_id":0,"font":"","enabled":false},"version":2}},"categories":[2050],"tags":[],"class_list":["post-69635","post","type-post","status-publish","format-standard","has-post-thumbnail","hentry","category-economia"],"jetpack_publicize_connections":[],"jetpack_featured_media_url":"https:\/\/i0.wp.com\/politicosaldesnudo.com.mx\/wp-content\/uploads\/2025\/08\/RIDIK.jpg?fit=778%2C520&ssl=1","jetpack-related-posts":[],"jetpack_sharing_enabled":true,"_links":{"self":[{"href":"https:\/\/politicosaldesnudo.com.mx\/index.php\/wp-json\/wp\/v2\/posts\/69635","targetHints":{"allow":["GET"]}}],"collection":[{"href":"https:\/\/politicosaldesnudo.com.mx\/index.php\/wp-json\/wp\/v2\/posts"}],"about":[{"href":"https:\/\/politicosaldesnudo.com.mx\/index.php\/wp-json\/wp\/v2\/types\/post"}],"author":[{"embeddable":true,"href":"https:\/\/politicosaldesnudo.com.mx\/index.php\/wp-json\/wp\/v2\/users\/4"}],"replies":[{"embeddable":true,"href":"https:\/\/politicosaldesnudo.com.mx\/index.php\/wp-json\/wp\/v2\/comments?post=69635"}],"version-history":[{"count":0,"href":"https:\/\/politicosaldesnudo.com.mx\/index.php\/wp-json\/wp\/v2\/posts\/69635\/revisions"}],"wp:featuredmedia":[{"embeddable":true,"href":"https:\/\/politicosaldesnudo.com.mx\/index.php\/wp-json\/wp\/v2\/media\/69636"}],"wp:attachment":[{"href":"https:\/\/politicosaldesnudo.com.mx\/index.php\/wp-json\/wp\/v2\/media?parent=69635"}],"wp:term":[{"taxonomy":"category","embeddable":true,"href":"https:\/\/politicosaldesnudo.com.mx\/index.php\/wp-json\/wp\/v2\/categories?post=69635"},{"taxonomy":"post_tag","embeddable":true,"href":"https:\/\/politicosaldesnudo.com.mx\/index.php\/wp-json\/wp\/v2\/tags?post=69635"}],"curies":[{"name":"wp","href":"https:\/\/api.w.org\/{rel}","templated":true}]}}