{"id":69656,"date":"2025-08-28T00:16:58","date_gmt":"2025-08-28T06:16:58","guid":{"rendered":"https:\/\/politicosaldesnudo.com.mx\/?p=69656"},"modified":"2025-08-27T22:33:10","modified_gmt":"2025-08-28T04:33:10","slug":"por-sobrepoblacion-gobierno-de-nayarit-propone-reubicacion-del-penal-de-tepic","status":"publish","type":"post","link":"https:\/\/politicosaldesnudo.com.mx\/index.php\/2025\/08\/28\/por-sobrepoblacion-gobierno-de-nayarit-propone-reubicacion-del-penal-de-tepic\/","title":{"rendered":"Por sobrepoblaci\u00f3n, gobierno de Nayarit propone reubicaci\u00f3n del penal de Tepic"},"content":{"rendered":"<p class=\"nota-justify\">Ante la falta de espacio f\u00edsico en el reclusorio estatal Venustiano Carranza de Tepic, el gobernador del estado, Miguel \u00c1ngel Navarro Quintero, ha propuesto ante el gobierno federal, la reubicaci\u00f3n del Centro penitenciario donde se pueda cumplir a cabalidad con los esquemas de una reinserci\u00f3n positiva en la sociedad a quienes hoy est\u00e1n privados de la libertad.<\/p>\n<p class=\"nota-justify\">Navarro Quintero precis\u00f3, que el penal fue construido para 700 reos y hoy tiene una poblaci\u00f3n de 2,500, lo que lleva a buscar soluciones lo m\u00e1s pronto posible para as\u00ed tambi\u00e9n, incrementar su calidad de vida.<\/p>\n<p class=\"nota-justify\">\u00abYo creo que el penal debe de reubicarse porque ya queda en una zona c\u00e9ntrica y de mucho riesgo por diferentes motivos que no quisiera faltarle el respeto a nadie, que est\u00e1n ah\u00ed privados de la libertad, pero es necesario reubicarlo y darle las dimensiones convenientes para lo mismo, y cumplir los prop\u00f3sitos de educaci\u00f3n, de rehabilitaci\u00f3n que estamos llevando ahorita en el penal actual; sin embargo yo pienso que debe dignificarse mucho m\u00e1s\u00bb, puntualiz\u00f3 el mandatario estatal.<\/p>\n<p class=\"nota-justify\">El penal estatal Venustiano Carranza, est\u00e1 asentado en la colonia Moctezuma de Tepic, contraesquina de la Universidad Aut\u00f3noma de Nayarit -incluso- la se\u00f1al que se emite para bloquear el uso de celulares dentro del CERESO, afecta al campo universitario, su ubicaci\u00f3n, se puede denominar c\u00e9ntrica ya que queda en l\u00ednea recta al Congreso del Estado, Palacio de Gobierno y la Catedral de Tepic, no pasando de un estimado de 15 minutos en carro para estar en sus instalaciones.<\/p>\n<p class=\"nota-justify\">Carlos Alberto Prieto Godoy, presidente de la Comisi\u00f3n de Defensa de los Derechos Humanos en Nayarit, cuestionado al respecto de la sobrepoblaci\u00f3n que hay en el penal se\u00f1al\u00f3, \u00abs\u00ed, definitivamente tenemos un hacinamiento que supera, nuestro centro principalmente el de Tepic est\u00e1 destinado para 700 personas y rebasamos los 2 mil 500 aproximadamente. Se est\u00e1 haciendo un trabajo muy importante por parte de la Comisi\u00f3n y de la Secretar\u00eda de Seguridad y Protecci\u00f3n Ciudadana, no solo de mejorar las condiciones de m\u00e1s celdas, sino los lugares de esparcimiento, hemos estado asistiendo a festivales culturales, a torneos de ajedrez, a clausuras\u00bb.<\/p>\n<p class=\"nota-justify\">Prieto Godoy se\u00f1al\u00f3 que se hacen esfuerzos constantes por mejorar las condiciones de vida e incluso -dijo- que en temporada de calor como la que se vive actualmente, a los presos, se les permite estar una mayor cantidad de tiempo al aire libre y as\u00ed evitar que est\u00e9n dentro de las celdas, donde el espacio se ve reducido por el n\u00famero de personas que hay en cada una de ellas.<\/p>\n<p class=\"nota-justify\">En Nayarit existen 3 penales que son operados por el estado, el m\u00e1s antiguo es el Venustiano Carranza, tambi\u00e9n est\u00e1 el CERESO Femenil La Esperanza tambi\u00e9n en Tepic y en el municipio de Bah\u00eda de Banderas, uno m\u00e1s en la localidad de Bucer\u00edas.<\/p>\n","protected":false},"excerpt":{"rendered":"<p>Ante la falta de espacio f\u00edsico en el reclusorio estatal Venustiano Carranza de Tepic, el gobernador del estado, Miguel \u00c1ngel<\/p>\n","protected":false},"author":4,"featured_media":69657,"comment_status":"closed","ping_status":"closed","sticky":false,"template":"","format":"standard","meta":{"colormag_page_container_layout":"default_layout","colormag_page_sidebar_layout":"default_layout","_jetpack_memberships_contains_paid_content":false,"footnotes":"","jetpack_publicize_message":"","jetpack_publicize_feature_enabled":true,"jetpack_social_post_already_shared":true,"jetpack_social_options":{"image_generator_settings":{"template":"highway","default_image_id":0,"font":"","enabled":false},"version":2}},"categories":[30],"tags":[],"class_list":["post-69656","post","type-post","status-publish","format-standard","has-post-thumbnail","hentry","category-estados"],"jetpack_publicize_connections":[],"jetpack_featured_media_url":"https:\/\/i0.wp.com\/politicosaldesnudo.com.mx\/wp-content\/uploads\/2025\/08\/NYRT.jpg?fit=773%2C520&ssl=1","jetpack-related-posts":[],"jetpack_sharing_enabled":true,"_links":{"self":[{"href":"https:\/\/politicosaldesnudo.com.mx\/index.php\/wp-json\/wp\/v2\/posts\/69656","targetHints":{"allow":["GET"]}}],"collection":[{"href":"https:\/\/politicosaldesnudo.com.mx\/index.php\/wp-json\/wp\/v2\/posts"}],"about":[{"href":"https:\/\/politicosaldesnudo.com.mx\/index.php\/wp-json\/wp\/v2\/types\/post"}],"author":[{"embeddable":true,"href":"https:\/\/politicosaldesnudo.com.mx\/index.php\/wp-json\/wp\/v2\/users\/4"}],"replies":[{"embeddable":true,"href":"https:\/\/politicosaldesnudo.com.mx\/index.php\/wp-json\/wp\/v2\/comments?post=69656"}],"version-history":[{"count":0,"href":"https:\/\/politicosaldesnudo.com.mx\/index.php\/wp-json\/wp\/v2\/posts\/69656\/revisions"}],"wp:featuredmedia":[{"embeddable":true,"href":"https:\/\/politicosaldesnudo.com.mx\/index.php\/wp-json\/wp\/v2\/media\/69657"}],"wp:attachment":[{"href":"https:\/\/politicosaldesnudo.com.mx\/index.php\/wp-json\/wp\/v2\/media?parent=69656"}],"wp:term":[{"taxonomy":"category","embeddable":true,"href":"https:\/\/politicosaldesnudo.com.mx\/index.php\/wp-json\/wp\/v2\/categories?post=69656"},{"taxonomy":"post_tag","embeddable":true,"href":"https:\/\/politicosaldesnudo.com.mx\/index.php\/wp-json\/wp\/v2\/tags?post=69656"}],"curies":[{"name":"wp","href":"https:\/\/api.w.org\/{rel}","templated":true}]}}