{"id":69659,"date":"2025-08-28T00:17:11","date_gmt":"2025-08-28T06:17:11","guid":{"rendered":"https:\/\/politicosaldesnudo.com.mx\/?p=69659"},"modified":"2025-08-27T22:37:15","modified_gmt":"2025-08-28T04:37:15","slug":"lanzan-piedras-a-javier-milei-en-acto-de-campana-en-buenos-aires","status":"publish","type":"post","link":"https:\/\/politicosaldesnudo.com.mx\/index.php\/2025\/08\/28\/lanzan-piedras-a-javier-milei-en-acto-de-campana-en-buenos-aires\/","title":{"rendered":"Lanzan piedras a Javier Milei en acto de campa\u00f1a en Buenos Aires"},"content":{"rendered":"<p class=\"nota-justify\">El presidente argentino Javier Milei fue evacuado este mi\u00e9rcoles de un acto de campa\u00f1a en la provincia de Buenos Aires tras ser atacado a pedradas en medio de un enfrentamiento entre sus partidarios y militantes opositores que se manifestaban en contra de sus pol\u00edticas de ajuste.<\/p>\n<p class=\"nota-justify\">Milei no result\u00f3 herido, confirm\u00f3 el portavoz presidencial Manuel Adorni.<\/p>\n<p class=\"nota-justify\">El episodio ocurri\u00f3 en un momento sensible para Milei luego de que trascendieran audios de un ex funcionario en los que alud\u00eda al pago de sobornos a la secretaria general de la Presidencia y hermana del mandatario, Karina Milei, como paso previo para autorizar la adquisici\u00f3n de medicinas para discapacitados.<\/p>\n<p class=\"nota-justify\">En el marco de la campa\u00f1a para la elecci\u00f3n de legisladores provinciales el pasado 7 de septiembre en la provincia de Buenos Aires, Milei encabez\u00f3 una caravana junto a su hermana y candidatos del partido gobernante La Libertad Avanza por el municipio de Lomas de Zamora, un hist\u00f3rico basti\u00f3n del peronismo opositor.<\/p>\n<p class=\"nota-justify\">El mandatario y sus acompa\u00f1antes circulaban por las calles a bordo de la parte trasera descubierta de una camioneta, rodeados por partidarios, cuando se toparon con una manifestaci\u00f3n de militantes del kirchnerismo (la corriente de centroizquierda del peronismo) y de partidos de izquierda que sosten\u00edan carteles en los que se le\u00eda \u201cFuera Milei\u201d y otras consignas.<\/p>\n<p class=\"nota-justify\">En medio de empujones entre ambas facciones y piedras que cayeron sobre la comitiva oficial, la custodia presidencial baj\u00f3 abruptamente a Milei y a sus allegados de la camioneta y los evacu\u00f3 en veh\u00edculos oficiales.<\/p>\n<p class=\"nota-justify\">El portavoz presidencial confirm\u00f3 en la red social X que no hubo heridos y responsabiliz\u00f3 a \u201cmilitantes de la vieja pol\u00edtica, kirchnerismo en estado puro y un modelo de violencia que s\u00f3lo quieren los cavern\u00edcolas del pasado\u201d por los incidentes.<\/p>\n","protected":false},"excerpt":{"rendered":"<p>El presidente argentino Javier Milei fue evacuado este mi\u00e9rcoles de un acto de campa\u00f1a en la provincia de Buenos Aires<\/p>\n","protected":false},"author":4,"featured_media":69660,"comment_status":"closed","ping_status":"closed","sticky":false,"template":"","format":"standard","meta":{"colormag_page_container_layout":"default_layout","colormag_page_sidebar_layout":"default_layout","_jetpack_memberships_contains_paid_content":false,"footnotes":"","jetpack_publicize_message":"","jetpack_publicize_feature_enabled":true,"jetpack_social_post_already_shared":true,"jetpack_social_options":{"image_generator_settings":{"template":"highway","default_image_id":0,"font":"","enabled":false},"version":2}},"categories":[28],"tags":[],"class_list":["post-69659","post","type-post","status-publish","format-standard","has-post-thumbnail","hentry","category-internacional"],"jetpack_publicize_connections":[],"jetpack_featured_media_url":"https:\/\/i0.wp.com\/politicosaldesnudo.com.mx\/wp-content\/uploads\/2025\/08\/IMBECIOL.jpg?fit=773%2C522&ssl=1","jetpack-related-posts":[],"jetpack_sharing_enabled":true,"_links":{"self":[{"href":"https:\/\/politicosaldesnudo.com.mx\/index.php\/wp-json\/wp\/v2\/posts\/69659","targetHints":{"allow":["GET"]}}],"collection":[{"href":"https:\/\/politicosaldesnudo.com.mx\/index.php\/wp-json\/wp\/v2\/posts"}],"about":[{"href":"https:\/\/politicosaldesnudo.com.mx\/index.php\/wp-json\/wp\/v2\/types\/post"}],"author":[{"embeddable":true,"href":"https:\/\/politicosaldesnudo.com.mx\/index.php\/wp-json\/wp\/v2\/users\/4"}],"replies":[{"embeddable":true,"href":"https:\/\/politicosaldesnudo.com.mx\/index.php\/wp-json\/wp\/v2\/comments?post=69659"}],"version-history":[{"count":0,"href":"https:\/\/politicosaldesnudo.com.mx\/index.php\/wp-json\/wp\/v2\/posts\/69659\/revisions"}],"wp:featuredmedia":[{"embeddable":true,"href":"https:\/\/politicosaldesnudo.com.mx\/index.php\/wp-json\/wp\/v2\/media\/69660"}],"wp:attachment":[{"href":"https:\/\/politicosaldesnudo.com.mx\/index.php\/wp-json\/wp\/v2\/media?parent=69659"}],"wp:term":[{"taxonomy":"category","embeddable":true,"href":"https:\/\/politicosaldesnudo.com.mx\/index.php\/wp-json\/wp\/v2\/categories?post=69659"},{"taxonomy":"post_tag","embeddable":true,"href":"https:\/\/politicosaldesnudo.com.mx\/index.php\/wp-json\/wp\/v2\/tags?post=69659"}],"curies":[{"name":"wp","href":"https:\/\/api.w.org\/{rel}","templated":true}]}}