{"id":69734,"date":"2025-08-29T00:11:10","date_gmt":"2025-08-29T06:11:10","guid":{"rendered":"https:\/\/politicosaldesnudo.com.mx\/?p=69734"},"modified":"2025-08-28T23:11:25","modified_gmt":"2025-08-29T05:11:25","slug":"caf-emite-su-primer-bono-sostenible-por-mil-500-millones-de-euros","status":"publish","type":"post","link":"https:\/\/politicosaldesnudo.com.mx\/index.php\/2025\/08\/29\/caf-emite-su-primer-bono-sostenible-por-mil-500-millones-de-euros\/","title":{"rendered":"CAF emite su primer bono sostenible por mil 500 millones de euros"},"content":{"rendered":"<p>El Banco de Desarrollo de Am\u00e9rica Latina y el Caribe (CAF) anunci\u00f3 que coloc\u00f3 su primer bono sostenible por mil 500 millones de euros a 7 a\u00f1os que permitir\u00e1 financiar a pa\u00edses miembros.<\/p>\n<p>La transacci\u00f3n gener\u00f3 una demanda de unos 14 mil 900 millones de euros, por lo que CAF elev\u00f3 la emisi\u00f3n a mil 500 millones desde los mil millones de euros previstos inicialmente.<\/p>\n<p>Este es el cuarto bono referencial emitido por CAF en 2025.<\/p>\n<p>La transacci\u00f3n cont\u00f3 con los bancos BBVA, BNP Paribas, Cr\u00e9dit Agricole CIB, Deutsche Bank y Santander como l\u00edderes en la emisi\u00f3n, y paga un cup\u00f3n anual de 3 mil 125 por ciento.<\/p>\n<p>\u201cLos recursos obtenidos nos permitir\u00e1n ampliar la financiaci\u00f3n competitiva para nuestros pa\u00edses miembros, acelerando la transici\u00f3n verde, la inclusi\u00f3n social y el desarrollo sostenible en la regi\u00f3n\u201d, dijo el presidente ejecutivo de CAF, Sergio D\u00edaz-Granados, citado en un comunicado la tarde el mi\u00e9rcoles.<\/p>\n<p>La asignaci\u00f3n final se distribuy\u00f3 principalmente entre inversores europeos (71 por ciento), seguidos de Asia-Pac\u00edfico (26 por ciento) y Medio Oriente (3 por ciento).<\/p>\n<p>Por tipo de inversor, los Gestores de Activos representaron 41 por ciento, bancos centrales e instituciones oficiales 39 por ciento, bancos y banca privada 13 por ciento, y aseguradoras y fondos de pensiones el 7 por ciento.<\/p>\n<p>CAF, con sede en Caracas, es un importante prestamista para proyectos de infraestructura y desarrollo en la regi\u00f3n. Est\u00e1 conformado por unos 20 pa\u00edses de Am\u00e9rica Latina y el Caribe, as\u00ed como por Espa\u00f1a, Portugal y 13 bancos privados latinoamericanos.<\/p>\n","protected":false},"excerpt":{"rendered":"<p>El Banco de Desarrollo de Am\u00e9rica Latina y el Caribe (CAF) anunci\u00f3 que coloc\u00f3 su primer bono sostenible por mil<\/p>\n","protected":false},"author":4,"featured_media":69735,"comment_status":"closed","ping_status":"closed","sticky":false,"template":"","format":"standard","meta":{"colormag_page_container_layout":"default_layout","colormag_page_sidebar_layout":"default_layout","_jetpack_memberships_contains_paid_content":false,"footnotes":"","jetpack_publicize_message":"","jetpack_publicize_feature_enabled":true,"jetpack_social_post_already_shared":true,"jetpack_social_options":{"image_generator_settings":{"template":"highway","default_image_id":0,"font":"","enabled":false},"version":2}},"categories":[2050],"tags":[],"class_list":["post-69734","post","type-post","status-publish","format-standard","has-post-thumbnail","hentry","category-economia"],"jetpack_publicize_connections":[],"jetpack_featured_media_url":"https:\/\/i0.wp.com\/politicosaldesnudo.com.mx\/wp-content\/uploads\/2025\/08\/CADF.jpg?fit=770%2C509&ssl=1","jetpack-related-posts":[],"jetpack_sharing_enabled":true,"_links":{"self":[{"href":"https:\/\/politicosaldesnudo.com.mx\/index.php\/wp-json\/wp\/v2\/posts\/69734","targetHints":{"allow":["GET"]}}],"collection":[{"href":"https:\/\/politicosaldesnudo.com.mx\/index.php\/wp-json\/wp\/v2\/posts"}],"about":[{"href":"https:\/\/politicosaldesnudo.com.mx\/index.php\/wp-json\/wp\/v2\/types\/post"}],"author":[{"embeddable":true,"href":"https:\/\/politicosaldesnudo.com.mx\/index.php\/wp-json\/wp\/v2\/users\/4"}],"replies":[{"embeddable":true,"href":"https:\/\/politicosaldesnudo.com.mx\/index.php\/wp-json\/wp\/v2\/comments?post=69734"}],"version-history":[{"count":0,"href":"https:\/\/politicosaldesnudo.com.mx\/index.php\/wp-json\/wp\/v2\/posts\/69734\/revisions"}],"wp:featuredmedia":[{"embeddable":true,"href":"https:\/\/politicosaldesnudo.com.mx\/index.php\/wp-json\/wp\/v2\/media\/69735"}],"wp:attachment":[{"href":"https:\/\/politicosaldesnudo.com.mx\/index.php\/wp-json\/wp\/v2\/media?parent=69734"}],"wp:term":[{"taxonomy":"category","embeddable":true,"href":"https:\/\/politicosaldesnudo.com.mx\/index.php\/wp-json\/wp\/v2\/categories?post=69734"},{"taxonomy":"post_tag","embeddable":true,"href":"https:\/\/politicosaldesnudo.com.mx\/index.php\/wp-json\/wp\/v2\/tags?post=69734"}],"curies":[{"name":"wp","href":"https:\/\/api.w.org\/{rel}","templated":true}]}}