{"id":69812,"date":"2025-08-30T00:12:38","date_gmt":"2025-08-30T06:12:38","guid":{"rendered":"https:\/\/politicosaldesnudo.com.mx\/?p=69812"},"modified":"2025-08-29T23:40:09","modified_gmt":"2025-08-30T05:40:09","slug":"bdem-sube-pronostico-de-crecimiento-de-0-1-a-0-6-para-este-ano","status":"publish","type":"post","link":"https:\/\/politicosaldesnudo.com.mx\/index.php\/2025\/08\/30\/bdem-sube-pronostico-de-crecimiento-de-0-1-a-0-6-para-este-ano\/","title":{"rendered":"BdeM sube pron\u00f3stico de crecimiento de 0.1 a 0.6% para este a\u00f1o"},"content":{"rendered":"<p class=\"nota-justify\">El Banco de M\u00e9xico (BdeM) elev\u00f3 su estimado de crecimiento de la econom\u00eda mexicana para 2025 a 0.6 por ciento desde un pron\u00f3stico previo de 0.1 por ciento, debido a una mayor expansi\u00f3n del producto interno bruto (PIB) en el segundo trimestre y a pesar de la pol\u00edtica arancelaria de Estados Unidos.<\/p>\n<p class=\"nota-justify\">A presentar el Informe Trimestral de abril-junio de 2025, Victoria Rodr\u00edguez Ceja, gobernadora del banco central, explic\u00f3 en conferencia que en ese periodo la actividad econ\u00f3mica del pa\u00eds fue mayor a lo esperado, luego de la debilidad observada en enero-marzo y la contracci\u00f3n de octubre-diciembre de 2024.<\/p>\n<p class=\"nota-justify\">\u201cLa expansi\u00f3n mayor a la anticipada en el segundo trimestre condujo a que en este informe reportemos un ajuste al alza en nuestras previsiones de crecimiento. En particular, para 2025, revisamos de 0.1 por ciento en el informe anterior a 0.6 por ciento en el actual\u201d, dijo. Anot\u00f3 que con este ajuste, el rango estimado de crecimiento del PIB para 2025 se sit\u00faa entre 0.1 y 1.1 por ciento.<\/p>\n<p class=\"nota-justify\">El BdeM tambi\u00e9n revis\u00f3 el pron\u00f3stico para 2026, el cual pas\u00f3 de 0.9 a 1.1 por ciento. El rango estimado se ubic\u00f3 en 0.3 y 1.9 por ciento.<\/p>\n<p class=\"nota-justify\">No obstante, Rodr\u00edguez Ceja subray\u00f3 que el BdeM mantiene la expectativa de un bajo ritmo de crecimiento para el resto de 2025 y de una expansi\u00f3n gradual a lo largo de 2026.<\/p>\n<p class=\"nota-justify\">Apunt\u00f3 que en el horizonte de pron\u00f3stico, el gasto interno mantenga una moderada tendencia al alza, el consumo observe una expansi\u00f3n y la inversi\u00f3n mantenga debilidad, debido al clima de elevada incertidumbre.<\/p>\n<p class=\"nota-justify\">\u201cContinuamos anticipando que la contribuci\u00f3n del gasto p\u00fablico al PIB en 2025 sea limitada ante la consolidaci\u00f3n fiscal en proceso, que, sin embargo, esperamos siente las bases para un mayor crecimiento econ\u00f3mico en el mediano plazo\u201d, dijo.<\/p>\n<p class=\"nota-justify\">Coment\u00f3 que si bien se prev\u00e9 debilidad de producci\u00f3n industrial en Estados Unidos en el segundo semestre de este a\u00f1o, la demanda externa de M\u00e9xico mantendr\u00eda su tendencia al alza pese a una posible desaceleraci\u00f3n.<\/p>\n<p class=\"nota-justify\">\u201cCon base en el desempe\u00f1o que las exportaciones mexicanas han mostrado hasta el momento y el trato preferencial que mantienen aquellas realizadas bajo el amparo del T-MEC, seguimos incorporando un impacto acotado de las medidas arancelarias de Estados Unidos sobre las exportaciones del pa\u00eds\u201d, dijo la gobernadora del BdeM.<\/p>\n<p class=\"nota-justify\">Anot\u00f3 que entre los riesgos para el crecimiento de la actividad econ\u00f3mica est\u00e1 la persistencia de un ambiente de elevada incertidumbre en torno a la pol\u00edtica comercial de Estados Unidos, ya que esta podr\u00eda seguir incidiendo negativamente en las decisiones de inversi\u00f3n y consumo, tanto en M\u00e9xico como en la regi\u00f3n.<\/p>\n<p class=\"nota-justify\">Agreg\u00f3 que los efectos de las medidas arancelarias que Estados Unidos ya ha implementado y de posibles medidas adicionales podr\u00edan traducirse en un menor dinamismo de la econom\u00eda mexicana, pero tambi\u00e9n de la estadunidense.<\/p>\n<p class=\"nota-justify\">El informe trimestral prev\u00e9 que la inflaci\u00f3n general sea en el cuarto trimestre de este a\u00f1o en 3.7 por ciento, dato mayor al pron\u00f3stico anterior de 3.3 por ciento. \u201cSi bien se mantiene la previsi\u00f3n de que la inflaci\u00f3n se reduzca en esos trimestres, los niveles esperados son mayores a los anticipados anteriormente. Estos ajustes m\u00e1s acentuados en el corto plazo reflejan principalmente modificaciones al alza de la inflaci\u00f3n subyacente\u201d, dijo Rodr\u00edguez Ceja.<\/p>\n<p class=\"nota-justify\">Los cambios de pol\u00edtica econ\u00f3mica por parte de la nueva administraci\u00f3n estadounidense han a\u00f1adido incertidumbre a las previsiones. Sus efectos podr\u00edan implicar presiones sobre la inflaci\u00f3n en ambos lados del balance.<\/p>\n<p class=\"nota-justify\">Aunque el BdeM reconoci\u00f3 que el tipo de cambio ha mostrado una tendencia a la apreciaci\u00f3n, no descart\u00f3 que una depreciaci\u00f3n del peso ante la elevada incertidumbre.<\/p>\n<p class=\"nota-justify\">El banco central indic\u00f3 que la pol\u00edtica monetaria continuar\u00e1 centrada en consolidar el proceso de desinflacionario y alcanzar el objetivo de mantener la inflaci\u00f3n en 3 por ciento.<\/p>\n<p class=\"nota-justify\">\u201cEstas condiciones son necesarias, pero no suficientes para lograr un crecimiento sostenido. Se requiere impulsar la productividad y la inversi\u00f3n.<\/p>\n<p class=\"nota-justify\">El T-MEC y la reconfiguraci\u00f3n de las cadenas globales de valor ofrecen oportunidades para atraer inversi\u00f3n y dinamizar al sector exportador, as\u00ed como para impulsar sectores que fortalezcan en el mercado interno\u201d, dijo Rodr\u00edguez Ceja.<\/p>\n<p class=\"nota-justify\">Sobre m\u00e1s recortes en la tasa de inter\u00e9s de referencia, que se ubica actualmente en 7.75 por ciento, la gobernadora del banco central coment\u00f3 que la Junta de Gobierno valorar\u00e1 el comportamiento de la inflaci\u00f3n, pero tambi\u00e9n la posici\u00f3n c\u00edclica de la econom\u00eda, las consideraciones del tipo de cambio e incluso la decisi\u00f3n de la Reserva Federal de Estados Unidos.<\/p>\n<p class=\"nota-justify\">Sobre la autonom\u00eda del BdeM, Rodr\u00edguez Ceja consider\u00f3 que el mandato de la instituci\u00f3n no se contrapone con el desarrollo econ\u00f3mico, sino que sienta las bases para el crecimiento econ\u00f3mico. \u201cLa sociedad mexicana puede confiar en que el pa\u00eds cuenta con una instituci\u00f3n s\u00f3lida que trabaja en favor del bienestar de todos los mexicanos\u201d, dijo. Los integrantes de la Junta de Gobierno respaldaron la respuesta.<\/p>\n<p class=\"nota-justify\">Adem\u00e1s, tambi\u00e9n se\u00f1alaron que el banco central est\u00e1 respaldando las acciones de intervenci\u00f3n temporal en tres instituciones financieras que fueron acosadas por el gobierno de Estados Unidos a fin de facilitar el lavado de dinero a carteles de la droga. Subray\u00f3 que el sistema financiero mexicano es s\u00f3lido y no hubo un contagio a otros entes.<\/p>\n","protected":false},"excerpt":{"rendered":"<p>El Banco de M\u00e9xico (BdeM) elev\u00f3 su estimado de crecimiento de la econom\u00eda mexicana para 2025 a 0.6 por ciento<\/p>\n","protected":false},"author":4,"featured_media":69813,"comment_status":"closed","ping_status":"closed","sticky":false,"template":"","format":"standard","meta":{"colormag_page_container_layout":"default_layout","colormag_page_sidebar_layout":"default_layout","_jetpack_memberships_contains_paid_content":false,"footnotes":"","jetpack_publicize_message":"","jetpack_publicize_feature_enabled":true,"jetpack_social_post_already_shared":true,"jetpack_social_options":{"image_generator_settings":{"template":"highway","default_image_id":0,"font":"","enabled":false},"version":2}},"categories":[2050],"tags":[],"class_list":["post-69812","post","type-post","status-publish","format-standard","has-post-thumbnail","hentry","category-economia"],"jetpack_publicize_connections":[],"jetpack_featured_media_url":"https:\/\/i0.wp.com\/politicosaldesnudo.com.mx\/wp-content\/uploads\/2025\/08\/BM.jpg?fit=766%2C516&ssl=1","jetpack-related-posts":[],"jetpack_sharing_enabled":true,"_links":{"self":[{"href":"https:\/\/politicosaldesnudo.com.mx\/index.php\/wp-json\/wp\/v2\/posts\/69812","targetHints":{"allow":["GET"]}}],"collection":[{"href":"https:\/\/politicosaldesnudo.com.mx\/index.php\/wp-json\/wp\/v2\/posts"}],"about":[{"href":"https:\/\/politicosaldesnudo.com.mx\/index.php\/wp-json\/wp\/v2\/types\/post"}],"author":[{"embeddable":true,"href":"https:\/\/politicosaldesnudo.com.mx\/index.php\/wp-json\/wp\/v2\/users\/4"}],"replies":[{"embeddable":true,"href":"https:\/\/politicosaldesnudo.com.mx\/index.php\/wp-json\/wp\/v2\/comments?post=69812"}],"version-history":[{"count":0,"href":"https:\/\/politicosaldesnudo.com.mx\/index.php\/wp-json\/wp\/v2\/posts\/69812\/revisions"}],"wp:featuredmedia":[{"embeddable":true,"href":"https:\/\/politicosaldesnudo.com.mx\/index.php\/wp-json\/wp\/v2\/media\/69813"}],"wp:attachment":[{"href":"https:\/\/politicosaldesnudo.com.mx\/index.php\/wp-json\/wp\/v2\/media?parent=69812"}],"wp:term":[{"taxonomy":"category","embeddable":true,"href":"https:\/\/politicosaldesnudo.com.mx\/index.php\/wp-json\/wp\/v2\/categories?post=69812"},{"taxonomy":"post_tag","embeddable":true,"href":"https:\/\/politicosaldesnudo.com.mx\/index.php\/wp-json\/wp\/v2\/tags?post=69812"}],"curies":[{"name":"wp","href":"https:\/\/api.w.org\/{rel}","templated":true}]}}