{"id":69815,"date":"2025-08-30T00:13:36","date_gmt":"2025-08-30T06:13:36","guid":{"rendered":"https:\/\/politicosaldesnudo.com.mx\/?p=69815"},"modified":"2025-08-29T23:44:10","modified_gmt":"2025-08-30T05:44:10","slug":"instituyen-el-5-de-septiembre-como-dia-de-la-mujer-indigena-en-nayarit","status":"publish","type":"post","link":"https:\/\/politicosaldesnudo.com.mx\/index.php\/2025\/08\/30\/instituyen-el-5-de-septiembre-como-dia-de-la-mujer-indigena-en-nayarit\/","title":{"rendered":"Instituyen el 5 de septiembre como D\u00eda de la Mujer Ind\u00edgena en Nayarit"},"content":{"rendered":"<p>Legisladores instituyeron el 5 de septiembre, como el D\u00eda de la Mujer Ind\u00edgena Nayarita, honrando as\u00ed en honor a la historia, el esfuerzo y la valiosa aportaci\u00f3n de ellas al desarrollo cultural, social y el impulso a la econom\u00eda del estado.<\/p>\n<p>En el acuerdo aprobado se hace \u00e9nfasis que al instituir el D\u00eda de la Mujer Ind\u00edgena se busca visibilizar y reconocer el papel fundamental de las mujeres de las comunidades Wix\u00e1rika, Na&#8217;ayeri, O&#8217;dam y Meshikan, etnias que habitan en Nayarit.<\/p>\n<p>El documento legal tambi\u00e9n estableci\u00f3 que cada a\u00f1o, se honrar\u00e1 a una mujer ind\u00edgena destacada de Nayarit, para \u00a0reconocer su esfuerzo, valent\u00eda y dedicaci\u00f3n al bienestar y progreso de su comunidad.<\/p>\n<p>De acuerdo con el Censo del INEGI 2020, en Nayarit habitan m\u00e1s de 69 mil personas ind\u00edgenas, de las cuales 31 mil 798 hablan Na\u2019ayeri, 29 mil 599 Wix\u00e1rika, 2 mil 672 O&#8217;dam y mil 866 Meshikan. Se precisa que la mayor\u00eda de los hablantes de una lengua ind\u00edgena son mujeres, de ah\u00ed que ellas sean las guardianas de las lenguas de sus pueblos.<\/p>\n","protected":false},"excerpt":{"rendered":"<p>Legisladores instituyeron el 5 de septiembre, como el D\u00eda de la Mujer Ind\u00edgena Nayarita, honrando as\u00ed en honor a la<\/p>\n","protected":false},"author":4,"featured_media":69816,"comment_status":"closed","ping_status":"closed","sticky":false,"template":"","format":"standard","meta":{"colormag_page_container_layout":"default_layout","colormag_page_sidebar_layout":"default_layout","_jetpack_memberships_contains_paid_content":false,"footnotes":"","jetpack_publicize_message":"","jetpack_publicize_feature_enabled":true,"jetpack_social_post_already_shared":true,"jetpack_social_options":{"image_generator_settings":{"template":"highway","default_image_id":0,"font":"","enabled":false},"version":2}},"categories":[30],"tags":[],"class_list":["post-69815","post","type-post","status-publish","format-standard","has-post-thumbnail","hentry","category-estados"],"jetpack_publicize_connections":[],"jetpack_featured_media_url":"https:\/\/i0.wp.com\/politicosaldesnudo.com.mx\/wp-content\/uploads\/2025\/08\/MUIN.jpg?fit=762%2C515&ssl=1","jetpack-related-posts":[],"jetpack_sharing_enabled":true,"_links":{"self":[{"href":"https:\/\/politicosaldesnudo.com.mx\/index.php\/wp-json\/wp\/v2\/posts\/69815","targetHints":{"allow":["GET"]}}],"collection":[{"href":"https:\/\/politicosaldesnudo.com.mx\/index.php\/wp-json\/wp\/v2\/posts"}],"about":[{"href":"https:\/\/politicosaldesnudo.com.mx\/index.php\/wp-json\/wp\/v2\/types\/post"}],"author":[{"embeddable":true,"href":"https:\/\/politicosaldesnudo.com.mx\/index.php\/wp-json\/wp\/v2\/users\/4"}],"replies":[{"embeddable":true,"href":"https:\/\/politicosaldesnudo.com.mx\/index.php\/wp-json\/wp\/v2\/comments?post=69815"}],"version-history":[{"count":0,"href":"https:\/\/politicosaldesnudo.com.mx\/index.php\/wp-json\/wp\/v2\/posts\/69815\/revisions"}],"wp:featuredmedia":[{"embeddable":true,"href":"https:\/\/politicosaldesnudo.com.mx\/index.php\/wp-json\/wp\/v2\/media\/69816"}],"wp:attachment":[{"href":"https:\/\/politicosaldesnudo.com.mx\/index.php\/wp-json\/wp\/v2\/media?parent=69815"}],"wp:term":[{"taxonomy":"category","embeddable":true,"href":"https:\/\/politicosaldesnudo.com.mx\/index.php\/wp-json\/wp\/v2\/categories?post=69815"},{"taxonomy":"post_tag","embeddable":true,"href":"https:\/\/politicosaldesnudo.com.mx\/index.php\/wp-json\/wp\/v2\/tags?post=69815"}],"curies":[{"name":"wp","href":"https:\/\/api.w.org\/{rel}","templated":true}]}}