{"id":69818,"date":"2025-08-30T00:14:37","date_gmt":"2025-08-30T06:14:37","guid":{"rendered":"https:\/\/politicosaldesnudo.com.mx\/?p=69818"},"modified":"2025-08-30T00:00:19","modified_gmt":"2025-08-30T06:00:19","slug":"tribunal-de-campeche-ratifica-sancion-que-censura-a-periodista-del-medio-tribuna","status":"publish","type":"post","link":"https:\/\/politicosaldesnudo.com.mx\/index.php\/2025\/08\/30\/tribunal-de-campeche-ratifica-sancion-que-censura-a-periodista-del-medio-tribuna\/","title":{"rendered":"Tribunal de Campeche ratifica sanci\u00f3n que censura a periodista del medio &#8216;Tribuna&#8217;"},"content":{"rendered":"<p>El Tribunal Superior de Justicia del Estado ratifico las medidas cautelares contra el periodista Jorge Gonz\u00e1lez Valdez quien deber\u00e1 tener un censor que revise sus publicaciones y la p\u00e1gina digital\u00a0<i>Tribuna<\/i>\u00a0deber\u00e1 notificar ese organismo todas las publicaciones d\u00f3nde se mencione a la gobernadora de Campeche Layda Sansores.<\/p>\n<p>Este viernes 29 de agosto de 2025 se realiz\u00f3 en Campeche la audiencia de revisi\u00f3n de medida cautelar contra la Organizaci\u00f3n Editorial del Sureste, S.A. de C.V., proceso en el que tambi\u00e9n se encuentra se\u00f1alado el periodista Jorge Luis Gonz\u00e1lez Valdez.<\/p>\n<p>&nbsp;<\/p>\n<p>El Tribunal resolvi\u00f3 mantener medidas que refuerzan el control sobre el ejercicio period\u00edstico. Entre ellas, se orden\u00f3 que Gonz\u00e1lez Valdez sea supervisado de manera permanente por la Unidad de Medidas Cautelares de la Secretar\u00eda de Protecci\u00f3n y Seguridad Ciudadana, con el objetivo de verificar que no emita expresiones consideradas ofensivas contra la gobernadora Layda Sansores San Rom\u00e1n. En los hechos, esto implica una prohibici\u00f3n de hablar sobre la mandataria bajo riesgo de sanciones.<\/p>\n<p>Respecto a Organizaci\u00f3n Editorial del Sureste, se determin\u00f3 que no se revele el nombre del responsable de redes sociales; sin embargo, la organizaci\u00f3n qued\u00f3 obligada a enviar, de manera simult\u00e1nea a su publicaci\u00f3n, todas las notas que mencionen a Sansores San Rom\u00e1n. Dicho material ser\u00e1 revisado por el \u00e1rea de Derechos Humanos del Tribunal Superior de Justicia, que definir\u00e1 si procede o no alguna sanci\u00f3n, pese a no contar con criterios period\u00edsticos.<\/p>\n<p><i>Tribuna\u00a0<\/i>consider\u00f3 que esta resoluci\u00f3n sigue siendo un acto de censura que contraviene los art\u00edculos 6 y 7 de la Constituci\u00f3n mexicana, que garantizan la libertad de expresi\u00f3n y la prohibici\u00f3n de la censura previa, as\u00ed como el art\u00edculo 13 de la Convenci\u00f3n Americana sobre Derechos Humanos, que impide restricciones indirectas al ejercicio de la prensa.<\/p>\n<p>Con estas medidas, se fortalece el control sobre la informaci\u00f3n y se restringe el derecho de la sociedad a conocer cr\u00edticas y opiniones sobre el actuar de la gobernadora de Campeche se\u00f1alo el peri\u00f3dico en su p\u00e1gina digital.<\/p>\n<p>&nbsp;<\/p>\n","protected":false},"excerpt":{"rendered":"<p>El Tribunal Superior de Justicia del Estado ratifico las medidas cautelares contra el periodista Jorge Gonz\u00e1lez Valdez quien deber\u00e1 tener<\/p>\n","protected":false},"author":4,"featured_media":69819,"comment_status":"closed","ping_status":"closed","sticky":false,"template":"","format":"standard","meta":{"colormag_page_container_layout":"default_layout","colormag_page_sidebar_layout":"default_layout","_jetpack_memberships_contains_paid_content":false,"footnotes":"","jetpack_publicize_message":"","jetpack_publicize_feature_enabled":true,"jetpack_social_post_already_shared":true,"jetpack_social_options":{"image_generator_settings":{"template":"highway","default_image_id":0,"font":"","enabled":false},"version":2}},"categories":[30],"tags":[],"class_list":["post-69818","post","type-post","status-publish","format-standard","has-post-thumbnail","hentry","category-estados"],"jetpack_publicize_connections":[],"jetpack_featured_media_url":"https:\/\/i0.wp.com\/politicosaldesnudo.com.mx\/wp-content\/uploads\/2025\/08\/TARADA.jpg?fit=864%2C614&ssl=1","jetpack-related-posts":[],"jetpack_sharing_enabled":true,"_links":{"self":[{"href":"https:\/\/politicosaldesnudo.com.mx\/index.php\/wp-json\/wp\/v2\/posts\/69818","targetHints":{"allow":["GET"]}}],"collection":[{"href":"https:\/\/politicosaldesnudo.com.mx\/index.php\/wp-json\/wp\/v2\/posts"}],"about":[{"href":"https:\/\/politicosaldesnudo.com.mx\/index.php\/wp-json\/wp\/v2\/types\/post"}],"author":[{"embeddable":true,"href":"https:\/\/politicosaldesnudo.com.mx\/index.php\/wp-json\/wp\/v2\/users\/4"}],"replies":[{"embeddable":true,"href":"https:\/\/politicosaldesnudo.com.mx\/index.php\/wp-json\/wp\/v2\/comments?post=69818"}],"version-history":[{"count":0,"href":"https:\/\/politicosaldesnudo.com.mx\/index.php\/wp-json\/wp\/v2\/posts\/69818\/revisions"}],"wp:featuredmedia":[{"embeddable":true,"href":"https:\/\/politicosaldesnudo.com.mx\/index.php\/wp-json\/wp\/v2\/media\/69819"}],"wp:attachment":[{"href":"https:\/\/politicosaldesnudo.com.mx\/index.php\/wp-json\/wp\/v2\/media?parent=69818"}],"wp:term":[{"taxonomy":"category","embeddable":true,"href":"https:\/\/politicosaldesnudo.com.mx\/index.php\/wp-json\/wp\/v2\/categories?post=69818"},{"taxonomy":"post_tag","embeddable":true,"href":"https:\/\/politicosaldesnudo.com.mx\/index.php\/wp-json\/wp\/v2\/tags?post=69818"}],"curies":[{"name":"wp","href":"https:\/\/api.w.org\/{rel}","templated":true}]}}