{"id":69824,"date":"2025-08-30T00:16:55","date_gmt":"2025-08-30T06:16:55","guid":{"rendered":"https:\/\/politicosaldesnudo.com.mx\/?p=69824"},"modified":"2025-08-30T00:04:52","modified_gmt":"2025-08-30T06:04:52","slug":"cae-avioneta-en-tamaulipas-hay-un-muerto-y-un-herido","status":"publish","type":"post","link":"https:\/\/politicosaldesnudo.com.mx\/index.php\/2025\/08\/30\/cae-avioneta-en-tamaulipas-hay-un-muerto-y-un-herido\/","title":{"rendered":"Cae avioneta en Tamaulipas; hay un muerto y un herido"},"content":{"rendered":"<p>Una avioneta tipo Cessna 172N, con matr\u00edcula XB-BZK, se desplom\u00f3 la tarde de este viernes en terrenos del ejido Doroteo Arango, en Reynosa, dejando como saldo la muerte del piloto y un pasajero lesionado.<\/p>\n<p>De acuerdo con los primeros reportes, la v\u00edctima fatal fue identificada como Gilberto Sol\u00eds, piloto de la aeronave. El pasajero, el empresario reynosense Jos\u00e9 Armando Cant\u00fa Barrag\u00e1n, result\u00f3 herido y fue trasladado de urgencia a un hospital de la regi\u00f3n para recibir atenci\u00f3n m\u00e9dica especializada.<\/p>\n<p>La avioneta, de uso com\u00fan en academias de vuelo para entrenamiento, se precipit\u00f3 a tierra tras perder el control en circunstancias a\u00fan no esclarecidas. El impacto gener\u00f3 un estruendo que pudo escucharse a varios kil\u00f3metros de distancia, lo que alarm\u00f3 a los habitantes de la zona.<\/p>\n<p>Elementos de la Guardia Nacional y de la Guardia Estatal acudieron de inmediato para acordonar el \u00e1rea y facilitar el trabajo de los cuerpos de rescate y autoridades aeron\u00e1uticas.<\/p>\n<p>Las investigaciones oficiales quedaron a cargo de la Fiscal\u00eda General de la Rep\u00fablica (FGR), que trabajar\u00e1 de manera conjunta con peritos de la autoridad aeron\u00e1utica para determinar las causas exactas del desplome.<\/p>\n<p>Hasta el momento no se han revelado hip\u00f3tesis sobre el origen del accidente, aunque se espera que en las pr\u00f3ximas horas la FGR d\u00e9 a conocer avances de las indagatorias.<\/p>\n<p>La Vocer\u00eda de Seguridad de Tamaulipas confirm\u00f3 el hecho a trav\u00e9s de sus canales oficiales, sin ampliar detalles sobre el itinerario o destino de la aeronave siniestrada.<\/p>\n","protected":false},"excerpt":{"rendered":"<p>Una avioneta tipo Cessna 172N, con matr\u00edcula XB-BZK, se desplom\u00f3 la tarde de este viernes en terrenos del ejido Doroteo<\/p>\n","protected":false},"author":4,"featured_media":69825,"comment_status":"closed","ping_status":"closed","sticky":false,"template":"","format":"standard","meta":{"colormag_page_container_layout":"default_layout","colormag_page_sidebar_layout":"default_layout","_jetpack_memberships_contains_paid_content":false,"footnotes":"","jetpack_publicize_message":"","jetpack_publicize_feature_enabled":true,"jetpack_social_post_already_shared":true,"jetpack_social_options":{"image_generator_settings":{"template":"highway","default_image_id":0,"font":"","enabled":false},"version":2}},"categories":[30],"tags":[],"class_list":["post-69824","post","type-post","status-publish","format-standard","has-post-thumbnail","hentry","category-estados"],"jetpack_publicize_connections":[],"jetpack_featured_media_url":"https:\/\/i0.wp.com\/politicosaldesnudo.com.mx\/wp-content\/uploads\/2025\/08\/AVI.jpg?fit=773%2C431&ssl=1","jetpack-related-posts":[],"jetpack_sharing_enabled":true,"_links":{"self":[{"href":"https:\/\/politicosaldesnudo.com.mx\/index.php\/wp-json\/wp\/v2\/posts\/69824","targetHints":{"allow":["GET"]}}],"collection":[{"href":"https:\/\/politicosaldesnudo.com.mx\/index.php\/wp-json\/wp\/v2\/posts"}],"about":[{"href":"https:\/\/politicosaldesnudo.com.mx\/index.php\/wp-json\/wp\/v2\/types\/post"}],"author":[{"embeddable":true,"href":"https:\/\/politicosaldesnudo.com.mx\/index.php\/wp-json\/wp\/v2\/users\/4"}],"replies":[{"embeddable":true,"href":"https:\/\/politicosaldesnudo.com.mx\/index.php\/wp-json\/wp\/v2\/comments?post=69824"}],"version-history":[{"count":0,"href":"https:\/\/politicosaldesnudo.com.mx\/index.php\/wp-json\/wp\/v2\/posts\/69824\/revisions"}],"wp:featuredmedia":[{"embeddable":true,"href":"https:\/\/politicosaldesnudo.com.mx\/index.php\/wp-json\/wp\/v2\/media\/69825"}],"wp:attachment":[{"href":"https:\/\/politicosaldesnudo.com.mx\/index.php\/wp-json\/wp\/v2\/media?parent=69824"}],"wp:term":[{"taxonomy":"category","embeddable":true,"href":"https:\/\/politicosaldesnudo.com.mx\/index.php\/wp-json\/wp\/v2\/categories?post=69824"},{"taxonomy":"post_tag","embeddable":true,"href":"https:\/\/politicosaldesnudo.com.mx\/index.php\/wp-json\/wp\/v2\/tags?post=69824"}],"curies":[{"name":"wp","href":"https:\/\/api.w.org\/{rel}","templated":true}]}}