{"id":69856,"date":"2025-09-01T00:38:20","date_gmt":"2025-09-01T06:38:20","guid":{"rendered":"https:\/\/politicosaldesnudo.com.mx\/?p=69856"},"modified":"2025-09-01T00:38:20","modified_gmt":"2025-09-01T06:38:20","slug":"se-abren-puertas-al-crecimiento-de-tuxpan","status":"publish","type":"post","link":"https:\/\/politicosaldesnudo.com.mx\/index.php\/2025\/09\/01\/se-abren-puertas-al-crecimiento-de-tuxpan\/","title":{"rendered":"Se abren puertas al crecimiento de Tuxpan"},"content":{"rendered":"<p>\u00abHoy inicia un nuevo rumbo para Tuxpan, abriendo puertas al crecimiento y a grandes oportunidades para las y los veracruzanos\u00bb, afirm\u00f3 el presidente municipal electo, Daniel Cortina Mart\u00ednez, tras la firma del Convenio del Polo de Desarrollo Econ\u00f3mico para el Bienestar (PODECOBI), impulsado por la presidenta Claudia Sheinbaum Pardo.<\/p>\n<p>Cortina Mart\u00ednez fue testigo de este acto hist\u00f3rico que signaron la gobernadora Roc\u00edo Nahle Garc\u00eda y el Gobierno de M\u00e9xico, a trav\u00e9s del subsecretario de Industria y Comercio de la Secretar\u00eda de Econom\u00eda, Vidal Llerenas Morales.<\/p>\n<p>En las instalaciones de la Administraci\u00f3n del Sistema Portuario Nacional Tuxpan, el legislador local afirm\u00f3 que el polo de desarrollo en este puerto es un hecho que detonar\u00e1 una gran oportunidad para el impulso a la inversi\u00f3n, el crecimiento econ\u00f3mico y el bienestar de muchas familias de la regi\u00f3n.<\/p>\n<p>El diputado tuxpe\u00f1o comparti\u00f3 lo mencionado por la mandataria estatal cuando declar\u00f3 que este convenio \u201cmarca un momento hist\u00f3rico para Veracruz y salda una deuda pendiente con Tuxpan\u201d.<\/p>\n<p>De acuerdo con la Secretar\u00eda de Econom\u00eda, los PODECOBI contar\u00e1n con incentivos fiscales, servicios de salud y educaci\u00f3n, as\u00ed como facilidades administrativas para acelerar inversiones. En el caso de Tuxpan, tendr\u00e1 un impacto en m\u00e1s de 1.8 millones de habitantes de 48 municipios de la Huasteca Alta, Huasteca Baja y la regi\u00f3n Totonaca, fortaleciendo sectores estrat\u00e9gicos como la agroindustria, la metalmec\u00e1nica, la log\u00edstica, la energ\u00eda y la industria qu\u00edmica, adem\u00e1s de detonar el potencial\u00a0tur\u00edstico.<\/p>\n","protected":false},"excerpt":{"rendered":"<p>\u00abHoy inicia un nuevo rumbo para Tuxpan, abriendo puertas al crecimiento y a grandes oportunidades para las y los veracruzanos\u00bb,<\/p>\n","protected":false},"author":4,"featured_media":69857,"comment_status":"closed","ping_status":"closed","sticky":false,"template":"","format":"standard","meta":{"colormag_page_container_layout":"default_layout","colormag_page_sidebar_layout":"default_layout","_jetpack_memberships_contains_paid_content":false,"footnotes":"","jetpack_publicize_message":"","jetpack_publicize_feature_enabled":true,"jetpack_social_post_already_shared":true,"jetpack_social_options":{"image_generator_settings":{"template":"highway","default_image_id":0,"font":"","enabled":false},"version":2}},"categories":[1082],"tags":[],"class_list":["post-69856","post","type-post","status-publish","format-standard","has-post-thumbnail","hentry","category-tuxpan"],"jetpack_publicize_connections":[],"jetpack_featured_media_url":"https:\/\/i0.wp.com\/politicosaldesnudo.com.mx\/wp-content\/uploads\/2025\/09\/PU-scaled.jpg?fit=1920%2C2560&ssl=1","jetpack-related-posts":[],"jetpack_sharing_enabled":true,"_links":{"self":[{"href":"https:\/\/politicosaldesnudo.com.mx\/index.php\/wp-json\/wp\/v2\/posts\/69856","targetHints":{"allow":["GET"]}}],"collection":[{"href":"https:\/\/politicosaldesnudo.com.mx\/index.php\/wp-json\/wp\/v2\/posts"}],"about":[{"href":"https:\/\/politicosaldesnudo.com.mx\/index.php\/wp-json\/wp\/v2\/types\/post"}],"author":[{"embeddable":true,"href":"https:\/\/politicosaldesnudo.com.mx\/index.php\/wp-json\/wp\/v2\/users\/4"}],"replies":[{"embeddable":true,"href":"https:\/\/politicosaldesnudo.com.mx\/index.php\/wp-json\/wp\/v2\/comments?post=69856"}],"version-history":[{"count":0,"href":"https:\/\/politicosaldesnudo.com.mx\/index.php\/wp-json\/wp\/v2\/posts\/69856\/revisions"}],"wp:featuredmedia":[{"embeddable":true,"href":"https:\/\/politicosaldesnudo.com.mx\/index.php\/wp-json\/wp\/v2\/media\/69857"}],"wp:attachment":[{"href":"https:\/\/politicosaldesnudo.com.mx\/index.php\/wp-json\/wp\/v2\/media?parent=69856"}],"wp:term":[{"taxonomy":"category","embeddable":true,"href":"https:\/\/politicosaldesnudo.com.mx\/index.php\/wp-json\/wp\/v2\/categories?post=69856"},{"taxonomy":"post_tag","embeddable":true,"href":"https:\/\/politicosaldesnudo.com.mx\/index.php\/wp-json\/wp\/v2\/tags?post=69856"}],"curies":[{"name":"wp","href":"https:\/\/api.w.org\/{rel}","templated":true}]}}