{"id":69907,"date":"2025-09-01T01:14:29","date_gmt":"2025-09-01T07:14:29","guid":{"rendered":"https:\/\/politicosaldesnudo.com.mx\/?p=69907"},"modified":"2025-09-01T01:14:29","modified_gmt":"2025-09-01T07:14:29","slug":"senadores-y-diputados-del-pri-y-pan-planearon-agresion-a-la-presidencia-del-senado-el-pueblo-exige-desafuero","status":"publish","type":"post","link":"https:\/\/politicosaldesnudo.com.mx\/index.php\/2025\/09\/01\/senadores-y-diputados-del-pri-y-pan-planearon-agresion-a-la-presidencia-del-senado-el-pueblo-exige-desafuero\/","title":{"rendered":"Senadores y diputados del PRI y PAN, planearon agresi\u00f3n a la presidencia del Senado. El pueblo exige desafuero"},"content":{"rendered":"<p>Se puede estar o no de acuerdo con el Senador Gerardo Fern\u00e1ndez Noro\u00f1a, por su particular estilo de legislar y; sobre todo, de conducir la presidencia del Senado de la Rep\u00fablica. Durante toda su vida desde que milit\u00f3 en el Partido de la Revoluci\u00f3n Democr\u00e1tica (PRD);\u00a0 siempre, siempre ha sido en\u00e9rgico en sus cuestionamientos y posicionamientos, se caracteriza por ser fuerte en la cr\u00edtica; tanto que, fue el \u00fanico que encar\u00f3 y de frente le dijo sus verdades a Genaro Garc\u00eda Luna, arriesg\u00f3 todo cuando \u00e9ste \u00faltimo era considerado el s\u00faper secretario y result\u00f3 que no era otra cosa m\u00e1s que el jefe del narcotr\u00e1fico en M\u00e9xico.<\/p>\n<p>La gente no olvida que todo esto se dio en los gobiernos del PAN y particularmente en la administraci\u00f3n del espurio Felipe Calder\u00f3n. Noro\u00f1a, a pesar de haber sido un destacado opositor,\u00a0 nunca lleg\u00f3 a los golpes y jam\u00e1s violent\u00f3 a las autoridades legislativas. Nunca en la historia de la C\u00e1mara de Senadores se hab\u00eda registrado semejante agresi\u00f3n a la presidencia del Senado; por ello,\u00a0 la defensa y molestia de\u00a0 los mexicanos no es porque se trate Noro\u00f1a, \u00a1no..!, es porque se trata de la m\u00e1s alta tribuna y presidencia del Poder Legislativo.<\/p>\n<p>La agresi\u00f3n fue un acto cobarde y deleznable, planeado con precisi\u00f3n y anterioridad entre la oposici\u00f3n y; fue provocada por Lilly T\u00e9llez, una senadora estridente, violenta y provocadora. Noro\u00f1a es un\u00a0\u00a0 excelente orador y consumado pol\u00edtico de izquierda; sin embargo, a pesar de la crudeza de sus intervenciones y cuestionamientos, siempre demostr\u00f3 que su forma de dirimir las diferencias es a trav\u00e9s del debate de ideas y; en eso hay que reconocerle a \u00e9ste legislador su potencial discurso,\u00a0 privilegiada memoria y\u00a0 capacidad de improvisar y debatir. Es un devorador de libros (lee mucho).<\/p>\n<p>De estos lamentables hechos se debe sentar un precedente y, el desafuero ser\u00eda lo m\u00ednimo que les pueda pasar a\u00a0 los senadores y diputados golpistas. La molestia del PRI y PAN, es que porque el presidente de la mesa directiva del Senado, los denunci\u00f3 p\u00fablicamente como traidores de la Naci\u00f3n y vende patrias, por solicitar la invasi\u00f3n de los Estados Unidos de Norteam\u00e9rica y; de ello, hay antecedentes y testimonios que los inculpan, es verdad y no es un invento. Alito fue a los Estados a denunciar hechos inexistentes del gobierno actual, acusando de v\u00ednculos con el narco, lo cual es totalmente falso y Lilly T\u00e9llez, ofreci\u00f3 una entrevista a un medio de comunicaci\u00f3n estadounidense en la que expl\u00edcitamente solicit\u00f3 la invasi\u00f3n de Estados Unidos, ambos solicitaron lo mismo al pa\u00eds vecino. Las leyes mexicanas, particularmente en los art\u00edculos 123 al 126 del C\u00f3digo Penal Federal, se tipifica como traici\u00f3n a la patria, especificando conductas como la realizaci\u00f3n de actos contra la independencia de la naci\u00f3n para someterlas a un poder extranjero o la participaci\u00f3n en actos de hostilidad a \u00f3rdenes de un gobierno extranjero.<\/p>\n<p>Los enfrentamientos verbales se registraron\u00a0 durante el ejercicio parlamentario donde morenistas\u00a0 acusaron a\u00a0 panistas y priistas de traidores y vende patrias, eso no les gust\u00f3 a la oposici\u00f3n, porque el pueblo ahora\u00a0 pide sus desafueros,\u00a0 en especial de Lilly T\u00e9llez y Alito Moreno. Despu\u00e9s del grav\u00edsimo incidente, se interpuso una denuncia penal en contra de los legisladores\u00a0 Carlos Eduardo Guti\u00e9rrez Mancilla, Pablo Guillermo Angulo Brice\u00f1o, Eruviel Lorenzo Alonso Que,\u00a0 Rub\u00e9n Ignacio Moreira y el principal orquestador de toda \u00e9sta hist\u00f3rica agresi\u00f3n Alejandro Moreno C\u00e1rdenas.<\/p>\n<p>El desafuero que el pueblo exige es fundamentalmente en contra de Lilly T\u00e9llez y Alejandro Moreno, por traici\u00f3n la patria, pero est\u00e9 \u00faltimo ya\u00a0 viene arrastrando actos de corrupci\u00f3n en el gobierno de Campeche, cuando fue gobernador, un proceso de desafuero.<\/p>\n<p>EL MODELO DE TRABAJO DE LA GOBERNADORA ROCI\u00d3 NAHLE en la entidad veracruzana, impulsa a quienes ser\u00e1n los nuevos mandatarios municipales a partir del 2026,\u00a0 en este sentido, ya se les ve trabajar fuerte a No\u00e9 G\u00f3mez P\u00e9rez de Oteapan, Cirilo V\u00e1zquez Parissi, de Cosoleacaque, Santiago Cortes Padua de Chinameca y\u00a0 S\u00f3simo L\u00f3pez Ram\u00edrez de San Pedro Soteapan, este \u00faltimo, quien no descansa y aprovecha este inter para recorrer su municipio y consultar a\u00a0 quienes ser\u00e1n sus gobernados, pero adem\u00e1s, sabe que las consultas ciudadanas\u00a0 y el escuchar\u00a0 a la gente le permitir\u00e1 construir un verdadero plan de desarrollo para su municipio.<\/p>\n<p>CON EL PLAN (ARES) que desarrolla el Centro Universitario\u00a0 BONPLAND &amp; HUMBOLDT Instituto de Ciencia y Tecnolog\u00edas Espaciales, M\u00e9xico podr\u00e1 contar con su propio programa espacial y estar a la altura de los pa\u00edses que ya exploran el cosmos.<\/p>\n<p>El creador de este ambicioso PLAN, doctor, H\u00e9ctor Omar Pensado D\u00edaz, enamorado de lo que nos muestra nuestra b\u00f3veda celeste, realiz\u00f3 la\u00a0 Propuesta Latinoamericana de Exploraci\u00f3n Tripulada de Marte El Plan (Ares), en el a\u00f1o (2005), siendo la primera en Am\u00e9rica Latina, este proyecto creado y dirigido por el mismo doctor Pensado D\u00edaz, se lleva\u00a0 a cabo en el municipio de Emiliano Zapata del estado de Veracruz.<\/p>\n<p>Dentro del proyecto se ha desarrollado un programa espacial que ha permitido construir los prototipos de una serie de naves espaciales propuestas para la exploraci\u00f3n de Marte, los cuales est\u00e1n sirviendo para el desarrollo de los sistemas que permitir\u00e1n viajar hasta ese planeta, tales como motores de propulsi\u00f3n y los cohetes lanzadores.<\/p>\n<p>La visi\u00f3n y percepci\u00f3n\u00a0 del doctor Pensado y su gran equipo de trabajo entre ellos, la doctora Julieta Ivet Ram\u00edrez Enr\u00edquez, han desarrollado un sistema de terraformaci\u00f3n para Marte, es decir; un m\u00e9todo para convertir a Marte en un planeta verde, similar a la Tierra. Este sistema de terraformaci\u00f3n fue bautizado por la NASA (Administraci\u00f3n Nacional de Aeron\u00e1utica y el Espacio) como Modelo de Oasis. Actualmente, se est\u00e1n construyendo los modelos de dos naves espaciales, la primera se trata de un veh\u00edculo que tendr\u00e1 la capacidad de viajar de la Tierra a Marte y de regreso. La segunda, es un alunizador que permitir\u00e1 alcanzar Fobos, una de las lunas de Marte. De la misma manera, ya se encuentra en proceso de construcci\u00f3n un modelo de m\u00e1quina\/invernadero denominada Unidad M\u00ednima de Terraformaci\u00f3n. Con esta se podr\u00e1n hacer ensayos en Tierra para la simulaci\u00f3n de condiciones intermedias entre Marte y la Tierra que permitir\u00e1n procesar, mediante la instalaci\u00f3n de un ecosistema previamente adaptado a esas condiciones, la atm\u00f3sfera de interior de la UMT, as\u00ed como el suelo y gradualmente modificar las condiciones atmosf\u00e9ricas, clim\u00e1ticas y biol\u00f3gicas del nombrado planeta Marte.<\/p>\n<p>Este ambicioso proyecto, 22 de abril, del 2025, en una reuni\u00f3n que tuvo lugar en la base \u00c1rea de \u201cSanta Lucia\u201d ciudad de M\u00e9xico ambos cient\u00edficos Omar y Julieta, acompa\u00f1ado de la diputada veracruzana Victoria Guti\u00e9rrez P\u00e9rez, lo presentaron a la presidenta Claudia Sheinbaum Pardo.<\/p>\n<p>El martes, 26 de agosto 2025, el equipo AREAS encabezados por doctor H\u00e9ctor O. Pensado se reuni\u00f3 con la Secretar\u00eda de Ciencia, Humanidades, Tecnolog\u00eda e Innovaci\u00f3n, acompa\u00f1ado por el Director General, doctor, Marco Antonio Barrera Ibarra; la Directora de Desarrollo Tecnol\u00f3gico, doctora, Edith Calixto. El Plan Ares presenta una serie de vertientes que van desde la tecnol\u00f3gica, la cient\u00edfica y la educativa hasta la sociol\u00f3gica, econ\u00f3mica y pol\u00edtica, la finalidad es que sea tomado en cuenta dentro del plan M\u00e9xico. Impulsar la soberan\u00eda Tecnol\u00f3gica y lanzar al espacio su propio sat\u00e9lite.<\/p>\n<p><img data-recalc-dims=\"1\" loading=\"lazy\" decoding=\"async\" class=\"aligncenter size-full wp-image-69908\" src=\"https:\/\/i0.wp.com\/politicosaldesnudo.com.mx\/wp-content\/uploads\/2025\/09\/FIRMA-EDITORIAL-PD.jpg?resize=800%2C98&#038;ssl=1\" alt=\"\" width=\"800\" height=\"98\" srcset=\"https:\/\/i0.wp.com\/politicosaldesnudo.com.mx\/wp-content\/uploads\/2025\/09\/FIRMA-EDITORIAL-PD.jpg?w=1024&amp;ssl=1 1024w, https:\/\/i0.wp.com\/politicosaldesnudo.com.mx\/wp-content\/uploads\/2025\/09\/FIRMA-EDITORIAL-PD.jpg?resize=300%2C37&amp;ssl=1 300w, https:\/\/i0.wp.com\/politicosaldesnudo.com.mx\/wp-content\/uploads\/2025\/09\/FIRMA-EDITORIAL-PD.jpg?resize=768%2C94&amp;ssl=1 768w\" sizes=\"auto, (max-width: 800px) 100vw, 800px\" \/><\/p>\n","protected":false},"excerpt":{"rendered":"<p>Se puede estar o no de acuerdo con el Senador Gerardo Fern\u00e1ndez Noro\u00f1a, por su particular estilo de legislar y;<\/p>\n","protected":false},"author":4,"featured_media":56392,"comment_status":"closed","ping_status":"closed","sticky":false,"template":"","format":"standard","meta":{"colormag_page_container_layout":"default_layout","colormag_page_sidebar_layout":"default_layout","_jetpack_memberships_contains_paid_content":false,"footnotes":"","jetpack_publicize_message":"","jetpack_publicize_feature_enabled":true,"jetpack_social_post_already_shared":true,"jetpack_social_options":{"image_generator_settings":{"template":"highway","default_image_id":0,"font":"","enabled":false},"version":2}},"categories":[26],"tags":[],"class_list":["post-69907","post","type-post","status-publish","format-standard","has-post-thumbnail","hentry","category-columnistas"],"jetpack_publicize_connections":[],"jetpack_featured_media_url":"https:\/\/i0.wp.com\/politicosaldesnudo.com.mx\/wp-content\/uploads\/2025\/02\/LEAD-POLITICO-AZUL.jpg?fit=800%2C445&ssl=1","jetpack-related-posts":[],"jetpack_sharing_enabled":true,"_links":{"self":[{"href":"https:\/\/politicosaldesnudo.com.mx\/index.php\/wp-json\/wp\/v2\/posts\/69907","targetHints":{"allow":["GET"]}}],"collection":[{"href":"https:\/\/politicosaldesnudo.com.mx\/index.php\/wp-json\/wp\/v2\/posts"}],"about":[{"href":"https:\/\/politicosaldesnudo.com.mx\/index.php\/wp-json\/wp\/v2\/types\/post"}],"author":[{"embeddable":true,"href":"https:\/\/politicosaldesnudo.com.mx\/index.php\/wp-json\/wp\/v2\/users\/4"}],"replies":[{"embeddable":true,"href":"https:\/\/politicosaldesnudo.com.mx\/index.php\/wp-json\/wp\/v2\/comments?post=69907"}],"version-history":[{"count":0,"href":"https:\/\/politicosaldesnudo.com.mx\/index.php\/wp-json\/wp\/v2\/posts\/69907\/revisions"}],"wp:featuredmedia":[{"embeddable":true,"href":"https:\/\/politicosaldesnudo.com.mx\/index.php\/wp-json\/wp\/v2\/media\/56392"}],"wp:attachment":[{"href":"https:\/\/politicosaldesnudo.com.mx\/index.php\/wp-json\/wp\/v2\/media?parent=69907"}],"wp:term":[{"taxonomy":"category","embeddable":true,"href":"https:\/\/politicosaldesnudo.com.mx\/index.php\/wp-json\/wp\/v2\/categories?post=69907"},{"taxonomy":"post_tag","embeddable":true,"href":"https:\/\/politicosaldesnudo.com.mx\/index.php\/wp-json\/wp\/v2\/tags?post=69907"}],"curies":[{"name":"wp","href":"https:\/\/api.w.org\/{rel}","templated":true}]}}