{"id":69912,"date":"2025-09-01T01:17:22","date_gmt":"2025-09-01T07:17:22","guid":{"rendered":"https:\/\/politicosaldesnudo.com.mx\/?p=69912"},"modified":"2025-09-01T01:17:22","modified_gmt":"2025-09-01T07:17:22","slug":"narcosocialismo","status":"publish","type":"post","link":"https:\/\/politicosaldesnudo.com.mx\/index.php\/2025\/09\/01\/narcosocialismo\/","title":{"rendered":"\u00bfNarcosocialismo?"},"content":{"rendered":"<p>La declaratoria del gobierno de Estados Unidos para Nicol\u00e1s Maduro, -el presidente de Venezuela-, como l\u00edder del \u201cC\u00e1rtel de los Soles\u201d, nos debe llevar a profundas reflexiones.<\/p>\n<p>Muchos respetados socialistas mexicanos, -de larga trayectoria pol\u00edtica y respaldo intelectual-, se han distanciado de MORENA y la 4T, incluyendo al comandante Marcos y el Movimiento Zapatista.<\/p>\n<p>Todas las ideolog\u00edas nos merecen profundo respeto, pues su pluralidad enriquece la democracia, cuando est\u00e1n abiertas al di\u00e1logo y a la alternancia partidista en el \u00e1mbito electoral.<\/p>\n<p>El mismo PRD, que desde su fundaci\u00f3n aglutin\u00f3 a todas las agrupaciones de izquierda de nuestro pa\u00eds, -y lleg\u00f3 a gobernar mucho tiempo la Ciudad de M\u00e9xico, y varias entidades federativas, hasta que MORENA lo desfond\u00f3 llev\u00e1ndose a la mayor\u00eda de sus militantes-, fue respetuoso de ese pacto democr\u00e1tico.<\/p>\n<p>El problema pol\u00edtico de hoy no es ideol\u00f3gico, ni tiene que ver con la dicotom\u00eda izquierda socialista Vs. Derecha capitalista o neoliberal.<\/p>\n<p>Ha habido pol\u00edticos socialistas que han orientado hacia el desarrollo y la bonanza econ\u00f3mica a los pa\u00edses que han gobernado, como lo hizo Felipe Gonz\u00e1lez quien llev\u00f3 a Espa\u00f1a a integrarse a la naciente Comunidad Europea, en 1985, a partir de lo cual ese pa\u00eds se proyect\u00f3 como una potencia econ\u00f3mica que hoy forma parte del G20, igual que M\u00e9xico.<\/p>\n<p>Tambi\u00e9n vemos el caso de Chile, hoy gobernado por un pol\u00edtico joven, de izquierda, Gabriel Boric, que no dud\u00f3 en exigir a Nicol\u00e1s Maduro que respetase el resultado de las pasadas elecciones de Venezuela, -lo cual tambi\u00e9n hizo Lula, el presidente brasile\u00f1o-, y ambos tambi\u00e9n han marcado distancia del dictador que gobierna Nicaragua, Daniel Ortega.<\/p>\n<p>Por alguna raz\u00f3n, este gobierno de la 4T contin\u00faa cerca de Venezuela, -de Nicol\u00e1s Maduro-, y de Cuba, de D\u00edaz Canel, gobierno este \u00faltimo al que M\u00e9xico le ha estado patrocinando, -como acci\u00f3n filantr\u00f3pica-, petr\u00f3leo, la edici\u00f3n de sus libros de texto escolar y le contrata m\u00e9dicos, lo cual genera un costo seguramente tres veces mayor que el salario de un m\u00e9dico mexicano, y eso apenas es lo que sabemos.<\/p>\n<p>\u00bfPor qu\u00e9 raz\u00f3n Maduro no le deja la presidencia a quien le gan\u00f3 limpiamente la elecci\u00f3n? \u2026 Seguramente porque al irse se destapar\u00e1 la cloaca de sus nexos con el narcotr\u00e1fico, -como acusa el gobierno norteamericano-, \u00a0para lo cual, -como primera medida-, le ha confiscado a ese dictador propiedades en Estados Unidos por un valor de 700 millones de d\u00f3lares, o sea 14 mil millones de pesos \u00fanicamente en ese pa\u00eds. \u00bfImaginemos cu\u00e1nto tendr\u00e1 invertido en M\u00e9xico y en los para\u00edsos fiscales?<\/p>\n<p>Seguramente para no dejar en manos de un sucesor pol\u00edticamente adversario toda la ruta de sus delitos, es que se aferra al poder desafiando incluso al gobierno de uno de los pa\u00edses l\u00edderes del mundo.<\/p>\n<p>Quien tiene mucho que esconder, nunca dejar\u00e1 el poder por propia iniciativa, ni a\u00fan violando la ley.<\/p>\n<p>Para nosotros, -en M\u00e9xico-, es valida la pregunta: \u00bfA qu\u00e9 le tienen miedo los morenistas, pues prefieren romper el pacto democr\u00e1tico que hasta hoy ha garantizado la alternancia partidista, -y con actitud soberbia-, est\u00e1n haciendo todas las reformas constitucionales que les permitir\u00e1n eternizarse en el poder?<\/p>\n<p>No podemos, -ni debemos-, generalizar respecto a todos los afiliados a MORENA, pues con toda seguridad hay gente honorable y convencida ideol\u00f3gicamente de la etiqueta izquierdista que ha enarbolado ese partido.<\/p>\n<p>\u00bfQu\u00e9 dir\u00eda don Heberto Castillo, -uno de los m\u00e1s admirados y congruentes hombres de izquierda que ha dado la pol\u00edtica mexicana-, si le tocase ver lo que hoy hace MORENA con nuestra democracia.<\/p>\n<p>Por algo Porfirio Mu\u00f1oz Ledo, -un \u00edcono de ese partido-, al final de su vida se desmarc\u00f3 de las pr\u00e1cticas antidemocr\u00e1ticas impulsadas por L\u00f3pez Obrador.<\/p>\n<p>Hoy vemos en MORENA un partido con fuertes fisuras que le dividen.\u00a0 \u00bfCu\u00e1ntos verdaderos hombres de izquierda, -militantes morenistas-, se estar\u00e1n queriendo desmarcar de los oportunistas que sean enriquecido? Y seguramente estos honorables ide\u00f3logos se preguntar\u00e1n\u2026 \u00bfC\u00f3mo habr\u00e1n hecho para enriquecerse a partir de la pol\u00edtica y en tan poco tiempo?<\/p>\n<p>Esta es la pregunta que hoy flota en el aire.<\/p>\n<p>Viendo la forma tan antidemocr\u00e1tica de aferrarse al poder, MORENA no deja de levantar suspicacias\u2026 \u00bfPor qu\u00e9 tienen tanto miedo de dejar de gobernar y perder el control pol\u00edtico del pa\u00eds? \u2026 aunque eso signifique traicionar los ideales democr\u00e1ticos fundacionales del mismo partido.<\/p>\n<p><strong>OTRA PREGUNTA INDISCRETA<\/strong><\/p>\n<p>Seguramente Alito no tiene como evadirse de la etiqueta que ya le colg\u00f3 la presidenta Claudia Sheinbaum, que le calific\u00f3 como \u201cporro\u201d. Sin embargo, \u00bfLa presidenta no ha volteado a su rededor para ver cu\u00e1ntos porros est\u00e1n cerca de ella?<\/p>\n<p>\u00bfA usted qu\u00e9 le parece?<\/p>\n<p><img data-recalc-dims=\"1\" loading=\"lazy\" decoding=\"async\" class=\"aligncenter size-full wp-image-69908\" src=\"https:\/\/i0.wp.com\/politicosaldesnudo.com.mx\/wp-content\/uploads\/2025\/09\/FIRMA-EDITORIAL-PD.jpg?resize=800%2C98&#038;ssl=1\" alt=\"\" width=\"800\" height=\"98\" srcset=\"https:\/\/i0.wp.com\/politicosaldesnudo.com.mx\/wp-content\/uploads\/2025\/09\/FIRMA-EDITORIAL-PD.jpg?w=1024&amp;ssl=1 1024w, https:\/\/i0.wp.com\/politicosaldesnudo.com.mx\/wp-content\/uploads\/2025\/09\/FIRMA-EDITORIAL-PD.jpg?resize=300%2C37&amp;ssl=1 300w, https:\/\/i0.wp.com\/politicosaldesnudo.com.mx\/wp-content\/uploads\/2025\/09\/FIRMA-EDITORIAL-PD.jpg?resize=768%2C94&amp;ssl=1 768w\" sizes=\"auto, (max-width: 800px) 100vw, 800px\" \/><\/p>\n","protected":false},"excerpt":{"rendered":"<p>La declaratoria del gobierno de Estados Unidos para Nicol\u00e1s Maduro, -el presidente de Venezuela-, como l\u00edder del \u201cC\u00e1rtel de los<\/p>\n","protected":false},"author":4,"featured_media":48797,"comment_status":"closed","ping_status":"closed","sticky":false,"template":"","format":"standard","meta":{"colormag_page_container_layout":"default_layout","colormag_page_sidebar_layout":"default_layout","_jetpack_memberships_contains_paid_content":false,"footnotes":"","jetpack_publicize_message":"","jetpack_publicize_feature_enabled":true,"jetpack_social_post_already_shared":true,"jetpack_social_options":{"image_generator_settings":{"template":"highway","default_image_id":0,"font":"","enabled":false},"version":2}},"categories":[26],"tags":[],"class_list":["post-69912","post","type-post","status-publish","format-standard","has-post-thumbnail","hentry","category-columnistas"],"jetpack_publicize_connections":[],"jetpack_featured_media_url":"https:\/\/i0.wp.com\/politicosaldesnudo.com.mx\/wp-content\/uploads\/2024\/10\/RICARDO-HOMS.jpg?fit=800%2C447&ssl=1","jetpack-related-posts":[],"jetpack_sharing_enabled":true,"_links":{"self":[{"href":"https:\/\/politicosaldesnudo.com.mx\/index.php\/wp-json\/wp\/v2\/posts\/69912","targetHints":{"allow":["GET"]}}],"collection":[{"href":"https:\/\/politicosaldesnudo.com.mx\/index.php\/wp-json\/wp\/v2\/posts"}],"about":[{"href":"https:\/\/politicosaldesnudo.com.mx\/index.php\/wp-json\/wp\/v2\/types\/post"}],"author":[{"embeddable":true,"href":"https:\/\/politicosaldesnudo.com.mx\/index.php\/wp-json\/wp\/v2\/users\/4"}],"replies":[{"embeddable":true,"href":"https:\/\/politicosaldesnudo.com.mx\/index.php\/wp-json\/wp\/v2\/comments?post=69912"}],"version-history":[{"count":0,"href":"https:\/\/politicosaldesnudo.com.mx\/index.php\/wp-json\/wp\/v2\/posts\/69912\/revisions"}],"wp:featuredmedia":[{"embeddable":true,"href":"https:\/\/politicosaldesnudo.com.mx\/index.php\/wp-json\/wp\/v2\/media\/48797"}],"wp:attachment":[{"href":"https:\/\/politicosaldesnudo.com.mx\/index.php\/wp-json\/wp\/v2\/media?parent=69912"}],"wp:term":[{"taxonomy":"category","embeddable":true,"href":"https:\/\/politicosaldesnudo.com.mx\/index.php\/wp-json\/wp\/v2\/categories?post=69912"},{"taxonomy":"post_tag","embeddable":true,"href":"https:\/\/politicosaldesnudo.com.mx\/index.php\/wp-json\/wp\/v2\/tags?post=69912"}],"curies":[{"name":"wp","href":"https:\/\/api.w.org\/{rel}","templated":true}]}}