{"id":69916,"date":"2025-09-01T01:20:04","date_gmt":"2025-09-01T07:20:04","guid":{"rendered":"https:\/\/politicosaldesnudo.com.mx\/?p=69916"},"modified":"2025-09-01T01:20:04","modified_gmt":"2025-09-01T07:20:04","slug":"un-parteaguas-en-la-justicia-veracruzana","status":"publish","type":"post","link":"https:\/\/politicosaldesnudo.com.mx\/index.php\/2025\/09\/01\/un-parteaguas-en-la-justicia-veracruzana\/","title":{"rendered":"Un parteaguas en la justicia veracruzana"},"content":{"rendered":"<p style=\"background: white;\"><span style=\"font-family: 'Arial','sans-serif'; color: #222222;\">La toma de posesi\u00f3n de la magistrada Rosalba Hern\u00e1ndez Hern\u00e1ndez este lunes primero de septiembre como presidenta del Tribunal Superior de Justicia del Estado de Veracruz no es, o no deber\u00eda ser, un mero acto protocolario m\u00e1s dentro de la inercia burocr\u00e1tica. Por el contrario, representa \u2014al menos en el discurso y la expectativa p\u00fablica\u2014 un parteaguas en la historia de la justicia en Veracruz, esa justicia que ha sido tantas veces negada, pospuesta o torcida al capricho de los poderosos.<\/span><\/p>\n<p style=\"background: white;\"><span style=\"font-family: 'Arial','sans-serif'; color: #222222;\">No es gratuito se\u00f1alarlo: la judicatura veracruzana arrastra una pesada deuda con la ciudadan\u00eda. Durante d\u00e9cadas, el Tribunal Superior de Justicia ha sido percibido \u2014y en demasiadas ocasiones, demostrado\u2014 como un aparato m\u00e1s al servicio del poder pol\u00edtico en turno, incapaz de garantizar la autonom\u00eda que la Constituci\u00f3n le exige. La justicia, se sabe, no solo debe impartirse, sino tambi\u00e9n parecerlo. Y en Veracruz, lo que ha parecido es un sistema colonizado por intereses ajenos al derecho.<\/span><\/p>\n<p style=\"background: white;\"><span style=\"font-family: 'Arial','sans-serif'; color: #222222;\">La llegada de Rosalba Hern\u00e1ndez abre, al menos, una ventana de oportunidad. No porque la toga transforme de la noche a la ma\u00f1ana las viejas pr\u00e1cticas, sino porque el hecho de que una mujer encabece ahora el m\u00e1ximo \u00f3rgano jurisdiccional en un estado marcado por la violencia, la corrupci\u00f3n y la impunidad, reviste un simbolismo que no podemos pasar por alto.<\/span><\/p>\n<p style=\"background: white;\"><span style=\"font-family: 'Arial','sans-serif'; color: #222222;\">En un pa\u00eds donde apenas el 23% de las presidencias de tribunales superiores estatales son ocupadas por mujeres, el ascenso de Hern\u00e1ndez Hern\u00e1ndez coloca a Veracruz en el mapa de las transformaciones paritarias. Pero no se trata solo de contar mujeres en cargos p\u00fablicos; se trata de que esas mujeres ejerzan el poder judicial con independencia, con rigor y con sentido \u00e9tico. La presencia femenina debe significar un viraje en las pr\u00e1cticas, no una continuidad maquillada con perspectiva de g\u00e9nero.<\/span><\/p>\n<p style=\"background: white;\"><span style=\"font-family: 'Arial','sans-serif'; color: #222222;\">Porque lo cierto es que la justicia en Veracruz ha sido, hist\u00f3ricamente, una maquinaria patriarcal: vertical, cerrada, herm\u00e9tica. Basta recordar los a\u00f1os recientes: jueces y magistrados se\u00f1alados por resolver a conveniencia de los gobernadores, carpetas congeladas cuando se trataba de personajes influyentes, sentencias dictadas bajo consigna. Si algo necesita el Tribunal, es justamente lo contrario: abrir las ventanas, ventilar las causas y demostrar, con hechos y no con discursos, que la ley est\u00e1 por encima de la pol\u00edtica.<\/span><\/p>\n<p style=\"background: white;\"><span style=\"font-family: 'Arial','sans-serif'; color: #222222;\">No podemos enga\u00f1arnos. La independencia judicial en M\u00e9xico, y en Veracruz en particular, es m\u00e1s un anhelo que una realidad. La Constituci\u00f3n local garantiza esa autonom\u00eda, pero los nombramientos, los presupuestos y las presiones soterradas siguen amarrando al poder judicial a los vaivenes de los gobiernos estatales. Rosalba Hern\u00e1ndez enfrentar\u00e1, inevitablemente, la tentaci\u00f3n de convertirse en un engranaje m\u00e1s de esa maquinaria.<\/span><\/p>\n<p style=\"background: white;\"><span style=\"font-family: 'Arial','sans-serif'; color: #222222;\">Aqu\u00ed radica el verdadero parteaguas: o consolida la sumisi\u00f3n, como tantos otros presidentes de tribunal que pasaron sin pena ni gloria, o encarna la posibilidad de rescatar la dignidad de la justicia veracruzana. Una tarea tit\u00e1nica, s\u00ed, pero imprescindible. Porque sin jueces independientes, sin magistrados incorruptibles, sin procesos transparentes, cualquier discurso de Estado de derecho se vuelve mera ret\u00f3rica.<\/span><\/p>\n<p style=\"background: white;\"><span style=\"font-family: 'Arial','sans-serif'; color: #222222;\">El ciudadano com\u00fan no se pregunta por la teor\u00eda de la divisi\u00f3n de poderes. Lo que se pregunta es por qu\u00e9 un feminicida queda libre a los tres d\u00edas, por qu\u00e9 un despojo de tierras tarda veinte a\u00f1os en resolverse, por qu\u00e9 un pol\u00edtico acusado de corrupci\u00f3n nunca pisa la c\u00e1rcel. Y esas respuestas, o la falta de ellas, son las que marcan la credibilidad del Tribunal.<\/span><\/p>\n<p style=\"background: white;\"><span style=\"font-family: 'Arial','sans-serif'; color: #222222;\">Por eso, m\u00e1s all\u00e1 de los discursos solemnes de toma de protesta, lo que est\u00e1 en juego es si la nueva presidenta puede enfrentar con decisi\u00f3n las inercias internas: jueces que se venden al mejor postor, ministerios p\u00fablicos que fabrican culpables, litigios eternos que desgastan al ciudadano. Una justicia lenta y corrupta no es justicia; es una simulaci\u00f3n.<\/span><\/p>\n<p style=\"background: white;\"><span style=\"font-family: 'Arial','sans-serif'; color: #222222;\">No olvidemos que el poder judicial en Veracruz ha sido, durante a\u00f1os, c\u00f3mplice del autoritarismo. Desde los juicios pol\u00edticos expr\u00e9s hasta la persecuci\u00f3n judicial de opositores, pasando por las exoneraciones selectivas. Ese pasado reciente obliga a mirar con lupa cada paso de la nueva administraci\u00f3n. Porque si algo ha demostrado la historia, es que las palabras de cambio suelen quedarse en promesas, y la impunidad termina ganando la partida.<\/span><\/p>\n<p style=\"background: white;\"><span style=\"font-family: 'Arial','sans-serif'; color: #222222;\">La designaci\u00f3n de Rosalba Hern\u00e1ndez Hern\u00e1ndez no resolver\u00e1 por s\u00ed sola los problemas de la justicia en Veracruz. Pero s\u00ed abre la posibilidad \u2014y con ella la exigencia ciudadana\u2014 de que se inaugure una etapa distinta, donde los jueces dejen de ser empleados del gobernador en turno y se conviertan, al fin, en servidores de la ley.<\/span><\/p>\n<p style=\"background: white;\"><span style=\"font-family: 'Arial','sans-serif'; color: #222222;\">El parteaguas no se medir\u00e1 en los discursos inaugurales, sino en los casos resueltos con independencia, en las sentencias dictadas con rigor, en la confianza ciudadana recuperada. Si Hern\u00e1ndez logra resistir las presiones y hacer del Tribunal un verdadero contrapeso, su nombre quedar\u00e1 inscrito en la historia. Si no, ser\u00e1 recordada como una m\u00e1s en la larga lista de presidentes del Tribunal que juraron renovar la justicia y terminaron reforzando la impunidad.<\/span><\/p>\n<p style=\"background: white;\"><span style=\"font-family: 'Arial','sans-serif'; color: #222222;\">La ciudadan\u00eda veracruzana merece una justicia que no sea ornamento del poder, sino garant\u00eda de derechos. La pregunta es si, con esta nueva presidencia, se abre de verdad ese camino o si asistimos, una vez m\u00e1s, a la repetici\u00f3n de un guion que ya conocemos demasiado bien.<\/span><\/p>\n<p><img data-recalc-dims=\"1\" loading=\"lazy\" decoding=\"async\" class=\"aligncenter size-full wp-image-69908\" src=\"https:\/\/i0.wp.com\/politicosaldesnudo.com.mx\/wp-content\/uploads\/2025\/09\/FIRMA-EDITORIAL-PD.jpg?resize=800%2C98&#038;ssl=1\" alt=\"\" width=\"800\" height=\"98\" srcset=\"https:\/\/i0.wp.com\/politicosaldesnudo.com.mx\/wp-content\/uploads\/2025\/09\/FIRMA-EDITORIAL-PD.jpg?w=1024&amp;ssl=1 1024w, https:\/\/i0.wp.com\/politicosaldesnudo.com.mx\/wp-content\/uploads\/2025\/09\/FIRMA-EDITORIAL-PD.jpg?resize=300%2C37&amp;ssl=1 300w, https:\/\/i0.wp.com\/politicosaldesnudo.com.mx\/wp-content\/uploads\/2025\/09\/FIRMA-EDITORIAL-PD.jpg?resize=768%2C94&amp;ssl=1 768w\" sizes=\"auto, (max-width: 800px) 100vw, 800px\" \/><\/p>\n","protected":false},"excerpt":{"rendered":"<p>La toma de posesi\u00f3n de la magistrada Rosalba Hern\u00e1ndez Hern\u00e1ndez este lunes primero de septiembre como presidenta del Tribunal Superior<\/p>\n","protected":false},"author":4,"featured_media":46060,"comment_status":"closed","ping_status":"closed","sticky":false,"template":"","format":"standard","meta":{"colormag_page_container_layout":"default_layout","colormag_page_sidebar_layout":"default_layout","_jetpack_memberships_contains_paid_content":false,"footnotes":"","jetpack_publicize_message":"","jetpack_publicize_feature_enabled":true,"jetpack_social_post_already_shared":true,"jetpack_social_options":{"image_generator_settings":{"template":"highway","default_image_id":0,"font":"","enabled":false},"version":2}},"categories":[26],"tags":[],"class_list":["post-69916","post","type-post","status-publish","format-standard","has-post-thumbnail","hentry","category-columnistas"],"jetpack_publicize_connections":[],"jetpack_featured_media_url":"https:\/\/i0.wp.com\/politicosaldesnudo.com.mx\/wp-content\/uploads\/2024\/09\/CRISTIANI-2.jpg?fit=800%2C445&ssl=1","jetpack-related-posts":[],"jetpack_sharing_enabled":true,"_links":{"self":[{"href":"https:\/\/politicosaldesnudo.com.mx\/index.php\/wp-json\/wp\/v2\/posts\/69916","targetHints":{"allow":["GET"]}}],"collection":[{"href":"https:\/\/politicosaldesnudo.com.mx\/index.php\/wp-json\/wp\/v2\/posts"}],"about":[{"href":"https:\/\/politicosaldesnudo.com.mx\/index.php\/wp-json\/wp\/v2\/types\/post"}],"author":[{"embeddable":true,"href":"https:\/\/politicosaldesnudo.com.mx\/index.php\/wp-json\/wp\/v2\/users\/4"}],"replies":[{"embeddable":true,"href":"https:\/\/politicosaldesnudo.com.mx\/index.php\/wp-json\/wp\/v2\/comments?post=69916"}],"version-history":[{"count":0,"href":"https:\/\/politicosaldesnudo.com.mx\/index.php\/wp-json\/wp\/v2\/posts\/69916\/revisions"}],"wp:featuredmedia":[{"embeddable":true,"href":"https:\/\/politicosaldesnudo.com.mx\/index.php\/wp-json\/wp\/v2\/media\/46060"}],"wp:attachment":[{"href":"https:\/\/politicosaldesnudo.com.mx\/index.php\/wp-json\/wp\/v2\/media?parent=69916"}],"wp:term":[{"taxonomy":"category","embeddable":true,"href":"https:\/\/politicosaldesnudo.com.mx\/index.php\/wp-json\/wp\/v2\/categories?post=69916"},{"taxonomy":"post_tag","embeddable":true,"href":"https:\/\/politicosaldesnudo.com.mx\/index.php\/wp-json\/wp\/v2\/tags?post=69916"}],"curies":[{"name":"wp","href":"https:\/\/api.w.org\/{rel}","templated":true}]}}