{"id":69937,"date":"2025-09-02T00:02:37","date_gmt":"2025-09-02T06:02:37","guid":{"rendered":"https:\/\/politicosaldesnudo.com.mx\/?p=69937"},"modified":"2025-09-01T17:52:06","modified_gmt":"2025-09-01T23:52:06","slug":"anuncian-semana-nacional-de-salud-publica-habra-servicios-medicos","status":"publish","type":"post","link":"https:\/\/politicosaldesnudo.com.mx\/index.php\/2025\/09\/02\/anuncian-semana-nacional-de-salud-publica-habra-servicios-medicos\/","title":{"rendered":"Anuncian Semana Nacional de Salud P\u00fablica, habr\u00e1 servicios m\u00e9dicos"},"content":{"rendered":"<p>Del 6 al 13 de septiembre se llevar\u00e1 a cabo en Tuxpan la Semana Nacional de Salud P\u00fablica, una estrategia que busca acercar servicios m\u00e9dicos y acciones de prevenci\u00f3n a toda la ciudadan\u00eda. Durante estos d\u00edas se desarrollar\u00e1n actividades enfocadas en el cuidado de la salud y la detecci\u00f3n oportuna de enfermedades.<\/p>\n<p>Las acciones estar\u00e1n disponibles en todos los centros de salud y hospitales del municipio, adem\u00e1s de campa\u00f1as espec\u00edficas que se instalar\u00e1n en diferentes puntos de la ciudad, con el objetivo de ampliar la cobertura y beneficiar al mayor n\u00famero de personas posible.<\/p>\n<p>Entre los servicios que se ofrecer\u00e1n destacan la aplicaci\u00f3n de vacunas, chequeos m\u00e9dicos b\u00e1sicos, detecciones oportunas de padecimientos, orientaci\u00f3n nutricional y pl\u00e1ticas informativas, todo de manera gratuita y accesible para la poblaci\u00f3n.<\/p>\n<p>Las autoridades de salud han resaltado que la prevenci\u00f3n es una de las herramientas m\u00e1s efectivas para evitar complicaciones m\u00e9dicas a futuro, por lo que exhortan a la ciudadan\u00eda a aprovechar esta oportunidad para reforzar su cuidado personal y el de sus familias.<\/p>\n<p>Asimismo, se busca sensibilizar a la poblaci\u00f3n sobre la importancia de llevar h\u00e1bitos de vida saludables, como una alimentaci\u00f3n balanceada, la pr\u00e1ctica regular de ejercicio y la atenci\u00f3n m\u00e9dica peri\u00f3dica, acciones que contribuyen a mejorar la calidad\u00a0de\u00a0vida.<\/p>\n","protected":false},"excerpt":{"rendered":"<p>Del 6 al 13 de septiembre se llevar\u00e1 a cabo en Tuxpan la Semana Nacional de Salud P\u00fablica, una estrategia<\/p>\n","protected":false},"author":4,"featured_media":69938,"comment_status":"closed","ping_status":"closed","sticky":false,"template":"","format":"standard","meta":{"colormag_page_container_layout":"default_layout","colormag_page_sidebar_layout":"default_layout","_jetpack_memberships_contains_paid_content":false,"footnotes":"","jetpack_publicize_message":"","jetpack_publicize_feature_enabled":true,"jetpack_social_post_already_shared":true,"jetpack_social_options":{"image_generator_settings":{"template":"highway","default_image_id":0,"font":"","enabled":false},"version":2}},"categories":[1082],"tags":[],"class_list":["post-69937","post","type-post","status-publish","format-standard","has-post-thumbnail","hentry","category-tuxpan"],"jetpack_publicize_connections":[],"jetpack_featured_media_url":"https:\/\/i0.wp.com\/politicosaldesnudo.com.mx\/wp-content\/uploads\/2025\/09\/SAL.jpg?fit=900%2C1200&ssl=1","jetpack-related-posts":[],"jetpack_sharing_enabled":true,"_links":{"self":[{"href":"https:\/\/politicosaldesnudo.com.mx\/index.php\/wp-json\/wp\/v2\/posts\/69937","targetHints":{"allow":["GET"]}}],"collection":[{"href":"https:\/\/politicosaldesnudo.com.mx\/index.php\/wp-json\/wp\/v2\/posts"}],"about":[{"href":"https:\/\/politicosaldesnudo.com.mx\/index.php\/wp-json\/wp\/v2\/types\/post"}],"author":[{"embeddable":true,"href":"https:\/\/politicosaldesnudo.com.mx\/index.php\/wp-json\/wp\/v2\/users\/4"}],"replies":[{"embeddable":true,"href":"https:\/\/politicosaldesnudo.com.mx\/index.php\/wp-json\/wp\/v2\/comments?post=69937"}],"version-history":[{"count":0,"href":"https:\/\/politicosaldesnudo.com.mx\/index.php\/wp-json\/wp\/v2\/posts\/69937\/revisions"}],"wp:featuredmedia":[{"embeddable":true,"href":"https:\/\/politicosaldesnudo.com.mx\/index.php\/wp-json\/wp\/v2\/media\/69938"}],"wp:attachment":[{"href":"https:\/\/politicosaldesnudo.com.mx\/index.php\/wp-json\/wp\/v2\/media?parent=69937"}],"wp:term":[{"taxonomy":"category","embeddable":true,"href":"https:\/\/politicosaldesnudo.com.mx\/index.php\/wp-json\/wp\/v2\/categories?post=69937"},{"taxonomy":"post_tag","embeddable":true,"href":"https:\/\/politicosaldesnudo.com.mx\/index.php\/wp-json\/wp\/v2\/tags?post=69937"}],"curies":[{"name":"wp","href":"https:\/\/api.w.org\/{rel}","templated":true}]}}