{"id":69970,"date":"2025-09-02T00:12:39","date_gmt":"2025-09-02T06:12:39","guid":{"rendered":"https:\/\/politicosaldesnudo.com.mx\/?p=69970"},"modified":"2025-09-01T18:49:49","modified_gmt":"2025-09-02T00:49:49","slug":"ingresos-del-gobierno-alcanzaron-cifra-de-5-billones-952-mil-mdp-8-5-mas-csp","status":"publish","type":"post","link":"https:\/\/politicosaldesnudo.com.mx\/index.php\/2025\/09\/02\/ingresos-del-gobierno-alcanzaron-cifra-de-5-billones-952-mil-mdp-8-5-mas-csp\/","title":{"rendered":"Ingresos del gobierno alcanzaron cifra de 5 billones 952 mil mdp; 8.5% m\u00e1s: CSP"},"content":{"rendered":"<p class=\"nota-justify\">Al 31 de agosto, los ingresos del gobierno federal alcanzaron una cifra de 5 billones 952 mil millones de pesos, \u201c8.5 por ciento mayor en t\u00e9rminos reales que en 2024, por encima de lo previsto en la Ley de Ingresos\u201d, inform\u00f3 la presidenta Claudia Sheinbaum Pardo.<\/p>\n<p class=\"nota-justify\">Resalt\u00f3 que la econom\u00eda muestra fortaleza, el peso se mantiene por debajo de los 19 pesos por d\u00f3lar, el desempleo se ubica en 2.7 por ciento, \u201cuno de los niveles m\u00e1s bajos del pa\u00eds, y la inflaci\u00f3n anual en junio fue de 3.5 por ciento, la menor desde 2021\u201d.<\/p>\n<p class=\"nota-justify\">En su primer Informe de gobierno, apunt\u00f3 que el crecimiento anual estimado es de 1.2 por ciento \u201cfrente a las expectativas catastr\u00f3ficas que hab\u00edan dado a conocer organismos financieros internacionales que dec\u00edan que iba a caer el PIB este a\u00f1o\u201d, y la inversi\u00f3n extranjera directa es r\u00e9cord en el primer semestre del a\u00f1o, con m\u00e1s de 36 mil millones de d\u00f3lares\u201d.<\/p>\n<p class=\"nota-justify\">Resalt\u00f3 que la deuda p\u00fablica se mantiene al cierre de agosto en 50 por ciento del PIB y convoc\u00f3 a los empresarios nacionales \u201ca sumarse con decisi\u00f3n al Plan M\u00e9xico con inversi\u00f3n productiva, innovadora y a que avancemos con una banca que genere mejores condiciones de cr\u00e9dito\u201d.<\/p>\n<p class=\"nota-justify\">M\u00e9xico requiere \u201cde empresarios todav\u00eda m\u00e1s activos y visionarios y profundamente comprometidos con el futuro de la naci\u00f3n\u201d, se\u00f1al\u00f3.<\/p>\n<p class=\"nota-justify\">La mandataria resalt\u00f3 que la inversi\u00f3n y el gasto p\u00fablico \u201cse ejercen con responsabilidad y honestidad bajo la m\u00e1xima de la austeridad republicana\u201d.<\/p>\n<p class=\"nota-justify\">Adem\u00e1s, afirm\u00f3 que \u201clos salarios de los altos funcionarios no aumentaron y disminuimos el n\u00famero de puestos en la estructura de confianza en 5 por ciento\u201d.<\/p>\n<p class=\"nota-justify\">Tambi\u00e9n que la Secretar\u00eda de la Funci\u00f3n P\u00fablica es ahora de Anticorrupci\u00f3n y Buen Gobierno, y \u201ctiene el mandato de actuar de manera preventiva y sancionar sin impunidad a quien cometa alg\u00fan acto de corrupci\u00f3n\u201d.<\/p>\n<p class=\"nota-justify\">La titular del Ejecutivo federal resalt\u00f3 que al inicio del gobierno present\u00f3 el Plan M\u00e9xico, con el objetivo de producir m\u00e1s para el consumo interno; sustituir importaciones, fortalecer y diversificar el comercio exterior, fomentar la inversi\u00f3n p\u00fablica, privada nacional y extranjera en el marco del desarrollo regional.<\/p>\n<p class=\"nota-justify\">Al tiempo, \u201cgarantizamos aumento del salario y programas de bienestar\u201d.<\/p>\n<p class=\"nota-justify\">Indic\u00f3 a lo que se hizo en el periodo neoliberal, cuando se desmantel\u00f3 buena parte de la planta productiva del pa\u00eds, ahora el Estado \u201cdesarrolla infraestructura, garantiza \u00e1reas estrat\u00e9gicas y promueve la inversi\u00f3n privada; garantiza empleos con salarios justos y que est\u00e9 acorde con los recursos naturales en las diferentes regiones del pa\u00eds\u201d.<\/p>\n<p class=\"nota-justify\">Destac\u00f3 que entre las estrategias del Plan M\u00e9xico est\u00e1n los polos de desarrollo econ\u00f3mico para el bienestar, que ofrecen incentivos a la inversi\u00f3n.<\/p>\n<p class=\"nota-justify\">A la fecha est\u00e1n en marcha cinco de los 15 polos iniciales y ocho del corredor interoce\u00e1nico, as\u00ed como 18 de los cien nuevos parques industriales.<\/p>\n<p class=\"nota-justify\">En su informe, tambi\u00e9n recalc\u00f3 \u201cla estrategia de autosuficiencia alimentaria para frijol, ma\u00edz, arroz, carne y leche avanza\u201d.<\/p>\n<p class=\"nota-justify\">Asimismo, cit\u00f3 que el n\u00famero de visitantes a M\u00e9xico creci\u00f3 13.8 por ciento, respecto al mismo periodo del a\u00f1o anterior.<\/p>\n<p class=\"nota-justify\">Agradeci\u00f3 al sector privado por firmar una vez m\u00e1s el paquete econ\u00f3mico contra la inflaci\u00f3n y la carest\u00eda, as\u00ed como el acuerdo voluntario para evitar el aumento del precio de la gasolina y el acuerdo nacional ma\u00edz- tortilla.<\/p>\n<p class=\"nota-justify\">La mandataria mencion\u00f3 que el aumento de 12 por ciento este a\u00f1o al salario m\u00ednimo significa un incremento hist\u00f3rico en t\u00e9rminos reales desde 2000; \u201cdesde 2018, de 135 por ciento\u201d.<\/p>\n<p class=\"nota-justify\">Esta medida, sostuvo, ha sido un acto de justicia \u201cfrente a la absurda creencia de que subirlo provocar\u00eda inflaci\u00f3n, justificando en realidad la concentraci\u00f3n de la riqueza\u201d.<\/p>\n<p class=\"nota-justify\">Se\u00f1al\u00f3 que mediante una reforma legal \u201cgarantizamos la seguridad social integral a toda las personas trabajadoras de aplicaciones telef\u00f3nicas que ganan m\u00e1s de un salario m\u00ednimo y seguro frente a accidentes a las que perciben menos\u201d.<\/p>\n<p class=\"nota-justify\">En total, sostuvo, \u201cun mill\u00f3n de personas se vieron beneficiadas\u201d.<\/p>\n<p class=\"nota-justify\">Adem\u00e1s, \u201ccon el Plan M\u00e9xico nos comprometimos a reducir tr\u00e1mites engorrosos. A la fecha se han simplificado mil 343, lo cual implic\u00f3 eliminar 763 tr\u00e1mites y reducir los requisitos y los tiempos de resoluci\u00f3n\u201d.<\/p>\n","protected":false},"excerpt":{"rendered":"<p>Al 31 de agosto, los ingresos del gobierno federal alcanzaron una cifra de 5 billones 952 mil millones de pesos,<\/p>\n","protected":false},"author":4,"featured_media":69971,"comment_status":"closed","ping_status":"closed","sticky":false,"template":"","format":"standard","meta":{"colormag_page_container_layout":"default_layout","colormag_page_sidebar_layout":"default_layout","_jetpack_memberships_contains_paid_content":false,"footnotes":"","jetpack_publicize_message":"","jetpack_publicize_feature_enabled":true,"jetpack_social_post_already_shared":true,"jetpack_social_options":{"image_generator_settings":{"template":"highway","default_image_id":0,"font":"","enabled":false},"version":2}},"categories":[2050],"tags":[],"class_list":["post-69970","post","type-post","status-publish","format-standard","has-post-thumbnail","hentry","category-economia"],"jetpack_publicize_connections":[],"jetpack_featured_media_url":"https:\/\/i0.wp.com\/politicosaldesnudo.com.mx\/wp-content\/uploads\/2025\/09\/PUCHI.jpg?fit=782%2C515&ssl=1","jetpack-related-posts":[],"jetpack_sharing_enabled":true,"_links":{"self":[{"href":"https:\/\/politicosaldesnudo.com.mx\/index.php\/wp-json\/wp\/v2\/posts\/69970","targetHints":{"allow":["GET"]}}],"collection":[{"href":"https:\/\/politicosaldesnudo.com.mx\/index.php\/wp-json\/wp\/v2\/posts"}],"about":[{"href":"https:\/\/politicosaldesnudo.com.mx\/index.php\/wp-json\/wp\/v2\/types\/post"}],"author":[{"embeddable":true,"href":"https:\/\/politicosaldesnudo.com.mx\/index.php\/wp-json\/wp\/v2\/users\/4"}],"replies":[{"embeddable":true,"href":"https:\/\/politicosaldesnudo.com.mx\/index.php\/wp-json\/wp\/v2\/comments?post=69970"}],"version-history":[{"count":0,"href":"https:\/\/politicosaldesnudo.com.mx\/index.php\/wp-json\/wp\/v2\/posts\/69970\/revisions"}],"wp:featuredmedia":[{"embeddable":true,"href":"https:\/\/politicosaldesnudo.com.mx\/index.php\/wp-json\/wp\/v2\/media\/69971"}],"wp:attachment":[{"href":"https:\/\/politicosaldesnudo.com.mx\/index.php\/wp-json\/wp\/v2\/media?parent=69970"}],"wp:term":[{"taxonomy":"category","embeddable":true,"href":"https:\/\/politicosaldesnudo.com.mx\/index.php\/wp-json\/wp\/v2\/categories?post=69970"},{"taxonomy":"post_tag","embeddable":true,"href":"https:\/\/politicosaldesnudo.com.mx\/index.php\/wp-json\/wp\/v2\/tags?post=69970"}],"curies":[{"name":"wp","href":"https:\/\/api.w.org\/{rel}","templated":true}]}}