{"id":69999,"date":"2025-09-02T02:07:42","date_gmt":"2025-09-02T08:07:42","guid":{"rendered":"https:\/\/politicosaldesnudo.com.mx\/?p=69999"},"modified":"2025-09-02T02:07:42","modified_gmt":"2025-09-02T08:07:42","slug":"los-nueve-ministros-de-la-scjn-rindieron-protesta-en-el-senado","status":"publish","type":"post","link":"https:\/\/politicosaldesnudo.com.mx\/index.php\/2025\/09\/02\/los-nueve-ministros-de-la-scjn-rindieron-protesta-en-el-senado\/","title":{"rendered":"Los nueve ministros de la SCJN rindieron protesta en el Senado"},"content":{"rendered":"<p class=\"nota-justify\">Entre ovaciones de los legisladores de la 4T y cr\u00edticas de la oposici\u00f3n, los nueve ministros y ministras de la Suprema Corte rindieron protesta esta noche, en una sesi\u00f3n solemne a la que asistieron la Secretaria de Gobernaci\u00f3n, Rosa Icela Rodr\u00edguez, la consejera jur\u00eddica de la presidencia, Ernestina Godoy y la presidenta del Tribunal Electoral del Poder Judicial de la Federaci\u00f3n (TEPJF), M\u00f3nica Soto Fregoso.<\/p>\n<p class=\"nota-justify\">La titular de Gobernaci\u00f3n fue en representaci\u00f3n de la presidenta Claudia Sheinbaum y desde la mesa directiva de esa c\u00e1mara, junto con los dem\u00e1s funcionarios, fue testigo de esa ceremonia, que se retras\u00f3 m\u00e1s de una hora y fue calificada como hist\u00f3rica.<\/p>\n<p class=\"nota-justify\">No estuvieron presentes los 13 senadores del grupo del PRI, como y lo hab\u00edan anunciado y tampoco la bancada del PAN, que s\u00f3lo fij\u00f3 postura y abandon\u00f3 el recinto, antes de que los nuevos ministros juraran defender la Constituci\u00f3n.<\/p>\n<p class=\"nota-justify\">Los nueve integrantes de la Suprema Corte fueron colocados en una primera fila, frente a la tribuna donde rindieron protesta, luego de la intervenci\u00f3n de cada uno de los grupos parlamentarios, en que PAN y MC cuestionaron la validez de la elecci\u00f3n, lo que Morena refut\u00f3.<\/p>\n<p class=\"nota-justify\">Vestido con un sobrio traje negro, complementado con una franja dorada con motivos ind\u00edgenas en la lado derecho, Hugo Aguilar L\u00f3pez, qui\u00e9n presidir\u00e1 la Corte durante los pr\u00f3ximos dos a\u00f1os, fue recibido con el grito de \u201cpresidente, presidente\u201d y fuertes aplausos, al igual que Lenia Batres, Yasmin Esquivel Mossa, Loretta Ortiz Ahlf, Mar\u00eda Estela R\u00edos Gonz\u00e1lez, Giovanni Azael Figueroa Mej\u00eda, Irving Espinosa Betanzo y Sara Irene Herrer\u00edas.<\/p>\n<p class=\"nota-justify\">De manera especial fue ovacionado el ministro Ar\u00edstides Rodrigo Guerrero Garc\u00eda, qui\u00e9n se present\u00f3 en silla de ruedas y con ox\u00edgeno, ya que se recupera del accidente automovil\u00edstico que sufri\u00f3 hace una semana, pero estuvo esta noche en esa sesi\u00f3n, a la que acudieron adem\u00e1s todos los consejeros del Instituto Nacional Electoral (INE), a excepci\u00f3n de la presidenta de ese organismo, Guadalupe Taddei.<\/p>\n<p class=\"nota-justify\">La nueva presidenta del Senado, Laura Itzel Castillo condujo la sesi\u00f3n, acompa\u00f1ada desde el pres\u00eddium por la titular de Gobernaci\u00f3n, la consejera jur\u00eddica y la consejera jur\u00eddica. De entrada, resalt\u00f3 \u201cla trascendencia de esta hist\u00f3rica toma de protesta que marca un parteaguas en la impartici\u00f3n de justicia en nuestro pa\u00eds\u201d.<\/p>\n<p class=\"nota-justify\">Los ministros escucharon los planteamientos de los grupos parlamentarios, la cr\u00edtica del coordinador panista, Ricardo Anaya, qui\u00e9n descalific\u00f3 la reforma judicial y la elecci\u00f3n y les dijo que no son leg\u00edtimos de origen, pero la prueba de fuego para obtener la legitimidad ser\u00e1n sus acciones. \u201cPor sus sentencias se les conocer\u00e1\u201d.<\/p>\n<p class=\"nota-justify\">Igualmente, el coordinador de MC, Clemente, sostuvo que la \u00fanica pretensi\u00f3n de Morena fue capturar al poder judicial. En tanto, a nombre de Morena, Sasil de Le\u00f3n Villar respondi\u00f3 a Anaya: \u201cFalta de legitimidad es el fraude electoral al pueblo de M\u00e9xico que permiti\u00f3 con la imposici\u00f3n de Felipe Calder\u00f3n y ante el cual \u201cse qued\u00f3 callado como momia\u201d.<\/p>\n<p class=\"nota-justify\">Vicio de origen, agreg\u00f3, \u201c es la violaci\u00f3n sistem\u00e1tica a la Constituci\u00f3n. Nosotros estamos orgullosos del proceso de este poder Judicial, a\u00f1adi\u00f3 la senadora del guinda. Igualmente, el coordinador del PT, Alberto Anaya y el senador del PVEM, Waldo Fern\u00e1ndez, resaltaron la importancia de que los juzgadores fueron electos por primeva vez a trav\u00e9s del voto popular.<\/p>\n<p class=\"nota-justify\">Pasadas las 10 de la noche, los nueve ministros rindieron protesta , entre aplausos y gritos de j\u00fabilo de los legisladores de la 4T y de otros invitados, entre ellos el gobernador de Nuevo Le\u00f3n Samuel Garc\u00eda y el director del Issste, Mart\u00ed Batres.<\/p>\n<p class=\"nota-justify\">La senadora Castillo se retir\u00f3 moment\u00e1neamente para asistir a la instalaci\u00f3n de la Suprema Corte.<\/p>\n","protected":false},"excerpt":{"rendered":"<p>Entre ovaciones de los legisladores de la 4T y cr\u00edticas de la oposici\u00f3n, los nueve ministros y ministras de la<\/p>\n","protected":false},"author":4,"featured_media":70000,"comment_status":"closed","ping_status":"closed","sticky":false,"template":"","format":"standard","meta":{"colormag_page_container_layout":"default_layout","colormag_page_sidebar_layout":"default_layout","_jetpack_memberships_contains_paid_content":false,"footnotes":"","jetpack_publicize_message":"","jetpack_publicize_feature_enabled":true,"jetpack_social_post_already_shared":true,"jetpack_social_options":{"image_generator_settings":{"template":"highway","default_image_id":0,"font":"","enabled":false},"version":2}},"categories":[33],"tags":[],"class_list":["post-69999","post","type-post","status-publish","format-standard","has-post-thumbnail","hentry","category-nacional"],"jetpack_publicize_connections":[],"jetpack_featured_media_url":"https:\/\/i0.wp.com\/politicosaldesnudo.com.mx\/wp-content\/uploads\/2025\/09\/SCG.jpg?fit=906%2C597&ssl=1","jetpack-related-posts":[],"jetpack_sharing_enabled":true,"_links":{"self":[{"href":"https:\/\/politicosaldesnudo.com.mx\/index.php\/wp-json\/wp\/v2\/posts\/69999","targetHints":{"allow":["GET"]}}],"collection":[{"href":"https:\/\/politicosaldesnudo.com.mx\/index.php\/wp-json\/wp\/v2\/posts"}],"about":[{"href":"https:\/\/politicosaldesnudo.com.mx\/index.php\/wp-json\/wp\/v2\/types\/post"}],"author":[{"embeddable":true,"href":"https:\/\/politicosaldesnudo.com.mx\/index.php\/wp-json\/wp\/v2\/users\/4"}],"replies":[{"embeddable":true,"href":"https:\/\/politicosaldesnudo.com.mx\/index.php\/wp-json\/wp\/v2\/comments?post=69999"}],"version-history":[{"count":0,"href":"https:\/\/politicosaldesnudo.com.mx\/index.php\/wp-json\/wp\/v2\/posts\/69999\/revisions"}],"wp:featuredmedia":[{"embeddable":true,"href":"https:\/\/politicosaldesnudo.com.mx\/index.php\/wp-json\/wp\/v2\/media\/70000"}],"wp:attachment":[{"href":"https:\/\/politicosaldesnudo.com.mx\/index.php\/wp-json\/wp\/v2\/media?parent=69999"}],"wp:term":[{"taxonomy":"category","embeddable":true,"href":"https:\/\/politicosaldesnudo.com.mx\/index.php\/wp-json\/wp\/v2\/categories?post=69999"},{"taxonomy":"post_tag","embeddable":true,"href":"https:\/\/politicosaldesnudo.com.mx\/index.php\/wp-json\/wp\/v2\/tags?post=69999"}],"curies":[{"name":"wp","href":"https:\/\/api.w.org\/{rel}","templated":true}]}}