{"id":70005,"date":"2025-09-03T00:01:28","date_gmt":"2025-09-03T06:01:28","guid":{"rendered":"https:\/\/politicosaldesnudo.com.mx\/?p=70005"},"modified":"2025-09-02T22:44:11","modified_gmt":"2025-09-03T04:44:11","slug":"caic-dif-estrena-techado-y-area-verde","status":"publish","type":"post","link":"https:\/\/politicosaldesnudo.com.mx\/index.php\/2025\/09\/03\/caic-dif-estrena-techado-y-area-verde\/","title":{"rendered":"CAIC DIF estrena techado y \u00e1rea verde"},"content":{"rendered":"<p>La presidenta del Sistema Municipal para el Desarrollo Integral de la Familia (DIF) Tuxpan, Melba L\u00f3pez Guti\u00e9rrez, con su esposo, inauguraron el nuevo ciclo escolar 2025-2026 del nivel preescolar de los siete Centro de Asistencia Infantil Comunitario (CAIC), el techado y las \u00e1reas verdes del CAIC en las instalaciones del organismo asistencial.<\/p>\n<p>\u201cNo hay nada mejor para las ni\u00f1as y los ni\u00f1os que iniciar clases con instalaciones renovadas, mejoradas y con espacios verdes que fomentan el sano esparcimiento\u201d, mencion\u00f3 L\u00f3pez Guti\u00e9rrez en su mensaje frente a ediles, educadoras de la coordinaci\u00f3n de asistencia educativa y padres de familia.<\/p>\n<p>Remarc\u00f3 que, al igual que otras obras y entregas que se han venido realizando a lo largo del a\u00f1o, este nuevo techado fue financiado con los ingresos que genera el DIF.<\/p>\n<p>Despu\u00e9s del acto c\u00edvico, la titular del DIF Municipal expres\u00f3: \u201cPara nosotros esta estructura no es un simple techo, es un s\u00edmbolo de cuidado y responsabilidad hacia nuestros peque\u00f1os, un espacio seguro que les permitir\u00e1 jugar, convivir y aprender fuera del aula\u201d.<\/p>\n<p>A los peque\u00f1os estudiantes, les deseo mucho \u00e9xito en esta primera etapa escolar, invit\u00e1ndolos a disfrutar de sus nuevas instalaciones.<\/p>\n<p>Al evento acudieron las y los regidores: Amado Guti\u00e9rrez Lima, Mar\u00eda del Pilar Mart\u00ednez Matezans, Maryanela Monroy Flores, Anah\u00ed Aguilar L\u00f3pez, Juan G\u00f3mez Garc\u00eda, Luis Demetrio L\u00f3pez Mar\u00edn y el director del DIF Municipal, Nelson Hern\u00e1ndez Cruz.<\/p>\n","protected":false},"excerpt":{"rendered":"<p>La presidenta del Sistema Municipal para el Desarrollo Integral de la Familia (DIF) Tuxpan, Melba L\u00f3pez Guti\u00e9rrez, con su esposo,<\/p>\n","protected":false},"author":4,"featured_media":70006,"comment_status":"closed","ping_status":"closed","sticky":false,"template":"","format":"standard","meta":{"colormag_page_container_layout":"default_layout","colormag_page_sidebar_layout":"default_layout","_jetpack_memberships_contains_paid_content":false,"footnotes":"","jetpack_publicize_message":"","jetpack_publicize_feature_enabled":true,"jetpack_social_post_already_shared":true,"jetpack_social_options":{"image_generator_settings":{"template":"highway","default_image_id":0,"font":"","enabled":false},"version":2}},"categories":[1082],"tags":[],"class_list":["post-70005","post","type-post","status-publish","format-standard","has-post-thumbnail","hentry","category-tuxpan"],"jetpack_publicize_connections":[],"jetpack_featured_media_url":"https:\/\/i0.wp.com\/politicosaldesnudo.com.mx\/wp-content\/uploads\/2025\/09\/WhatsApp-Image-2025-09-02-at-18.41.19-1.jpg?fit=1280%2C808&ssl=1","jetpack-related-posts":[],"jetpack_sharing_enabled":true,"_links":{"self":[{"href":"https:\/\/politicosaldesnudo.com.mx\/index.php\/wp-json\/wp\/v2\/posts\/70005","targetHints":{"allow":["GET"]}}],"collection":[{"href":"https:\/\/politicosaldesnudo.com.mx\/index.php\/wp-json\/wp\/v2\/posts"}],"about":[{"href":"https:\/\/politicosaldesnudo.com.mx\/index.php\/wp-json\/wp\/v2\/types\/post"}],"author":[{"embeddable":true,"href":"https:\/\/politicosaldesnudo.com.mx\/index.php\/wp-json\/wp\/v2\/users\/4"}],"replies":[{"embeddable":true,"href":"https:\/\/politicosaldesnudo.com.mx\/index.php\/wp-json\/wp\/v2\/comments?post=70005"}],"version-history":[{"count":0,"href":"https:\/\/politicosaldesnudo.com.mx\/index.php\/wp-json\/wp\/v2\/posts\/70005\/revisions"}],"wp:featuredmedia":[{"embeddable":true,"href":"https:\/\/politicosaldesnudo.com.mx\/index.php\/wp-json\/wp\/v2\/media\/70006"}],"wp:attachment":[{"href":"https:\/\/politicosaldesnudo.com.mx\/index.php\/wp-json\/wp\/v2\/media?parent=70005"}],"wp:term":[{"taxonomy":"category","embeddable":true,"href":"https:\/\/politicosaldesnudo.com.mx\/index.php\/wp-json\/wp\/v2\/categories?post=70005"},{"taxonomy":"post_tag","embeddable":true,"href":"https:\/\/politicosaldesnudo.com.mx\/index.php\/wp-json\/wp\/v2\/tags?post=70005"}],"curies":[{"name":"wp","href":"https:\/\/api.w.org\/{rel}","templated":true}]}}