{"id":70050,"date":"2025-09-03T00:16:37","date_gmt":"2025-09-03T06:16:37","guid":{"rendered":"https:\/\/politicosaldesnudo.com.mx\/?p=70050"},"modified":"2025-09-02T23:55:47","modified_gmt":"2025-09-03T05:55:47","slug":"diputados-del-pri-pan-y-pt-en-edomex-se-adhieren-morena-bancada-alcanza-mayoria-simple","status":"publish","type":"post","link":"https:\/\/politicosaldesnudo.com.mx\/index.php\/2025\/09\/03\/diputados-del-pri-pan-y-pt-en-edomex-se-adhieren-morena-bancada-alcanza-mayoria-simple\/","title":{"rendered":"Diputados del PRI, PAN y PT en Edomex se adhieren Morena; bancada alcanza mayor\u00eda simple"},"content":{"rendered":"<p class=\"nota-justify\">El grupo parlamentario de Morena en el Congreso mexiquense sum\u00f3 tres incorporaciones m\u00e1s que les garantizan la mayor\u00eda simple en el Congreso mexiquense lo que le permitir\u00e1 aprobar cualquier reforma que no sea constitucional, ley o reglamento sin necesitar de aliados.<\/p>\n<p class=\"nota-justify\">\u00a0A\u00fan cuando Morena ya era la bancada mayoritaria en el Congreso, ahora con las incorporaciones de la ex priista, Paola Jim\u00e9nez; el panista, Rom\u00e1n Francisco Cort\u00e9s Lugo y el petista, Mohamed Gabriel Kalib, suma 39 integrantes, que representan la mitad m\u00e1s uno del total de los diputados y diputadas que componen la LXII legislatura local.<\/p>\n<p class=\"nota-justify\">El coordinador del grupo parlamentario de Morena en el Congreso local, \u00a0Francisco V\u00e1zquez, confirm\u00f3 las adhesiones a la bancada morenista y adelant\u00f3 que hoy mismo se iniciar\u00e1 el proceso para su afiliaci\u00f3n al partido para que el \u00f3rgano nacional revise sus perfiles y defina si hay alguna objeci\u00f3n a su incorporaci\u00f3n.<\/p>\n<p class=\"nota-justify\">La suma de estos diputados a Morena generan una nueva conformaci\u00f3n de la actual legislatura, pues quedar\u00eda \u00a0integrada de la siguiente manera: \u00a0Morena con 39 legisladores; \u00a0PVEM \u00a0con 9 diputados; \u00a0PT con \u00a08; PRI con 7; \u00a0PAN con 6, MC conserva 4 y PRD 2.<\/p>\n<p class=\"nota-justify\">\u201cLos compa\u00f1eros est\u00e1n en territorios que no tenemos (Morena), son \u00a0diputados de \u00a0Atizap\u00e1n de Zaragoza (Francisco Cort\u00e9s), Lerma (Mohamed Kalid), \u00a0y la zona lim\u00edtrofe de Toluca y Zinacantepec (Paola Jim\u00e9nez). Son compa\u00f1eros que trabajan en territorio y les gusta el territorio.\u00a0 No tiene cheque en blanco, \u00a0se tienen que formar y tienen que trabajar y ser\u00e1 parte de las decisiones que tome el partido para que en su momento, si ellos quieren otro cargo, se les considere, pero primero tienen que trabajar\u201d, dijo Francisco V\u00e1zquez.<\/p>\n","protected":false},"excerpt":{"rendered":"<p>El grupo parlamentario de Morena en el Congreso mexiquense sum\u00f3 tres incorporaciones m\u00e1s que les garantizan la mayor\u00eda simple en<\/p>\n","protected":false},"author":4,"featured_media":70051,"comment_status":"closed","ping_status":"closed","sticky":false,"template":"","format":"standard","meta":{"colormag_page_container_layout":"default_layout","colormag_page_sidebar_layout":"default_layout","_jetpack_memberships_contains_paid_content":false,"footnotes":"","jetpack_publicize_message":"","jetpack_publicize_feature_enabled":true,"jetpack_social_post_already_shared":true,"jetpack_social_options":{"image_generator_settings":{"template":"highway","default_image_id":0,"font":"","enabled":false},"version":2}},"categories":[30],"tags":[],"class_list":["post-70050","post","type-post","status-publish","format-standard","has-post-thumbnail","hentry","category-estados"],"jetpack_publicize_connections":[],"jetpack_featured_media_url":"https:\/\/i0.wp.com\/politicosaldesnudo.com.mx\/wp-content\/uploads\/2025\/09\/CHAP.jpg?fit=773%2C512&ssl=1","jetpack-related-posts":[],"jetpack_sharing_enabled":true,"_links":{"self":[{"href":"https:\/\/politicosaldesnudo.com.mx\/index.php\/wp-json\/wp\/v2\/posts\/70050","targetHints":{"allow":["GET"]}}],"collection":[{"href":"https:\/\/politicosaldesnudo.com.mx\/index.php\/wp-json\/wp\/v2\/posts"}],"about":[{"href":"https:\/\/politicosaldesnudo.com.mx\/index.php\/wp-json\/wp\/v2\/types\/post"}],"author":[{"embeddable":true,"href":"https:\/\/politicosaldesnudo.com.mx\/index.php\/wp-json\/wp\/v2\/users\/4"}],"replies":[{"embeddable":true,"href":"https:\/\/politicosaldesnudo.com.mx\/index.php\/wp-json\/wp\/v2\/comments?post=70050"}],"version-history":[{"count":0,"href":"https:\/\/politicosaldesnudo.com.mx\/index.php\/wp-json\/wp\/v2\/posts\/70050\/revisions"}],"wp:featuredmedia":[{"embeddable":true,"href":"https:\/\/politicosaldesnudo.com.mx\/index.php\/wp-json\/wp\/v2\/media\/70051"}],"wp:attachment":[{"href":"https:\/\/politicosaldesnudo.com.mx\/index.php\/wp-json\/wp\/v2\/media?parent=70050"}],"wp:term":[{"taxonomy":"category","embeddable":true,"href":"https:\/\/politicosaldesnudo.com.mx\/index.php\/wp-json\/wp\/v2\/categories?post=70050"},{"taxonomy":"post_tag","embeddable":true,"href":"https:\/\/politicosaldesnudo.com.mx\/index.php\/wp-json\/wp\/v2\/tags?post=70050"}],"curies":[{"name":"wp","href":"https:\/\/api.w.org\/{rel}","templated":true}]}}