{"id":70053,"date":"2025-09-03T00:17:11","date_gmt":"2025-09-03T06:17:11","guid":{"rendered":"https:\/\/politicosaldesnudo.com.mx\/?p=70053"},"modified":"2025-09-02T23:58:18","modified_gmt":"2025-09-03T05:58:18","slug":"justicia-de-eu-bloquea-uso-de-ley-de-1798-para-deportar-a-miembros-del-tren-de-aragua","status":"publish","type":"post","link":"https:\/\/politicosaldesnudo.com.mx\/index.php\/2025\/09\/03\/justicia-de-eu-bloquea-uso-de-ley-de-1798-para-deportar-a-miembros-del-tren-de-aragua\/","title":{"rendered":"Justicia de EU bloquea uso de ley de 1798 para deportar a miembros del Tren de Aragua"},"content":{"rendered":"<p class=\"nota-justify\">Una corte federal de apelaciones dictamin\u00f3 este martes que el presidente estadunidense, Donald Trump, no puede usar una ley de guerra del siglo XVIII para acelerar las deportaciones de personas a las que su administraci\u00f3n acusa de pertenecer a una pandilla venezolana, por lo que la discusi\u00f3n continuar\u00e1 en la Corte Suprema de Estados Unidos.<\/p>\n<p class=\"nota-justify\">Con dos votos contra uno, los jueces avalaron el argumento de abogados de derechos de los inmigrantes y jueces de tribunales inferiores, seg\u00fan quienes la Ley de Enemigos Extranjeros de 1798 no est\u00e1 destinada a ser utilizada contra pandillas como el\u00a0<i>Tren de Aragua<\/i>, grupo venezolano designado en marzo por la Casa Blanca como organizaci\u00f3n terrorista.<\/p>\n<p class=\"nota-justify\">\u201cEl uso por parte de la administraci\u00f3n Trump de una ley de tiempos de guerra en tiempos de paz para regular la inmigraci\u00f3n fue correctamente revocado por el tribunal. Esta es una decisi\u00f3n crucial que restringe la postura de la administraci\u00f3n de que puede simplemente declarar un estado de emergencia sin supervisi\u00f3n judicial\u201d, dijo Lee Gelernt, quien defendi\u00f3 el caso en nombre de la Uni\u00f3n Americana de Libertades Civiles (ACLU).<\/p>\n<p class=\"nota-justify\">La administraci\u00f3n deport\u00f3 a personas designadas como miembros del\u00a0<i>Tren de Aragua<\/i>\u00a0a la megaprisi\u00f3n de El Salvador donde, argument\u00f3, los tribunales estadunidenses no pod\u00edan ordenar su liberaci\u00f3n.<\/p>\n<p class=\"nota-justify\">La Ley de Enemigos Extranjeros solo se ha utilizado en tres ocasiones anteriores en la historia de Estados Unidos, todas durante guerras declaradas: la Guerra de 1812 y las dos Guerras Mundiales. La administraci\u00f3n Trump argument\u00f3 que los tribunales no pueden cuestionar la determinaci\u00f3n del presidente de que el\u00a0<i>Tren de Aragua<\/i>\u00a0estaba vinculado al gobierno de Venezuela y representaba un peligro para Estados Unidos, lo que justifica su aplicaci\u00f3n.<\/p>\n<p class=\"nota-justify\">El fallo puede ser apelado ante el pleno del Quinto Circuito o directamente ante la Corte Suprema de Estados Unidos, que probablemente tomar\u00e1 la decisi\u00f3n final sobre el tema.<\/p>\n","protected":false},"excerpt":{"rendered":"<p>Una corte federal de apelaciones dictamin\u00f3 este martes que el presidente estadunidense, Donald Trump, no puede usar una ley de<\/p>\n","protected":false},"author":4,"featured_media":70054,"comment_status":"closed","ping_status":"closed","sticky":false,"template":"","format":"standard","meta":{"colormag_page_container_layout":"default_layout","colormag_page_sidebar_layout":"default_layout","_jetpack_memberships_contains_paid_content":false,"footnotes":"","jetpack_publicize_message":"","jetpack_publicize_feature_enabled":true,"jetpack_social_post_already_shared":true,"jetpack_social_options":{"image_generator_settings":{"template":"highway","default_image_id":0,"font":"","enabled":false},"version":2}},"categories":[28],"tags":[],"class_list":["post-70053","post","type-post","status-publish","format-standard","has-post-thumbnail","hentry","category-internacional"],"jetpack_publicize_connections":[],"jetpack_featured_media_url":"https:\/\/i0.wp.com\/politicosaldesnudo.com.mx\/wp-content\/uploads\/2025\/09\/MAL.jpg?fit=767%2C500&ssl=1","jetpack-related-posts":[],"jetpack_sharing_enabled":true,"_links":{"self":[{"href":"https:\/\/politicosaldesnudo.com.mx\/index.php\/wp-json\/wp\/v2\/posts\/70053","targetHints":{"allow":["GET"]}}],"collection":[{"href":"https:\/\/politicosaldesnudo.com.mx\/index.php\/wp-json\/wp\/v2\/posts"}],"about":[{"href":"https:\/\/politicosaldesnudo.com.mx\/index.php\/wp-json\/wp\/v2\/types\/post"}],"author":[{"embeddable":true,"href":"https:\/\/politicosaldesnudo.com.mx\/index.php\/wp-json\/wp\/v2\/users\/4"}],"replies":[{"embeddable":true,"href":"https:\/\/politicosaldesnudo.com.mx\/index.php\/wp-json\/wp\/v2\/comments?post=70053"}],"version-history":[{"count":0,"href":"https:\/\/politicosaldesnudo.com.mx\/index.php\/wp-json\/wp\/v2\/posts\/70053\/revisions"}],"wp:featuredmedia":[{"embeddable":true,"href":"https:\/\/politicosaldesnudo.com.mx\/index.php\/wp-json\/wp\/v2\/media\/70054"}],"wp:attachment":[{"href":"https:\/\/politicosaldesnudo.com.mx\/index.php\/wp-json\/wp\/v2\/media?parent=70053"}],"wp:term":[{"taxonomy":"category","embeddable":true,"href":"https:\/\/politicosaldesnudo.com.mx\/index.php\/wp-json\/wp\/v2\/categories?post=70053"},{"taxonomy":"post_tag","embeddable":true,"href":"https:\/\/politicosaldesnudo.com.mx\/index.php\/wp-json\/wp\/v2\/tags?post=70053"}],"curies":[{"name":"wp","href":"https:\/\/api.w.org\/{rel}","templated":true}]}}