{"id":70090,"date":"2025-09-04T00:02:48","date_gmt":"2025-09-04T06:02:48","guid":{"rendered":"https:\/\/politicosaldesnudo.com.mx\/?p=70090"},"modified":"2025-09-03T20:56:16","modified_gmt":"2025-09-04T02:56:16","slug":"invitan-al-mercado-comunitario","status":"publish","type":"post","link":"https:\/\/politicosaldesnudo.com.mx\/index.php\/2025\/09\/04\/invitan-al-mercado-comunitario\/","title":{"rendered":"Invitan al Mercado Comunitario"},"content":{"rendered":"<p>El Mercado Comunitario que se instala cada 15 d\u00edas en la Plaza C\u00edvica de Tuxpan se ha convertido en una opci\u00f3n para quienes buscan productos frescos a bajo costo y, al mismo tiempo, una plataforma de apoyo para los productores de la regi\u00f3n.<\/p>\n<p>En cada edici\u00f3n se ofrece una amplia variedad de frutas, verduras y otros alimentos de temporada que llegan directamente del campo, lo que permite a los consumidores acceder a art\u00edculos m\u00e1s frescos y con menos intermediarios.<\/p>\n<p>La iniciativa no solo tiene un impacto en la alimentaci\u00f3n de las familias, al incentivar h\u00e1bitos m\u00e1s saludables, sino tambi\u00e9n en la econom\u00eda local, ya que el dinero que se invierte en este mercado repercute de manera directa en los campesinos y comerciantes tuxpe\u00f1os.<\/p>\n<p>Sin embargo, productores han se\u00f1alado que a\u00fan es necesario fortalecer la difusi\u00f3n y garantizar una mayor asistencia ciudadana, ya que la participaci\u00f3n masiva es clave para mantener vigente este proyecto.<\/p>\n<p>El Mercado Comunitario se realiza quincenalmente en la Plaza C\u00edvica y se ha convertido en un escaparate que refleja la importancia del consumo local frente a la competencia de las grandes cadenas comerciales.<\/p>\n<p>De esta manera, mientras para algunos representa una alternativa de compra m\u00e1s econ\u00f3mica y natural, para otros es una oportunidad de mantener viva la producci\u00f3n regional y darle un respiro a la econom\u00eda familiar.<\/p>\n","protected":false},"excerpt":{"rendered":"<p>El Mercado Comunitario que se instala cada 15 d\u00edas en la Plaza C\u00edvica de Tuxpan se ha convertido en una<\/p>\n","protected":false},"author":4,"featured_media":70091,"comment_status":"closed","ping_status":"closed","sticky":false,"template":"","format":"standard","meta":{"colormag_page_container_layout":"default_layout","colormag_page_sidebar_layout":"default_layout","_jetpack_memberships_contains_paid_content":false,"footnotes":"","jetpack_publicize_message":"","jetpack_publicize_feature_enabled":true,"jetpack_social_post_already_shared":true,"jetpack_social_options":{"image_generator_settings":{"template":"highway","default_image_id":0,"font":"","enabled":false},"version":2}},"categories":[1082],"tags":[],"class_list":["post-70090","post","type-post","status-publish","format-standard","has-post-thumbnail","hentry","category-tuxpan"],"jetpack_publicize_connections":[],"jetpack_featured_media_url":"https:\/\/i0.wp.com\/politicosaldesnudo.com.mx\/wp-content\/uploads\/2025\/09\/MERCOM.jpg?fit=1200%2C848&ssl=1","jetpack-related-posts":[],"jetpack_sharing_enabled":true,"_links":{"self":[{"href":"https:\/\/politicosaldesnudo.com.mx\/index.php\/wp-json\/wp\/v2\/posts\/70090","targetHints":{"allow":["GET"]}}],"collection":[{"href":"https:\/\/politicosaldesnudo.com.mx\/index.php\/wp-json\/wp\/v2\/posts"}],"about":[{"href":"https:\/\/politicosaldesnudo.com.mx\/index.php\/wp-json\/wp\/v2\/types\/post"}],"author":[{"embeddable":true,"href":"https:\/\/politicosaldesnudo.com.mx\/index.php\/wp-json\/wp\/v2\/users\/4"}],"replies":[{"embeddable":true,"href":"https:\/\/politicosaldesnudo.com.mx\/index.php\/wp-json\/wp\/v2\/comments?post=70090"}],"version-history":[{"count":0,"href":"https:\/\/politicosaldesnudo.com.mx\/index.php\/wp-json\/wp\/v2\/posts\/70090\/revisions"}],"wp:featuredmedia":[{"embeddable":true,"href":"https:\/\/politicosaldesnudo.com.mx\/index.php\/wp-json\/wp\/v2\/media\/70091"}],"wp:attachment":[{"href":"https:\/\/politicosaldesnudo.com.mx\/index.php\/wp-json\/wp\/v2\/media?parent=70090"}],"wp:term":[{"taxonomy":"category","embeddable":true,"href":"https:\/\/politicosaldesnudo.com.mx\/index.php\/wp-json\/wp\/v2\/categories?post=70090"},{"taxonomy":"post_tag","embeddable":true,"href":"https:\/\/politicosaldesnudo.com.mx\/index.php\/wp-json\/wp\/v2\/tags?post=70090"}],"curies":[{"name":"wp","href":"https:\/\/api.w.org\/{rel}","templated":true}]}}