{"id":70123,"date":"2025-09-04T00:13:56","date_gmt":"2025-09-04T06:13:56","guid":{"rendered":"https:\/\/politicosaldesnudo.com.mx\/?p=70123"},"modified":"2025-09-03T22:06:17","modified_gmt":"2025-09-04T04:06:17","slug":"inauguran-laboratorio-de-inteligencia-artificial-en-la-utnl","status":"publish","type":"post","link":"https:\/\/politicosaldesnudo.com.mx\/index.php\/2025\/09\/04\/inauguran-laboratorio-de-inteligencia-artificial-en-la-utnl\/","title":{"rendered":"Inauguran laboratorio de inteligencia artificial en la UTNL"},"content":{"rendered":"<p>La Universidad Tecnol\u00f3gica de Nuevo Laredo (UTNL) cuenta ya con un moderno laboratorio digital y de dise\u00f1o especializado en inteligencia artificial, inaugurado\u00a0 por el rector Jos\u00e9 Antonio Tovar Lara, acompa\u00f1ado de autoridades educativas de Tamaulipas.<\/p>\n<p>Durante el acto protocolario se realiz\u00f3 la entrega simb\u00f3lica de las llaves, el corte del list\u00f3n y la develaci\u00f3n de la placa conmemorativa. Posteriormente, los asistentes recorrieron las instalaciones y convivieron con estudiantes y docentes.<\/p>\n<p>El nuevo laboratorio fue construido con apoyo del Gobierno Municipal de Nuevo Laredo, mediante una inversi\u00f3n superior a los 10 millones de pesos, en una superficie de 402 metros cuadrados. La obra integra p\u00f3rtico, vest\u00edbulo, laboratorios de dise\u00f1o y digital, sanitarios, andadores, rampas, \u00e1reas verdes, bancas y alumbrado.<\/p>\n<p>En su mensaje, el rector Tovar Lara destac\u00f3 que este espacio \u201csimboliza el compromiso con la educaci\u00f3n, la innovaci\u00f3n y el desarrollo cient\u00edfico y tecnol\u00f3gico\u201d, al tiempo que subray\u00f3 que cientos de estudiantes se beneficiar\u00e1n de estas instalaciones durante generaciones.<\/p>\n<p>Este laboratorio ser\u00e1 pieza clave para la nueva carrera de\u00a0Inteligencia Artificial y Ciencia de Datos, que inici\u00f3 en la\u00a0UTNL\u00a0a partir del actual ciclo escolar, con el objetivo de preparar a los j\u00f3venes en \u00e1reas de alta demanda en el mundo laboral.<\/p>\n<p>Con esta inauguraci\u00f3n, la universidad refuerza su papel como instituci\u00f3n formadora de talento en el \u00e1mbito tecnol\u00f3gico y cient\u00edfico, alineada con las tendencias globales en educaci\u00f3n superior.<\/p>\n","protected":false},"excerpt":{"rendered":"<p>La Universidad Tecnol\u00f3gica de Nuevo Laredo (UTNL) cuenta ya con un moderno laboratorio digital y de dise\u00f1o especializado en inteligencia<\/p>\n","protected":false},"author":4,"featured_media":70124,"comment_status":"closed","ping_status":"closed","sticky":false,"template":"","format":"standard","meta":{"colormag_page_container_layout":"default_layout","colormag_page_sidebar_layout":"default_layout","_jetpack_memberships_contains_paid_content":false,"footnotes":"","jetpack_publicize_message":"","jetpack_publicize_feature_enabled":true,"jetpack_social_post_already_shared":true,"jetpack_social_options":{"image_generator_settings":{"template":"highway","default_image_id":0,"font":"","enabled":false},"version":2}},"categories":[30],"tags":[],"class_list":["post-70123","post","type-post","status-publish","format-standard","has-post-thumbnail","hentry","category-estados"],"jetpack_publicize_connections":[],"jetpack_featured_media_url":"https:\/\/i0.wp.com\/politicosaldesnudo.com.mx\/wp-content\/uploads\/2025\/09\/NULA.jpg?fit=773%2C489&ssl=1","jetpack-related-posts":[],"jetpack_sharing_enabled":true,"_links":{"self":[{"href":"https:\/\/politicosaldesnudo.com.mx\/index.php\/wp-json\/wp\/v2\/posts\/70123","targetHints":{"allow":["GET"]}}],"collection":[{"href":"https:\/\/politicosaldesnudo.com.mx\/index.php\/wp-json\/wp\/v2\/posts"}],"about":[{"href":"https:\/\/politicosaldesnudo.com.mx\/index.php\/wp-json\/wp\/v2\/types\/post"}],"author":[{"embeddable":true,"href":"https:\/\/politicosaldesnudo.com.mx\/index.php\/wp-json\/wp\/v2\/users\/4"}],"replies":[{"embeddable":true,"href":"https:\/\/politicosaldesnudo.com.mx\/index.php\/wp-json\/wp\/v2\/comments?post=70123"}],"version-history":[{"count":0,"href":"https:\/\/politicosaldesnudo.com.mx\/index.php\/wp-json\/wp\/v2\/posts\/70123\/revisions"}],"wp:featuredmedia":[{"embeddable":true,"href":"https:\/\/politicosaldesnudo.com.mx\/index.php\/wp-json\/wp\/v2\/media\/70124"}],"wp:attachment":[{"href":"https:\/\/politicosaldesnudo.com.mx\/index.php\/wp-json\/wp\/v2\/media?parent=70123"}],"wp:term":[{"taxonomy":"category","embeddable":true,"href":"https:\/\/politicosaldesnudo.com.mx\/index.php\/wp-json\/wp\/v2\/categories?post=70123"},{"taxonomy":"post_tag","embeddable":true,"href":"https:\/\/politicosaldesnudo.com.mx\/index.php\/wp-json\/wp\/v2\/tags?post=70123"}],"curies":[{"name":"wp","href":"https:\/\/api.w.org\/{rel}","templated":true}]}}