{"id":70147,"date":"2025-09-02T23:49:03","date_gmt":"2025-09-03T05:49:03","guid":{"rendered":"https:\/\/politicosaldesnudo.com.mx\/?p=70147"},"modified":"2025-09-03T23:51:00","modified_gmt":"2025-09-04T05:51:00","slug":"el-espejismo-del-progreso","status":"publish","type":"post","link":"https:\/\/politicosaldesnudo.com.mx\/index.php\/2025\/09\/02\/el-espejismo-del-progreso\/","title":{"rendered":"El Espejismo del Progreso"},"content":{"rendered":"<p>Habr\u00eda que preguntarse si \u00bfconoce usted a alguna persona o familia que durante los \u00faltimos a\u00f1os se encuentra en situaci\u00f3n de pobreza y que haya podido abandonar esa situaci\u00f3n.? Porque al menos, nosotros si conocemos a varios que al contrario, han pasado a engrosar las cifras de la pobreza.<u><\/u><u><\/u><\/p>\n<p>En el panorama pol\u00edtico y social, los n\u00fameros son a menudo utilizados como herramientas de propaganda. Sin embargo, detr\u00e1s de las estad\u00edsticas brillantes se ocultan realidades crudas que merecen nuestra atenci\u00f3n. Seg\u00fan los \u00faltimos informes, la poblaci\u00f3n con al menos tres carencias sociales ha aumentado de 25 millones en 2018 a 27 millones en 2024. Una cifra que, lejos de ser un motivo de celebraci\u00f3n, deber\u00eda sonarnos como una alarma.<u><\/u><u><\/u><\/p>\n<p>\u00bfD\u00f3nde quedaron los supuestos logros del r\u00e9gimen? La narrativa oficial destaca avances, pero los datos cuentan una historia diferente. La carencia por acceso a servicios de salud ha pasado de 20 millones en 2018 a la escalofriante cifra de 44 millones en 2024. M\u00e1s que un avance, esto es una regresi\u00f3n que pone en tela de juicio la efectividad de las pol\u00edticas p\u00fablicas. \u00bfAcaso se han multiplicado los hospitales? \u00bfSe han mejorado las infraestructuras? La respuesta es un rotundo no.<u><\/u><u><\/u><\/p>\n<p>Y si esto no fuera suficiente, la poblaci\u00f3n vulnerable por carencias sociales ha crecido de 31 millones en 2018 a 42 millones en 2024. Un aumento que sugiere que, en lugar de reducir la pobreza y las desigualdades, el gobierno est\u00e1 construyendo un panorama a\u00fan m\u00e1s sombr\u00edo. \u00bfQu\u00e9 est\u00e1 pasando aqu\u00ed?<u><\/u><u><\/u><\/p>\n<p>Algunos podr\u00edan argumentar que las circunstancias globales, como la pandemia, han jugado un papel crucial en este aumento. Sin embargo, no podemos permitir que estas explicaciones diluyan la responsabilidad del gobierno. Se han gastado cientos de miles de millones de pesos del erario en programas que, seg\u00fan las cifras, no est\u00e1n cumpliendo su prop\u00f3sito.<u><\/u><u><\/u><\/p>\n<p>Es f\u00e1cil caer en la trampa de los n\u00fameros, donde los logros son presentados como triunfos rotundos. Pero, \u00bfqu\u00e9 hay de la realidad en la que viven millones de mexicanos? La salud, un derecho humano fundamental, se ha convertido en un lujo para muchos. Las estad\u00edsticas sugieren que, en lugar de mejorar, la situaci\u00f3n se ha deteriorado, y la vulnerabilidad se ha expandido como una sombra que amenaza a cada vez m\u00e1s familias.<u><\/u><u><\/u><\/p>\n<p>La iron\u00eda est\u00e1 en que, mientras se proclaman victorias, la gente sigue luchando por lo b\u00e1sico: acceso a salud, educaci\u00f3n y una vida digna. La diferencia entre la ret\u00f3rica oficial y la realidad cotidiana es abismal. Necesitamos un cambio de rumbo, una reevaluaci\u00f3n de las pol\u00edticas que realmente impacten y beneficien a la poblaci\u00f3n.<u><\/u><u><\/u><\/p>\n<p>As\u00ed, el supuesto logro m\u00e1s presumido por el r\u00e9gimen, que cost\u00f3 cifras astron\u00f3micas, resulta ser, en el mejor de los casos, un espejismo. Y en el peor, una burda mentira. La realidad es que la pobreza y la vulnerabilidad est\u00e1n m\u00e1s presentes que nunca. La pregunta es: \u00bfseguiremos permitiendo que nos vendan ilusiones mientras la verdad esconde un rostro desolador?<u><\/u><u><\/u><\/p>\n<p>Es hora de despertar, de exigir cuentas y de transformar la frustraci\u00f3n en acci\u00f3n. Porque al final, los n\u00fameros son solo eso: n\u00fameros. Lo que realmente importa son las vidas que hay detr\u00e1s de ellos.<u><\/u><u><\/u><\/p>\n<p>Las pol\u00edticas que han fallado, seg\u00fan los datos oficiales:<u><\/u><u><\/u><\/p>\n<ol start=\"1\" type=\"1\">\n<li><strong>Programas de Salud P\u00fablica<\/strong>: A pesar de la inversi\u00f3n en salud, el aumento en la carencia de acceso a servicios de salud de 20 millones a 44 millones sugiere que los programas no han logrado mejorar la infraestructura m\u00e9dica ni la disponibilidad de servicios.<u><\/u><u><\/u><\/li>\n<li><strong>Iniciativas de Bienestar Social<\/strong>: Los programas destinados a reducir la pobreza y las carencias sociales, como las transferencias directas, han mostrado resultados limitados. El aumento de la poblaci\u00f3n vulnerable de 31 millones a 42 millones indica que estas medidas no han sido efectivas para mejorar las condiciones de vida.<u><\/u><u><\/u><\/li>\n<li><strong>Educaci\u00f3n y Capacitaci\u00f3n<\/strong>: Las pol\u00edticas de educaci\u00f3n y capacitaci\u00f3n laboral no han sido suficientes para empoderar a las comunidades y reducir la desigualdad social. La falta de acceso a una educaci\u00f3n de calidad contribuye a perpetuar el ciclo de la pobreza.<u><\/u><u><\/u><\/li>\n<li><strong>Desarrollo Regional<\/strong>: Las estrategias para impulsar el desarrollo econ\u00f3mico en \u00e1reas marginadas no han demostrado un impacto significativo, lo que ha llevado a un aumento en las carencias sociales en diversas regiones del pa\u00eds.<u><\/u><u><\/u><\/li>\n<li><strong>Acceso a Servicios B\u00e1sicos<\/strong>: Las pol\u00edticas de infraestructura para garantizar el acceso a agua potable, saneamiento y electricidad han sido insuficientes, exacerbando las carencias en las comunidades m\u00e1s necesitadas.<u><\/u><u><\/u><\/li>\n<\/ol>\n<p>Lo cierto es que la falta de efectividad en estas pol\u00edticas ha llevado a un incremento en las carencias sociales y a un deterioro en la calidad de vida de millones de mexicanos. Es imperativo revisar y ajustar estas pol\u00edticas para abordar las necesidades reales de la poblaci\u00f3n.<\/p>\n<p><img data-recalc-dims=\"1\" loading=\"lazy\" decoding=\"async\" class=\"aligncenter size-full wp-image-69908\" src=\"https:\/\/i0.wp.com\/politicosaldesnudo.com.mx\/wp-content\/uploads\/2025\/09\/FIRMA-EDITORIAL-PD.jpg?resize=800%2C98&#038;ssl=1\" alt=\"\" width=\"800\" height=\"98\" srcset=\"https:\/\/i0.wp.com\/politicosaldesnudo.com.mx\/wp-content\/uploads\/2025\/09\/FIRMA-EDITORIAL-PD.jpg?w=1024&amp;ssl=1 1024w, https:\/\/i0.wp.com\/politicosaldesnudo.com.mx\/wp-content\/uploads\/2025\/09\/FIRMA-EDITORIAL-PD.jpg?resize=300%2C37&amp;ssl=1 300w, https:\/\/i0.wp.com\/politicosaldesnudo.com.mx\/wp-content\/uploads\/2025\/09\/FIRMA-EDITORIAL-PD.jpg?resize=768%2C94&amp;ssl=1 768w\" sizes=\"auto, (max-width: 800px) 100vw, 800px\" \/><\/p>\n","protected":false},"excerpt":{"rendered":"<p>Habr\u00eda que preguntarse si \u00bfconoce usted a alguna persona o familia que durante los \u00faltimos a\u00f1os se encuentra en situaci\u00f3n<\/p>\n","protected":false},"author":4,"featured_media":46060,"comment_status":"closed","ping_status":"closed","sticky":false,"template":"","format":"standard","meta":{"colormag_page_container_layout":"default_layout","colormag_page_sidebar_layout":"default_layout","_jetpack_memberships_contains_paid_content":false,"footnotes":"","jetpack_publicize_message":"","jetpack_publicize_feature_enabled":true,"jetpack_social_post_already_shared":true,"jetpack_social_options":{"image_generator_settings":{"template":"highway","default_image_id":0,"font":"","enabled":false},"version":2}},"categories":[26],"tags":[],"class_list":["post-70147","post","type-post","status-publish","format-standard","has-post-thumbnail","hentry","category-columnistas"],"jetpack_publicize_connections":[],"jetpack_featured_media_url":"https:\/\/i0.wp.com\/politicosaldesnudo.com.mx\/wp-content\/uploads\/2024\/09\/CRISTIANI-2.jpg?fit=800%2C445&ssl=1","jetpack-related-posts":[],"jetpack_sharing_enabled":true,"_links":{"self":[{"href":"https:\/\/politicosaldesnudo.com.mx\/index.php\/wp-json\/wp\/v2\/posts\/70147","targetHints":{"allow":["GET"]}}],"collection":[{"href":"https:\/\/politicosaldesnudo.com.mx\/index.php\/wp-json\/wp\/v2\/posts"}],"about":[{"href":"https:\/\/politicosaldesnudo.com.mx\/index.php\/wp-json\/wp\/v2\/types\/post"}],"author":[{"embeddable":true,"href":"https:\/\/politicosaldesnudo.com.mx\/index.php\/wp-json\/wp\/v2\/users\/4"}],"replies":[{"embeddable":true,"href":"https:\/\/politicosaldesnudo.com.mx\/index.php\/wp-json\/wp\/v2\/comments?post=70147"}],"version-history":[{"count":0,"href":"https:\/\/politicosaldesnudo.com.mx\/index.php\/wp-json\/wp\/v2\/posts\/70147\/revisions"}],"wp:featuredmedia":[{"embeddable":true,"href":"https:\/\/politicosaldesnudo.com.mx\/index.php\/wp-json\/wp\/v2\/media\/46060"}],"wp:attachment":[{"href":"https:\/\/politicosaldesnudo.com.mx\/index.php\/wp-json\/wp\/v2\/media?parent=70147"}],"wp:term":[{"taxonomy":"category","embeddable":true,"href":"https:\/\/politicosaldesnudo.com.mx\/index.php\/wp-json\/wp\/v2\/categories?post=70147"},{"taxonomy":"post_tag","embeddable":true,"href":"https:\/\/politicosaldesnudo.com.mx\/index.php\/wp-json\/wp\/v2\/tags?post=70147"}],"curies":[{"name":"wp","href":"https:\/\/api.w.org\/{rel}","templated":true}]}}