{"id":7015,"date":"2022-06-27T21:05:25","date_gmt":"2022-06-28T02:05:25","guid":{"rendered":"https:\/\/politicosaldesnudo.com.mx\/?p=7015"},"modified":"2022-06-27T21:05:25","modified_gmt":"2022-06-28T02:05:25","slug":"mueren-42-migrantes-abandonados-en-caja-de-trailer-en-san-antonio-texas","status":"publish","type":"post","link":"https:\/\/politicosaldesnudo.com.mx\/index.php\/2022\/06\/27\/mueren-42-migrantes-abandonados-en-caja-de-trailer-en-san-antonio-texas\/","title":{"rendered":"Mueren 42 migrantes abandonados en caja de trailer en San Antonio, Texas"},"content":{"rendered":"<p>&nbsp;<\/p>\n<p class=\"p1\"><span style=\"font-size: 14pt;\"><em><strong>Texas.<\/strong><\/em> Hallan a <strong>42 personas muertas<\/strong> en el interior de la caja de un tr\u00e1iler, <strong>al parecer migrantes<\/strong> a los que fueron abandonados en San Antonio, Texas, as\u00ed lo report\u00f3 el medio local Ksat de ABC News.<\/span><\/p>\n<p class=\"p1\"><span style=\"font-size: 18pt;\"><strong>S\u00f3lo 16 personas fueron rescatadas con vida en estado grave, tambi\u00e9n posibles migrantes y se les llev\u00f3 a hospitales cercanos del lugar del hallazgo, en la manzana 9600 de Quintana Road, cerca de la autopista Nuevo Laredo, en Southwest Side.<\/strong><\/span><\/p>\n<p>&nbsp;<\/p>\n<p><img data-recalc-dims=\"1\" loading=\"lazy\" decoding=\"async\" class=\"aligncenter wp-image-7017 size-large\" src=\"https:\/\/i0.wp.com\/politicosaldesnudo.com.mx\/wp-content\/uploads\/2022\/06\/P-MIGRANTES-TEXAS2-1024x573.png?resize=800%2C448&#038;ssl=1\" alt=\"\" width=\"800\" height=\"448\" srcset=\"https:\/\/i0.wp.com\/politicosaldesnudo.com.mx\/wp-content\/uploads\/2022\/06\/P-MIGRANTES-TEXAS2.png?resize=1024%2C573&amp;ssl=1 1024w, https:\/\/i0.wp.com\/politicosaldesnudo.com.mx\/wp-content\/uploads\/2022\/06\/P-MIGRANTES-TEXAS2.png?resize=300%2C168&amp;ssl=1 300w, https:\/\/i0.wp.com\/politicosaldesnudo.com.mx\/wp-content\/uploads\/2022\/06\/P-MIGRANTES-TEXAS2.png?resize=768%2C430&amp;ssl=1 768w, https:\/\/i0.wp.com\/politicosaldesnudo.com.mx\/wp-content\/uploads\/2022\/06\/P-MIGRANTES-TEXAS2.png?resize=1536%2C859&amp;ssl=1 1536w, https:\/\/i0.wp.com\/politicosaldesnudo.com.mx\/wp-content\/uploads\/2022\/06\/P-MIGRANTES-TEXAS2.png?w=1816&amp;ssl=1 1816w, https:\/\/i0.wp.com\/politicosaldesnudo.com.mx\/wp-content\/uploads\/2022\/06\/P-MIGRANTES-TEXAS2.png?w=1600&amp;ssl=1 1600w\" sizes=\"auto, (max-width: 800px) 100vw, 800px\" \/><\/p>\n<p>&nbsp;<\/p>\n<p class=\"p1\"><span style=\"font-size: 14pt;\">La zona fue acordonada por elementos de seguridad de Estados Unidos, para realizar el levantamiento de los cuerpos y comenzar las investigaciones correspondientes.<\/span><\/p>\n<p class=\"p1\"><span style=\"font-size: 18pt;\"><strong>El tr\u00e1iler con personas al parecer migrantes habr\u00eda sido abandonado por el conductor y las personas llevar\u00edan horas esperando ayuda.<\/strong><\/span><\/p>\n<p class=\"p1\"><span style=\"font-size: 14pt;\">El veh\u00edculo fue abandonado junto a las v\u00edas del tren en un \u00e1rea aislada en el suroeste de Southwest Side.<\/span><\/p>\n<p>&nbsp;<\/p>\n<p><span style=\"font-size: 18pt;\"><strong>NO SE SABEN NACIONALIDADES<\/strong><\/span><\/p>\n<p class=\"p1\"><span style=\"font-size: 14pt;\">Las autoridades a\u00fan no han informado de las nacionalidades de los 42 migrantes encontrados sin vida dentro del tr\u00e1iler en San Antonio.<\/span><\/p>\n<p class=\"p1\"><span style=\"font-size: 18pt;\"><strong>Desde M\u00e9xico, el canciller Marcelo Ebrard coment\u00f3 que el c\u00f3nsul va hacia el lugar, envi\u00f3 sus condolencias y dijo que todav\u00eda se desconocen las nacionalidades:<\/strong><\/span><\/p>\n<p>&nbsp;<\/p>\n<blockquote class=\"twitter-tweet\" data-width=\"550\" data-dnt=\"true\">\n<p lang=\"es\" dir=\"ltr\">Tragedia en Texas. Asfixiados en la caja del trailer seg\u00fan se informa. C\u00f3nsul en ruta al punto. Condolencias a las v\u00edctimas y sus familias. A\u00fan no conocemos nacionalidades. <a href=\"https:\/\/t.co\/4d7hDErHwo\">https:\/\/t.co\/4d7hDErHwo<\/a><\/p>\n<p>&mdash; Marcelo Ebrard C. (@m_ebrard) <a href=\"https:\/\/twitter.com\/m_ebrard\/status\/1541594347971526657?ref_src=twsrc%5Etfw\">June 28, 2022<\/a><\/p><\/blockquote>\n<p><script async src=\"https:\/\/platform.twitter.com\/widgets.js\" charset=\"utf-8\"><\/script><\/p>\n<p>&nbsp;<\/p>\n<p class=\"p1\"><span style=\"font-size: 18pt;\"><strong>Por su parte, el gobernador texano Greg Abbott sali\u00f3 a culpar al presidente Joe Biden.<\/strong><\/span><\/p>\n<p class=\"p1\"><span style=\"font-size: 18pt;\"><strong>\u201cSon el resultado de sus letales pol\u00edticas de fronteras abiertas. Muestran las consecuencias mortales de su negativa a hacer cumplir la ley\u201d, acus\u00f3 el pol\u00edtico, quien tuite\u00f3 la nota de un medio en la que se confirma que son 42 migrantes muertos en el tr\u00e1iler.<\/strong><\/span><\/p>\n<p>&nbsp;<\/p>\n<blockquote class=\"twitter-tweet\" data-width=\"550\" data-dnt=\"true\">\n<p lang=\"en\" dir=\"ltr\">At Least 42 People Found Dead Inside Truck Carrying Migrants In Texas. <\/p>\n<p>These deaths are on Biden.<\/p>\n<p>They are a result of his deadly open border policies.<\/p>\n<p>They show the deadly consequences of his refusal to enforce the law. <a href=\"https:\/\/t.co\/8KG3iAwlEk\">https:\/\/t.co\/8KG3iAwlEk<\/a><\/p>\n<p>&mdash; Greg Abbott (@GregAbbott_TX) <a href=\"https:\/\/twitter.com\/GregAbbott_TX\/status\/1541596214705135617?ref_src=twsrc%5Etfw\">June 28, 2022<\/a><\/p><\/blockquote>\n<p><script async src=\"https:\/\/platform.twitter.com\/widgets.js\" charset=\"utf-8\"><\/script><\/p>\n<p>&nbsp;<\/p>\n<p>&nbsp;<\/p>\n<p>&nbsp;<\/p>\n<p>&nbsp;<\/p>\n","protected":false},"excerpt":{"rendered":"<p>&nbsp; Texas. Hallan a 42 personas muertas en el interior de la caja de un tr\u00e1iler, al parecer migrantes a<\/p>\n","protected":false},"author":4,"featured_media":7016,"comment_status":"closed","ping_status":"closed","sticky":false,"template":"","format":"standard","meta":{"colormag_page_container_layout":"default_layout","colormag_page_sidebar_layout":"default_layout","_jetpack_memberships_contains_paid_content":false,"footnotes":"","jetpack_publicize_message":"","jetpack_publicize_feature_enabled":true,"jetpack_social_post_already_shared":false,"jetpack_social_options":{"image_generator_settings":{"template":"highway","default_image_id":0,"font":"","enabled":false},"version":2}},"categories":[28],"tags":[54,827,541],"class_list":["post-7015","post","type-post","status-publish","format-standard","has-post-thumbnail","hentry","category-internacional","tag-migrantes","tag-muertos","tag-texas"],"jetpack_publicize_connections":[],"jetpack_featured_media_url":"https:\/\/i0.wp.com\/politicosaldesnudo.com.mx\/wp-content\/uploads\/2022\/06\/P-TRAILER-TEXAS.png?fit=1816%2C1016&ssl=1","jetpack-related-posts":[],"jetpack_sharing_enabled":true,"_links":{"self":[{"href":"https:\/\/politicosaldesnudo.com.mx\/index.php\/wp-json\/wp\/v2\/posts\/7015","targetHints":{"allow":["GET"]}}],"collection":[{"href":"https:\/\/politicosaldesnudo.com.mx\/index.php\/wp-json\/wp\/v2\/posts"}],"about":[{"href":"https:\/\/politicosaldesnudo.com.mx\/index.php\/wp-json\/wp\/v2\/types\/post"}],"author":[{"embeddable":true,"href":"https:\/\/politicosaldesnudo.com.mx\/index.php\/wp-json\/wp\/v2\/users\/4"}],"replies":[{"embeddable":true,"href":"https:\/\/politicosaldesnudo.com.mx\/index.php\/wp-json\/wp\/v2\/comments?post=7015"}],"version-history":[{"count":0,"href":"https:\/\/politicosaldesnudo.com.mx\/index.php\/wp-json\/wp\/v2\/posts\/7015\/revisions"}],"wp:featuredmedia":[{"embeddable":true,"href":"https:\/\/politicosaldesnudo.com.mx\/index.php\/wp-json\/wp\/v2\/media\/7016"}],"wp:attachment":[{"href":"https:\/\/politicosaldesnudo.com.mx\/index.php\/wp-json\/wp\/v2\/media?parent=7015"}],"wp:term":[{"taxonomy":"category","embeddable":true,"href":"https:\/\/politicosaldesnudo.com.mx\/index.php\/wp-json\/wp\/v2\/categories?post=7015"},{"taxonomy":"post_tag","embeddable":true,"href":"https:\/\/politicosaldesnudo.com.mx\/index.php\/wp-json\/wp\/v2\/tags?post=7015"}],"curies":[{"name":"wp","href":"https:\/\/api.w.org\/{rel}","templated":true}]}}