{"id":70222,"date":"2025-09-05T01:16:06","date_gmt":"2025-09-05T07:16:06","guid":{"rendered":"https:\/\/politicosaldesnudo.com.mx\/?p=70222"},"modified":"2025-09-05T01:16:06","modified_gmt":"2025-09-05T07:16:06","slug":"edomex-y-sedena-se-unen-para-producir-1-8-millones-de-plantas-para-reforestacion","status":"publish","type":"post","link":"https:\/\/politicosaldesnudo.com.mx\/index.php\/2025\/09\/05\/edomex-y-sedena-se-unen-para-producir-1-8-millones-de-plantas-para-reforestacion\/","title":{"rendered":"Edomex y Sedena se unen para producir 1.8 millones de plantas para reforestaci\u00f3n"},"content":{"rendered":"<p class=\"nota-justify\">El gobierno del Estado de M\u00e9xico firm\u00f3 un convenio con la Secretar\u00eda de la Defensa Nacional (Sedena) para producir m\u00e1s de un mill\u00f3n 800 mil plantas en el Vivero Forestal Militar de Temamatla, para asegurar la disponibilidad de \u00e1rboles adecuados y de calidad para los programas de reforestaci\u00f3n en la entidad.<\/p>\n<p class=\"nota-justify\">Alhely Rubio Arronis, secretaria del Medio Ambiente y Desarrollo Sostenible suscribi\u00f3 el acuerdo con Lucio Vergara G\u00f3mez, Comandante de la 37\/a. Zona Militar, y el Capit\u00e1n Rub\u00e9n Alfredo Mart\u00ednez Arzate, Jefe del Vivero Forestal Militar de Temamatla.<\/p>\n<p class=\"nota-justify\">La funcionaria destac\u00f3 que este es el primer acuerdo que suscribe el gobierno estatal con la Defensa atendiendo las indicaciones de la gobernadora Delfina G\u00f3mez \u00c1lvarez.<\/p>\n<p class=\"nota-justify\">Detall\u00f3 que durante el periodo 2025-2026 se producir\u00e1n plantas de 20 especies de clima templado, semiseco y fr\u00edo, as\u00ed como \u00e1rboles frutales y urbanos.<\/p>\n<p class=\"nota-justify\">La iniciativa tiene por objetivo, trabajar por la conservaci\u00f3n y recuperaci\u00f3n del patrimonio natural, agreg\u00f3.<\/p>\n<p class=\"nota-justify\">Inform\u00f3 que, con la firma de este convenio, se fortalece el prop\u00f3sito de restaurar ecosistemas en la entidad \u2014con especies adecuadas para cada regi\u00f3n, que tienen mayores posibilidades de supervivencia\u2014 como una estrategia fundamental para enfrentar la degradaci\u00f3n ambiental y conservar la biodiversidad.<\/p>\n","protected":false},"excerpt":{"rendered":"<p>El gobierno del Estado de M\u00e9xico firm\u00f3 un convenio con la Secretar\u00eda de la Defensa Nacional (Sedena) para producir m\u00e1s<\/p>\n","protected":false},"author":4,"featured_media":70223,"comment_status":"closed","ping_status":"closed","sticky":false,"template":"","format":"standard","meta":{"colormag_page_container_layout":"default_layout","colormag_page_sidebar_layout":"default_layout","_jetpack_memberships_contains_paid_content":false,"footnotes":"","jetpack_publicize_message":"","jetpack_publicize_feature_enabled":true,"jetpack_social_post_already_shared":true,"jetpack_social_options":{"image_generator_settings":{"template":"highway","default_image_id":0,"font":"","enabled":false},"version":2}},"categories":[30],"tags":[],"class_list":["post-70222","post","type-post","status-publish","format-standard","has-post-thumbnail","hentry","category-estados"],"jetpack_publicize_connections":[],"jetpack_featured_media_url":"https:\/\/i0.wp.com\/politicosaldesnudo.com.mx\/wp-content\/uploads\/2025\/09\/arb.jpg?fit=773%2C475&ssl=1","jetpack-related-posts":[],"jetpack_sharing_enabled":true,"_links":{"self":[{"href":"https:\/\/politicosaldesnudo.com.mx\/index.php\/wp-json\/wp\/v2\/posts\/70222","targetHints":{"allow":["GET"]}}],"collection":[{"href":"https:\/\/politicosaldesnudo.com.mx\/index.php\/wp-json\/wp\/v2\/posts"}],"about":[{"href":"https:\/\/politicosaldesnudo.com.mx\/index.php\/wp-json\/wp\/v2\/types\/post"}],"author":[{"embeddable":true,"href":"https:\/\/politicosaldesnudo.com.mx\/index.php\/wp-json\/wp\/v2\/users\/4"}],"replies":[{"embeddable":true,"href":"https:\/\/politicosaldesnudo.com.mx\/index.php\/wp-json\/wp\/v2\/comments?post=70222"}],"version-history":[{"count":0,"href":"https:\/\/politicosaldesnudo.com.mx\/index.php\/wp-json\/wp\/v2\/posts\/70222\/revisions"}],"wp:featuredmedia":[{"embeddable":true,"href":"https:\/\/politicosaldesnudo.com.mx\/index.php\/wp-json\/wp\/v2\/media\/70223"}],"wp:attachment":[{"href":"https:\/\/politicosaldesnudo.com.mx\/index.php\/wp-json\/wp\/v2\/media?parent=70222"}],"wp:term":[{"taxonomy":"category","embeddable":true,"href":"https:\/\/politicosaldesnudo.com.mx\/index.php\/wp-json\/wp\/v2\/categories?post=70222"},{"taxonomy":"post_tag","embeddable":true,"href":"https:\/\/politicosaldesnudo.com.mx\/index.php\/wp-json\/wp\/v2\/tags?post=70222"}],"curies":[{"name":"wp","href":"https:\/\/api.w.org\/{rel}","templated":true}]}}