{"id":70231,"date":"2025-09-05T01:20:55","date_gmt":"2025-09-05T07:20:55","guid":{"rendered":"https:\/\/politicosaldesnudo.com.mx\/?p=70231"},"modified":"2025-09-05T01:20:55","modified_gmt":"2025-09-05T07:20:55","slug":"maduro-un-fugitivo-de-la-justicia-estadunidense-afirma-marco-rubio","status":"publish","type":"post","link":"https:\/\/politicosaldesnudo.com.mx\/index.php\/2025\/09\/05\/maduro-un-fugitivo-de-la-justicia-estadunidense-afirma-marco-rubio\/","title":{"rendered":"Maduro, \u00abun fugitivo de la justicia estadunidense\u00bb, afirma Marco Rubio"},"content":{"rendered":"<p class=\"nota-justify\">De la visita del secretario de Estado, Marco Rubio, a Quito solo qued\u00f3 en claro la decisi\u00f3n de Estados Unidos de perseguir al presidente venezolano, Nicol\u00e1s Maduro, a quien el funcionario calific\u00f3 como \u00abnarcotraficante\u00bb. \u201cQue no exista duda, Maduro est\u00e1 acusado y es fugitivo de la justicia de Estados Unidos\u201d, asegur\u00f3 Rubio en rueda de prensa en la planta baja del Palacio de Carondelet, sede de la Presidencia de Ecuador.<\/p>\n<p class=\"nota-justify\">El diplom\u00e1tico record\u00f3 que un gran jurado en Nueva York present\u00f3 evidencia e imputaciones contra Maduro: \u201cNo lo digo yo, lo dice un gran jurado en el estado de Nueva York. Hace a\u00f1os sali\u00f3 un nuevo encausamiento que detalla el papel que tom\u00f3 Maduro desde los a\u00f1os de Ch\u00e1vez con la droga\u201d.<\/p>\n<p class=\"nota-justify\">Frente a ello, remarc\u00f3 sus cr\u00edticas a organismos internacionales que no respaldan la posici\u00f3n de Washington: \u00abLas Naciones Unidas est\u00e1n en desacuerdo, a m\u00ed no me importa lo que dicen. Maduro no es el l\u00edder leg\u00edtimo de Venezuela, enfrenta cargos en Nueva York por un gran jurado\u00bb.<\/p>\n<p class=\"nota-justify\">Aunque ni Rubio ni su colega Gabriela Sommerfeld explicaron la presencia de naves y misiones militares en Gal\u00e1pagos, el secretario de Estado s\u00ed se refiri\u00f3 a la posibilidad de la instalaci\u00f3n de bases extranjeras en Ecuador. \u00abHablamos (con el presidente Daniel Noboa) de la posibilidad de estacionar elementos militares de Estados Unidos en el territorio, en cooperaci\u00f3n, obviamente con el gobierno\u00bb, con el fin de enfrentar una \u00abamenaza en com\u00fan\u00bb.<\/p>\n<p class=\"nota-justify\">Y acot\u00f3: \u00abEcuador es un pa\u00eds soberano, si nos invitan lo vamos a considerar, incluso aqu\u00ed ten\u00edamos bases militares y nos pidieron que nos fu\u00e9ramos en los a\u00f1os de (Rafael) Correa y nos fuimos. Si nos invitan a regresar, es un punto muy estrat\u00e9gico, lo vamos a estudiar, si tiene sentido, si los ayuda tambi\u00e9n con lo que est\u00e1n enfrentando, con la miner\u00eda ilegal, con el narcoterrorismo, la pesca ilegal que tambi\u00e9n es una cosa muy seria. Si se nos pide, viene de parte de un aliado y un amigo\u201d.<\/p>\n<p class=\"nota-justify\">Durante la jornada de este jueves, varios medios de comunicaci\u00f3n detallaron la cantidad de coca\u00edna que sale de Venezuela, Colombia, Ecuador y Per\u00fa, de lo cual los periodistas acreditados a la rueda de prensa de Rubio se hicieron eco. Sin embargo, varios expertos dieron cifras muy diferentes a la de los gobiernos de Noboa y de Donald Trump.<\/p>\n<p class=\"nota-justify\">\u201cEl narcotr\u00e1fico es un problema de la regi\u00f3n, pues la producci\u00f3n de coca\u00edna en Am\u00e9rica Latina es de alrededor de cuatro mil toneladas. Entre 2022 y 2023, Colombia increment\u00f3 en 53 por ciento la producci\u00f3n de coca\u00edna. Por Venezuela salen alrededor de 300 toneladas, por Ecuador mil 200 toneladas, por Bolivia 400 toneladas y por Per\u00fa mil toneladas. Y ahora el destino de droga tambi\u00e9n es masivo hacia Brasil que ya es el segundo pa\u00eds de consumo de coca\u00edna del mundo, pero tambi\u00e9n no deja de ser un pa\u00eds de tr\u00e1nsito\u201d, asegur\u00f3 a La Jornada el experto en temas de seguridad Fernando Carri\u00f3n.<\/p>\n<p class=\"nota-justify\">De ah\u00ed que la respuesta airada de Rubio intent\u00f3 desacreditar los informes de la ONU, en los cuales se ha explicado en varias ocasiones que solo 5 por ciento de los narc\u00f3ticos pasan por Venezuela, mientras que 87 por ciento del transporte de drogas hacia el norte se hace por la ruta del Pac\u00edfico, desde los puertos de Ecuador, Per\u00fa y Colombia.<\/p>\n<p class=\"nota-justify\">Al mismo tiempo, durante la rueda de prensa oficializ\u00f3 que Estados Unidos asignar\u00e1 13.5 millones de d\u00f3lares en asistencia en materia de seguridad y otros 6 millones de d\u00f3lares para drones, pero no descart\u00f3 enviar militares de su pa\u00eds para entrenamientos y capacitaciones a sus pares ecuatorianos.<\/p>\n<p class=\"nota-justify\">Mientras se desarrollaba la reuni\u00f3n con Noboa, se conoci\u00f3 que Estados Unidos decidi\u00f3 declarar a los grupos criminales Los Choneros y Los Lobos como terroristas extranjeras. Noticia que fue celebrada por Noboa en sus redes sociales: \u201cChoneros y Lobos pueden seguir creyendo que nadie los toca, pero la realidad es otra\u201d. De hecho, Rubio inici\u00f3 la rueda de prensa destacando la noticia, pues \u00abnos abre muchas posibilidades de acci\u00f3n\u00bb, seg\u00fan \u00e9l.<\/p>\n<p class=\"nota-justify\">As\u00ed consta en un documento que debe publicarse este viernes y en el que se indica que estas dos organizaciones \u201chan atacado y amenazado a funcionarios p\u00fablicos y a sus familias, a personal de seguridad, jueces, fiscales y periodistas en Ecuador\u201d. Adem\u00e1s: \u00abSu objetivo final es controlar las rutas de tr\u00e1fico de drogas que atraviesan Ecuador aterrorizando y ejerciendo una violencia brutal sobre la poblaci\u00f3n ecuatoriana\u00bb.Seg\u00fan el Departamento de Estado, los Choneros son identificados como \u00c1guilas o Fatales, mientras que Los Lobos figuran como \u201cLos Lobos Drug Trafficking Organization\u201d.<\/p>\n","protected":false},"excerpt":{"rendered":"<p>De la visita del secretario de Estado, Marco Rubio, a Quito solo qued\u00f3 en claro la decisi\u00f3n de Estados Unidos<\/p>\n","protected":false},"author":4,"featured_media":70232,"comment_status":"closed","ping_status":"closed","sticky":false,"template":"","format":"standard","meta":{"colormag_page_container_layout":"default_layout","colormag_page_sidebar_layout":"default_layout","_jetpack_memberships_contains_paid_content":false,"footnotes":"","jetpack_publicize_message":"","jetpack_publicize_feature_enabled":true,"jetpack_social_post_already_shared":true,"jetpack_social_options":{"image_generator_settings":{"template":"highway","default_image_id":0,"font":"","enabled":false},"version":2}},"categories":[28],"tags":[],"class_list":["post-70231","post","type-post","status-publish","format-standard","has-post-thumbnail","hentry","category-internacional"],"jetpack_publicize_connections":[],"jetpack_featured_media_url":"https:\/\/i0.wp.com\/politicosaldesnudo.com.mx\/wp-content\/uploads\/2025\/09\/jaa.jpg?fit=772%2C505&ssl=1","jetpack-related-posts":[],"jetpack_sharing_enabled":true,"_links":{"self":[{"href":"https:\/\/politicosaldesnudo.com.mx\/index.php\/wp-json\/wp\/v2\/posts\/70231","targetHints":{"allow":["GET"]}}],"collection":[{"href":"https:\/\/politicosaldesnudo.com.mx\/index.php\/wp-json\/wp\/v2\/posts"}],"about":[{"href":"https:\/\/politicosaldesnudo.com.mx\/index.php\/wp-json\/wp\/v2\/types\/post"}],"author":[{"embeddable":true,"href":"https:\/\/politicosaldesnudo.com.mx\/index.php\/wp-json\/wp\/v2\/users\/4"}],"replies":[{"embeddable":true,"href":"https:\/\/politicosaldesnudo.com.mx\/index.php\/wp-json\/wp\/v2\/comments?post=70231"}],"version-history":[{"count":0,"href":"https:\/\/politicosaldesnudo.com.mx\/index.php\/wp-json\/wp\/v2\/posts\/70231\/revisions"}],"wp:featuredmedia":[{"embeddable":true,"href":"https:\/\/politicosaldesnudo.com.mx\/index.php\/wp-json\/wp\/v2\/media\/70232"}],"wp:attachment":[{"href":"https:\/\/politicosaldesnudo.com.mx\/index.php\/wp-json\/wp\/v2\/media?parent=70231"}],"wp:term":[{"taxonomy":"category","embeddable":true,"href":"https:\/\/politicosaldesnudo.com.mx\/index.php\/wp-json\/wp\/v2\/categories?post=70231"},{"taxonomy":"post_tag","embeddable":true,"href":"https:\/\/politicosaldesnudo.com.mx\/index.php\/wp-json\/wp\/v2\/tags?post=70231"}],"curies":[{"name":"wp","href":"https:\/\/api.w.org\/{rel}","templated":true}]}}