{"id":70368,"date":"2025-09-08T00:22:45","date_gmt":"2025-09-08T06:22:45","guid":{"rendered":"https:\/\/politicosaldesnudo.com.mx\/?p=70368"},"modified":"2025-09-08T00:22:45","modified_gmt":"2025-09-08T06:22:45","slug":"el-debate-de-la-verdad-politica-rendicion-de-cuentas","status":"publish","type":"post","link":"https:\/\/politicosaldesnudo.com.mx\/index.php\/2025\/09\/08\/el-debate-de-la-verdad-politica-rendicion-de-cuentas\/","title":{"rendered":"EL DEBATE DE LA VERDAD POL\u00cdTICA\u2026 RENDICI\u00d3N DE CUENTAS"},"content":{"rendered":"<p>DEBATE POL\u00cdTICO. &#8211; Al presentar informaci\u00f3n y argumentos claros, los hechos son el fundamento de cualquier debate pol\u00edtico nacional, porque esos, una vez que se pierden en el enga\u00f1o, se vuelve dif\u00edcil recuperarlos, sin embargo, cuando se hace referencia a la verdad de los hechos, sirven como contrapeso al Poder Pol\u00edtico que podr\u00eda deformarlos\u2026 Al correr del tiempo, la verdad pol\u00edtica sobresale por s\u00ed misma, mientras que la mentira pol\u00edtica lleva para una concepci\u00f3n de gobierno autoritario, cerrado, cuanto a diferencia de una sociedad abierta y democr\u00e1tica que requiere informaci\u00f3n veraz, m\u00e1s a\u00fan de la participaci\u00f3n colectiva para su legitimidad\u2026 De esa manera la verdad en la pol\u00edtica, tanto en los hechos como en las declaraciones, es fundamental para la confianza p\u00fablica, la estabilidad democr\u00e1tica y la legitimidad del gobierno\u2026 Decir la verdad en pol\u00edtica es imperativo moral, es responsabilidad al compromiso contra\u00eddo con los electores y la sociedad en general\u2026 Un gobierno que oculta o manipula los hechos, al correr de los tiempos pierde legitimidad frente a la ciudadan\u00eda\u2026 Por ello la transparencia en la informaci\u00f3n de las acciones del gobierno es insoslayable en la rendici\u00f3n de cuentas\u2026 En la comunicaci\u00f3n pol\u00edtica es esencial para el debate p\u00fablico, y, por supuesto que, si el gobierno hace alusi\u00f3n de hechos con medias verdades o falsas, con mucha m\u00e1s raz\u00f3n el debate pol\u00edtico se hace presente, necesario e importante.<\/p>\n<p>La verdad construye puentes entre los diferentes puntos de vista del gobierno y la oposici\u00f3n pol\u00edtica\u2026 No puede haber di\u00e1logo constructivo si el planteamiento del gobierno, al analizar, discutir a partir de la verdad, no la afirma, se trate de cualquier asunto en las discusiones y an\u00e1lisis pol\u00edticos\u2026 De ah\u00ed que un gobierno que oculta la verdad con el argumento de CONSIDERACI\u00d3N DE SEGURIDAD NACIONAL, como si fueren secreto de Estado, como son las obras: Tren Maya, Refiner\u00eda tres Bocas, Corredor Interoce\u00e1nico de Istmo de Tehuantepec, el Aeropuerto Felipe \u00c1ngeles, sin transparentar nada en la RENDICI\u00d3N DE CUENTAS (obligaci\u00f3n legal) y hacerlo de conocimiento p\u00fablico, siembra sospechas del mal uso de los recursos p\u00fablicos; sospechas de corrupci\u00f3n y prende focos rojos parpadeantes de un indebido enriquecimiento particular y de grupo, que al no \u00a0permitir el debate pol\u00edtico, porque la verdad documentada no est\u00e1 disponible, est\u00e1 oculta, escondida, lo cual es una contradicci\u00f3n con la democracia, la honestidad pol\u00edtica y el mandato popular; circunstancias deleznables propios de un gobierno autoritario que evade el debate pol\u00edtico circunstancial.<\/p>\n<p>DEUDA P\u00daBLICA. &#8211; \u00a0En la Rendici\u00f3n de Cuentas conforme a los informes anuales de gobierno, la Deuda P\u00fablica no est\u00e1 del todo claro y preciso, como es obligaci\u00f3n legal, hacerlo\u2026 Ahora bien, el BANCO MUNDIAL establece que la Deuda P\u00fablica es fundamental para el desarrollo cuando se usa de manera inteligente\u2026 Dispone el BM que este tipo de fondos impulsa un crecimiento inclusivo y sostenido, mismo que debe ser transparente, gestionarse adecuadamente y utilizarse en el contexto de una estrategia cre\u00edble\u2026 Lo que concluye el BANCO MUNDIAL es que la transparencia de la deuda no es solo una cuesti\u00f3n t\u00e9cnica: es una pol\u00edtica p\u00fablica estrat\u00e9gica.<\/p>\n<p>AMLO endeud\u00f3 al pa\u00eds en m\u00e1s de 7 Billones de pesos: m\u00e1s de siete mil Millones de Millones de pesos\u2026 Suponiendo, sin conceder, que los recursos financieros de las obras emblem\u00e1ticas de AMLO son parte de la Deuda P\u00fablica, al comparar las cifras del endeudamiento con el costo respectivo, resulta una diferencia de m\u00e1s de 4 Billones y medio de pesos: m\u00e1s de cuatro mil Millones de Millones de pesos, como se muestra en el an\u00e1lisis m\u00e1s adelante, que se hace ineludible la explicaci\u00f3n cierta, precisa, indudablemente aut\u00e9ntica, d\u00f3nde y c\u00f3mo se gast\u00f3 tant\u00edsimo dinero; cifras descomunales\u2026 Una y m\u00e1s veces AMLO repiti\u00f3 que no endeudar\u00eda el pa\u00eds y que el manejo responsable de las finanzas p\u00fablicas eran el pilar de su eficacia\u2026 Que por eso el dinero alcanzaba para grandes obras y servicios, porque adem\u00e1s la corrupci\u00f3n no exist\u00eda en su gobierno; sin embargo, al final de su sexenio, que al correr del primer a\u00f1o de gobierno de la Presidenta Claudia Sheinbaum, los datos demuestran lo contrario\u2026 No hay duda de que el crecimiento de la Deuda P\u00fablica se increment\u00f3 a niveles hist\u00f3ricos que el pueblo de M\u00e9xico no puede ni debe olvidar; no puede darse por desentendido e indiferente, en especial la Clase Media\u2026 Adem\u00e1s, no debiera quedar en la sola menci\u00f3n ret\u00f3rica de cifras comparativas de un sexenio a otro (Enrique Pe\u00f1a Nieto- AMLO), como a voz en cuello lo expuso en el Congreso el Diputado Rub\u00e9n Moreira (PRI), al se\u00f1alar de MALANDR\u00cdN al expresidente L\u00f3pez Obrador\u2026 Ese endeudamiento es ins\u00f3lito, genera asombro, desconfianza, irritaci\u00f3n y furia, ya que no hay empate, no hay como compaginar esas finanzas prestadas, multimillonarias, con la situaci\u00f3n paup\u00e9rrima del impulso al desarrollo econ\u00f3mico y social de la Naci\u00f3n que se dio en el sexenio de AMLO\u2026 No hay precedente hist\u00f3rico de tanta y tanta discrecionalidad en el manejo de la Hacienda P\u00fablica de miles, miles y miles de Millones de pesos.<\/p>\n<p>AN\u00c1LISIS<\/p>\n<p>REFINER\u00cdA DOS BOCAS\u2026\u2026\u2026\u2026\u2026\u2026\u2026\u2026\u2026\u2026\u2026\u2026\u2026\u2026..$ 375 mil Millones<\/p>\n<p>TREN MAYA\u2026\u2026\u2026\u2026\u2026\u2026\u2026\u2026\u2026\u2026\u2026\u2026\u2026\u2026\u2026\u2026\u2026\u2026\u2026\u2026\u2026$ 544 mil Millones<\/p>\n<p>CORREDOR INTEROCE\u00c1NICO\u2026\u2026\u2026\u2026\u2026\u2026\u2026\u2026\u2026\u2026\u2026.$1,085 mil Millones<\/p>\n<p>AEROPUERTO FELIPE \u00c1NGELES\u2026\u2026\u2026\u2026\u2026\u2026\u2026\u2026\u2026\u2026..$\u00a0\u00a0\u00a0\u00a0\u00a0 85 mil Millones<\/p>\n<p>+CANCELACI\u00d3N DEL AEROPUERTO DE CDMX\u2026\u2026\u2026.$ 332mil Millones<\/p>\n<p>&#8212;&#8212;&#8212;&#8212;&#8212;&#8212;&#8212;&#8212;-<\/p>\n<p>$ 2 Billones 421 mil<\/p>\n<p>Millones.<\/p>\n<p>DEUDA P\u00daBLICA DE AMLO\u2026\u2026.. $ 7 BILLONES<\/p>\n<p>Menos obras emblem\u00e1ticas \u2026\u2026 $ 2 BILLONES 421 mil Millones.<\/p>\n<p>DIFERENCIA\u2026\u2026\u2026\u2026\u2026\u2026\u2026\u2026\u2026\u2026.$ 4 BILLONES 579 mil Millones.<\/p>\n<p>EL JUICIO POL\u00cdTICO\u2026 LA RENDICI\u00d3N DE CUENTAS. \u2013 EN 7 A\u00d1OS DE GOBIERNO DE LA 4T SE HAN EROGADO M\u00c1S DE 58 BILLONES\u2026 El art\u00edculo 110 de la Constituci\u00f3n, establece que los sujetos del juicio pol\u00edtico son quienes est\u00e9n en el cargo (en el presente), lo que significa que un expresidente de M\u00e9xico como lo es AMLO, es necesario de otros procesos, como los establecidos en la LEY DE RESPONSABILIDADES\u00a0 DE LOS SERVIDORES P\u00daBLICOS, para establecer responsabilidades por actos u omisiones cometidos durante su administraci\u00f3n que hayan afectado el inter\u00e9s p\u00fablico\u2026 Partiendo de esta condicionante legal, es muy importante destacar que en el sexenio de L\u00f3pez Obrador los Presupuestos de Egresos aprobados por la C\u00e1mara de Diputados, superaron los 49 BILLONES DE PESOS y en el primer a\u00f1o de gobierno de la Presidenta Claudia Sheinbaum, m\u00e1s de 9 BILLONES DE PESOS\u2026 En 7 a\u00f1os que gobierna la 4T se ha erogado m\u00e1s de 58 Mil Millones de Millones de pesos.<\/p>\n<p>TRANSFORMACI\u00d3N DE CUARTA. &#8211; \u00bfD\u00f3nde est\u00e1 el cambio en bien del desarrollo econ\u00f3mico &#8211; social que tanto pregonan? \u2026 \u201cla austeridad es la base de la justicia social republicana de la 4T\u201d (Secretaria de Gobernaci\u00f3n): SIC\u2026 Los m\u00e1s visibles pol\u00edticos de la 4T \u00bfD\u00f3nde vacacionan? Se transportan en camionetas blindadas y sin tapujos exhiben sus excesos: lujo y despilfarro\u2026 \u00a0\u00a0\u00bfCu\u00e1l primer piso y ahora hablan del segundo, socioecon\u00f3mico, porque el modelo de la 4T funciona? \u00bfCu\u00e1l CUARTA TRANSFORMACI\u00d3N? \u00bfCu\u00e1ntos Campus Universitarios y tecnol\u00f3gicos se construyeron en 6 a\u00f1os de AMLO? \u2026 Se comprometi\u00f3 construir 100 Universidades\u2026 Solo Universidades Bienestar que caben en un sal\u00f3n de clases\u2026 \u00bfCu\u00e1ntas ciudades y pueblos se transformaron en maravillosos sitios urbanos? Puras quejas y carencias por doquier, en fin, as\u00ed podemos seguirle\u2026 Pura alharaca y dilapidaci\u00f3n del dinero al amparo del Poder\u2026 \u201cNO PUEDE HABER GOBIERNO RICO CON PUEBLO POBRE\u201d : AMLO\u2026 Lo cierto es que L\u00f3pez Obrador tuvo un gobierno muy rico y el pueblo sigue siendo pobre; aunque se afirme que en la 4T han salido de la pobreza 13 Millones de personas \u00a1siguen siendo pobres! (40 Millones) Porque salir de la pobreza es ubicarlos en la Clase Media\u2026 Lo adecuado es que su condici\u00f3n de pobreza mejor\u00f3, no el SOFISMA con el que argumentan\u2026 Como podemos apreciar, no obstante, al expresidente L\u00f3pez Obrador no se le puede juzgar pol\u00edticamente, que, sin embargo, s\u00ed se puede y se debe llamar a RENDICI\u00d3N DE CUENTAS DE LA DEUDA P\u00daBLICA mediante otros procesos administrativos legales, que clarifiquen, transparenten y precisen los n\u00fameros en las finanzas p\u00fablicas de su sexenio, que en mucho son confusas, datadas en los informes de gobierno anuales\u2026 Imprecisas o de plano ocultas por considerarlas \u201cde Seguridad Nacional\u201d.<\/p>\n<p>REVERSO. \u2013 Los Informes Anuales de Gobierno, son m\u00e1s bien, en la pr\u00e1ctica un protocolo constitucional, que no transcienden m\u00e1s all\u00e1 de lo inmediato, NO OBSTANTE, DEBIERAN MERECER UNA CONSIDERACI\u00d3N PROFUNDA EN SU AN\u00c1LISIS Y DISCUSI\u00d3N, porque datan un impacto notable en el presente como en el futuro\u2026 \u00a0Al estar en las riendas pol\u00edticas de MORENA la Mayor\u00eda Calificada en el Congreso de la Uni\u00f3n, har\u00e1 imposible que L\u00f3pez Obrador RINDA CUENTAS CLARAS Y TRANSPARENTES COMO MANDATA LA CONSTITUCI\u00d3N, DE LA DEUDA P\u00daBLICA EN SU MANDATO\u2026 \u00bfEntonces que hacen inteligentemente los opositores pol\u00edticos PAN\/PRI\/MC en el Congreso de la Uni\u00f3n? \u00bfSe han dado por enterados y SANSEACAB\u00d3?&#8230; PERO EN EL PUEBLO DE M\u00c9XICO, TODO, NO PUEDE QUEDAR EN LA DESMEMORIA O EN LA INDIFERENCIA PRESENTE, QUE SU GOBIERNO FUE UN MAL ADMINISTRADOR P\u00daBLICO, OMISO EN MUCHO, EN EL EJERCICIO DE SUS FUNCIONES.<\/p>\n<p><img data-recalc-dims=\"1\" loading=\"lazy\" decoding=\"async\" class=\"aligncenter size-full wp-image-70358\" src=\"https:\/\/i0.wp.com\/politicosaldesnudo.com.mx\/wp-content\/uploads\/2025\/09\/FIRMA-EDITORIAL-PD-2.jpg?resize=800%2C98&#038;ssl=1\" alt=\"\" width=\"800\" height=\"98\" srcset=\"https:\/\/i0.wp.com\/politicosaldesnudo.com.mx\/wp-content\/uploads\/2025\/09\/FIRMA-EDITORIAL-PD-2.jpg?w=1024&amp;ssl=1 1024w, https:\/\/i0.wp.com\/politicosaldesnudo.com.mx\/wp-content\/uploads\/2025\/09\/FIRMA-EDITORIAL-PD-2.jpg?resize=300%2C37&amp;ssl=1 300w, https:\/\/i0.wp.com\/politicosaldesnudo.com.mx\/wp-content\/uploads\/2025\/09\/FIRMA-EDITORIAL-PD-2.jpg?resize=768%2C94&amp;ssl=1 768w\" sizes=\"auto, (max-width: 800px) 100vw, 800px\" \/><\/p>\n","protected":false},"excerpt":{"rendered":"<p>DEBATE POL\u00cdTICO. &#8211; Al presentar informaci\u00f3n y argumentos claros, los hechos son el fundamento de cualquier debate pol\u00edtico nacional, porque<\/p>\n","protected":false},"author":4,"featured_media":49213,"comment_status":"closed","ping_status":"closed","sticky":false,"template":"","format":"standard","meta":{"colormag_page_container_layout":"default_layout","colormag_page_sidebar_layout":"default_layout","_jetpack_memberships_contains_paid_content":false,"footnotes":"","jetpack_publicize_message":"","jetpack_publicize_feature_enabled":true,"jetpack_social_post_already_shared":true,"jetpack_social_options":{"image_generator_settings":{"template":"highway","default_image_id":0,"font":"","enabled":false},"version":2}},"categories":[26],"tags":[],"class_list":["post-70368","post","type-post","status-publish","format-standard","has-post-thumbnail","hentry","category-columnistas"],"jetpack_publicize_connections":[],"jetpack_featured_media_url":"https:\/\/i0.wp.com\/politicosaldesnudo.com.mx\/wp-content\/uploads\/2024\/10\/CARLOS-SILVA-1.jpg?fit=800%2C448&ssl=1","jetpack-related-posts":[],"jetpack_sharing_enabled":true,"_links":{"self":[{"href":"https:\/\/politicosaldesnudo.com.mx\/index.php\/wp-json\/wp\/v2\/posts\/70368","targetHints":{"allow":["GET"]}}],"collection":[{"href":"https:\/\/politicosaldesnudo.com.mx\/index.php\/wp-json\/wp\/v2\/posts"}],"about":[{"href":"https:\/\/politicosaldesnudo.com.mx\/index.php\/wp-json\/wp\/v2\/types\/post"}],"author":[{"embeddable":true,"href":"https:\/\/politicosaldesnudo.com.mx\/index.php\/wp-json\/wp\/v2\/users\/4"}],"replies":[{"embeddable":true,"href":"https:\/\/politicosaldesnudo.com.mx\/index.php\/wp-json\/wp\/v2\/comments?post=70368"}],"version-history":[{"count":0,"href":"https:\/\/politicosaldesnudo.com.mx\/index.php\/wp-json\/wp\/v2\/posts\/70368\/revisions"}],"wp:featuredmedia":[{"embeddable":true,"href":"https:\/\/politicosaldesnudo.com.mx\/index.php\/wp-json\/wp\/v2\/media\/49213"}],"wp:attachment":[{"href":"https:\/\/politicosaldesnudo.com.mx\/index.php\/wp-json\/wp\/v2\/media?parent=70368"}],"wp:term":[{"taxonomy":"category","embeddable":true,"href":"https:\/\/politicosaldesnudo.com.mx\/index.php\/wp-json\/wp\/v2\/categories?post=70368"},{"taxonomy":"post_tag","embeddable":true,"href":"https:\/\/politicosaldesnudo.com.mx\/index.php\/wp-json\/wp\/v2\/tags?post=70368"}],"curies":[{"name":"wp","href":"https:\/\/api.w.org\/{rel}","templated":true}]}}