{"id":70388,"date":"2025-09-09T00:03:30","date_gmt":"2025-09-09T06:03:30","guid":{"rendered":"https:\/\/politicosaldesnudo.com.mx\/?p=70388"},"modified":"2025-09-08T18:55:17","modified_gmt":"2025-09-09T00:55:17","slug":"retiran-camiones-de-basura","status":"publish","type":"post","link":"https:\/\/politicosaldesnudo.com.mx\/index.php\/2025\/09\/09\/retiran-camiones-de-basura\/","title":{"rendered":"Retiran camiones de basura"},"content":{"rendered":"<p>Despu\u00e9s de casi siete meses en operaci\u00f3n, los 10 camiones recolectores de basura que el gobierno municipal hab\u00eda rentado para reforzar el servicio de Limpia P\u00fablica fueron retirados de circulaci\u00f3n.<\/p>\n<p>Estos veh\u00edculos se incorporaron al servicio desde el 24 de febrero de 2025, con el objetivo de mejorar la recolecci\u00f3n de residuos y mantener limpias las calles, plazas y espacios p\u00fablicos de la ciudad. Sin embargo, la falta de pago por la renta de los camiones motiv\u00f3 su retiro este mes de septiembre.<\/p>\n<p>Autoridades municipales informaron que se estudia una reestructuraci\u00f3n de las rutas de recolecci\u00f3n con los camiones que permanecen en servicio, a fin de garantizar la continuidad del servicio y minimizar afectaciones a la ciudadan\u00eda.<\/p>\n<p>El gobierno local reiter\u00f3 su compromiso con mantener la ciudad limpia, subrayando que la higiene urbana impacta directamente en la salud, el bienestar y la calidad de vida de\u00a0la\u00a0comunidad.<\/p>\n","protected":false},"excerpt":{"rendered":"<p>Despu\u00e9s de casi siete meses en operaci\u00f3n, los 10 camiones recolectores de basura que el gobierno municipal hab\u00eda rentado para<\/p>\n","protected":false},"author":4,"featured_media":70389,"comment_status":"closed","ping_status":"closed","sticky":false,"template":"","format":"standard","meta":{"colormag_page_container_layout":"default_layout","colormag_page_sidebar_layout":"default_layout","_jetpack_memberships_contains_paid_content":false,"footnotes":"","jetpack_publicize_message":"","jetpack_publicize_feature_enabled":true,"jetpack_social_post_already_shared":true,"jetpack_social_options":{"image_generator_settings":{"template":"highway","default_image_id":0,"font":"","enabled":false},"version":2}},"categories":[1082],"tags":[],"class_list":["post-70388","post","type-post","status-publish","format-standard","has-post-thumbnail","hentry","category-tuxpan"],"jetpack_publicize_connections":[],"jetpack_featured_media_url":"https:\/\/i0.wp.com\/politicosaldesnudo.com.mx\/wp-content\/uploads\/2025\/09\/caba.jpg?fit=1200%2C675&ssl=1","jetpack-related-posts":[],"jetpack_sharing_enabled":true,"_links":{"self":[{"href":"https:\/\/politicosaldesnudo.com.mx\/index.php\/wp-json\/wp\/v2\/posts\/70388","targetHints":{"allow":["GET"]}}],"collection":[{"href":"https:\/\/politicosaldesnudo.com.mx\/index.php\/wp-json\/wp\/v2\/posts"}],"about":[{"href":"https:\/\/politicosaldesnudo.com.mx\/index.php\/wp-json\/wp\/v2\/types\/post"}],"author":[{"embeddable":true,"href":"https:\/\/politicosaldesnudo.com.mx\/index.php\/wp-json\/wp\/v2\/users\/4"}],"replies":[{"embeddable":true,"href":"https:\/\/politicosaldesnudo.com.mx\/index.php\/wp-json\/wp\/v2\/comments?post=70388"}],"version-history":[{"count":0,"href":"https:\/\/politicosaldesnudo.com.mx\/index.php\/wp-json\/wp\/v2\/posts\/70388\/revisions"}],"wp:featuredmedia":[{"embeddable":true,"href":"https:\/\/politicosaldesnudo.com.mx\/index.php\/wp-json\/wp\/v2\/media\/70389"}],"wp:attachment":[{"href":"https:\/\/politicosaldesnudo.com.mx\/index.php\/wp-json\/wp\/v2\/media?parent=70388"}],"wp:term":[{"taxonomy":"category","embeddable":true,"href":"https:\/\/politicosaldesnudo.com.mx\/index.php\/wp-json\/wp\/v2\/categories?post=70388"},{"taxonomy":"post_tag","embeddable":true,"href":"https:\/\/politicosaldesnudo.com.mx\/index.php\/wp-json\/wp\/v2\/tags?post=70388"}],"curies":[{"name":"wp","href":"https:\/\/api.w.org\/{rel}","templated":true}]}}