{"id":70433,"date":"2025-09-09T00:19:23","date_gmt":"2025-09-09T06:19:23","guid":{"rendered":"https:\/\/politicosaldesnudo.com.mx\/?p=70433"},"modified":"2025-09-08T20:23:37","modified_gmt":"2025-09-09T02:23:37","slug":"legisladores-destituyen-al-primer-ministro-de-francia","status":"publish","type":"post","link":"https:\/\/politicosaldesnudo.com.mx\/index.php\/2025\/09\/09\/legisladores-destituyen-al-primer-ministro-de-francia\/","title":{"rendered":"Legisladores destituyen al primer ministro de Francia"},"content":{"rendered":"<p>Los legisladores derribaron al gobierno de Francia en una votaci\u00f3n de confianza este lunes, una nueva crisis para la segunda econom\u00eda m\u00e1s grande de Europa que obliga al presidente Emmanuel Macron a buscar un cuarto primer ministro en 12 meses.<\/p>\n<p>El primer ministro, Fran\u00e7ois Bayrou, fue destituido abrumadoramente en una votaci\u00f3n de 364-194 en su contra. Bayrou pag\u00f3 el precio por lo que parec\u00eda ser un error pol\u00edtico asombroso, apostando a que los legisladores respaldar\u00edan su opini\u00f3n de que Francia debe recortar el gasto p\u00fablico para reparar sus deudas.<\/p>\n<p>En cambio, aprovecharon la votaci\u00f3n que \u00e9l convoc\u00f3 para unirse contra Bayrou, un centrista de 74 a\u00f1os que fue nombrado por Macron en diciembre pasado.<\/p>\n<p>La ca\u00edda del ef\u00edmero gobierno minoritario de Bayrou \u2014ahora constitucionalmente obligado a presentar su renuncia a Macron despu\u00e9s de poco menos de nueve meses en el cargo\u2014 anuncia una renovada incertidumbre y un riesgo de prolongado estancamiento legislativo para Francia al tiempo que lidia con desaf\u00edos apremiantes, incluyendo dificultades presupuestarias y, a nivel internacional, las guerras en Ucrania y Gaza y las cambiantes prioridades del presidente de Estados Unidos, Donald Trump.<\/p>\n","protected":false},"excerpt":{"rendered":"<p>Los legisladores derribaron al gobierno de Francia en una votaci\u00f3n de confianza este lunes, una nueva crisis para la segunda<\/p>\n","protected":false},"author":4,"featured_media":70434,"comment_status":"closed","ping_status":"closed","sticky":false,"template":"","format":"standard","meta":{"colormag_page_container_layout":"default_layout","colormag_page_sidebar_layout":"default_layout","_jetpack_memberships_contains_paid_content":false,"footnotes":"","jetpack_publicize_message":"","jetpack_publicize_feature_enabled":true,"jetpack_social_post_already_shared":true,"jetpack_social_options":{"image_generator_settings":{"template":"highway","default_image_id":0,"font":"","enabled":false},"version":2}},"categories":[28],"tags":[],"class_list":["post-70433","post","type-post","status-publish","format-standard","has-post-thumbnail","hentry","category-internacional"],"jetpack_publicize_connections":[],"jetpack_featured_media_url":"https:\/\/i0.wp.com\/politicosaldesnudo.com.mx\/wp-content\/uploads\/2025\/09\/LEFR.jpg?fit=779%2C518&ssl=1","jetpack-related-posts":[],"jetpack_sharing_enabled":true,"_links":{"self":[{"href":"https:\/\/politicosaldesnudo.com.mx\/index.php\/wp-json\/wp\/v2\/posts\/70433","targetHints":{"allow":["GET"]}}],"collection":[{"href":"https:\/\/politicosaldesnudo.com.mx\/index.php\/wp-json\/wp\/v2\/posts"}],"about":[{"href":"https:\/\/politicosaldesnudo.com.mx\/index.php\/wp-json\/wp\/v2\/types\/post"}],"author":[{"embeddable":true,"href":"https:\/\/politicosaldesnudo.com.mx\/index.php\/wp-json\/wp\/v2\/users\/4"}],"replies":[{"embeddable":true,"href":"https:\/\/politicosaldesnudo.com.mx\/index.php\/wp-json\/wp\/v2\/comments?post=70433"}],"version-history":[{"count":0,"href":"https:\/\/politicosaldesnudo.com.mx\/index.php\/wp-json\/wp\/v2\/posts\/70433\/revisions"}],"wp:featuredmedia":[{"embeddable":true,"href":"https:\/\/politicosaldesnudo.com.mx\/index.php\/wp-json\/wp\/v2\/media\/70434"}],"wp:attachment":[{"href":"https:\/\/politicosaldesnudo.com.mx\/index.php\/wp-json\/wp\/v2\/media?parent=70433"}],"wp:term":[{"taxonomy":"category","embeddable":true,"href":"https:\/\/politicosaldesnudo.com.mx\/index.php\/wp-json\/wp\/v2\/categories?post=70433"},{"taxonomy":"post_tag","embeddable":true,"href":"https:\/\/politicosaldesnudo.com.mx\/index.php\/wp-json\/wp\/v2\/tags?post=70433"}],"curies":[{"name":"wp","href":"https:\/\/api.w.org\/{rel}","templated":true}]}}