{"id":70452,"date":"2025-09-10T00:01:32","date_gmt":"2025-09-10T06:01:32","guid":{"rendered":"https:\/\/politicosaldesnudo.com.mx\/?p=70452"},"modified":"2025-09-09T23:44:19","modified_gmt":"2025-09-10T05:44:19","slug":"preparan-una-caminata-por-la-salud","status":"publish","type":"post","link":"https:\/\/politicosaldesnudo.com.mx\/index.php\/2025\/09\/10\/preparan-una-caminata-por-la-salud\/","title":{"rendered":"Preparan una Caminata por la Salud"},"content":{"rendered":"<p>Como parte de la Semana Nacional de Salud P\u00fablica, las autoridades de salud del municipio han organizado una Caminata por la Salud para el pr\u00f3ximo s\u00e1bado 13 de septiembre. El objetivo de esta actividad es fomentar entre la poblaci\u00f3n la pr\u00e1ctica de ejercicio f\u00edsico regular y promover un estilo de vida m\u00e1s activo, considerado fundamental para prevenir diversas enfermedades cr\u00f3nicas, inform\u00f3 la doctora Nancy P\u00e9rez; Enlace Jurisdiccional de Salud.<\/p>\n<p>La jornada iniciar\u00e1 a las 7:30 de la ma\u00f1ana, con el punto de partida en el emblem\u00e1tico Monumento a los Ni\u00f1os H\u00e9roes. Desde all\u00ed, los participantes recorrer\u00e1n una ruta definida que culminar\u00e1 en la Unidad Deportiva local. Se espera la asistencia de cientos de personas, incluyendo familias completas, deportistas y ciudadanos comprometidos con su bienestar, quienes podr\u00e1n disfrutar de una ma\u00f1ana al aire libre mientras fortalecen su salud.<\/p>\n<p>Esta iniciativa no solo busca promover el ejercicio, sino tambi\u00e9n crear un espacio de convivencia y uni\u00f3n comunitaria. Al reunirse para caminar, los participantes podr\u00e1n interactuar entre s\u00ed y reafirmar el compromiso colectivo con la salud. El evento servir\u00e1 como un recordatorio de que la prevenci\u00f3n es la mejor herramienta para mantener una vida plena y saludable, y que peque\u00f1os cambios, como una caminata diaria, pueden generar grandes beneficios a largo plazo.<\/p>\n<p>Se invita a toda la comunidad a sumarse a esta caminata. La participaci\u00f3n es gratuita y no se requiere de inscripci\u00f3n previa. Solo es necesario acudir a la hora y lugar indicados con ropa c\u00f3moda y la mejor disposici\u00f3n para disfrutar de esta actividad que celebra la vida y el bienestar.<\/p>\n","protected":false},"excerpt":{"rendered":"<p>Como parte de la Semana Nacional de Salud P\u00fablica, las autoridades de salud del municipio han organizado una Caminata por<\/p>\n","protected":false},"author":4,"featured_media":70453,"comment_status":"closed","ping_status":"closed","sticky":false,"template":"","format":"standard","meta":{"colormag_page_container_layout":"default_layout","colormag_page_sidebar_layout":"default_layout","_jetpack_memberships_contains_paid_content":false,"footnotes":"","jetpack_publicize_message":"","jetpack_publicize_feature_enabled":true,"jetpack_social_post_already_shared":true,"jetpack_social_options":{"image_generator_settings":{"template":"highway","default_image_id":0,"font":"","enabled":false},"version":2}},"categories":[1082],"tags":[],"class_list":["post-70452","post","type-post","status-publish","format-standard","has-post-thumbnail","hentry","category-tuxpan"],"jetpack_publicize_connections":[],"jetpack_featured_media_url":"https:\/\/i0.wp.com\/politicosaldesnudo.com.mx\/wp-content\/uploads\/2025\/09\/WhatsApp-Image-2025-09-09-at-18.45.41.jpeg?fit=1280%2C960&ssl=1","jetpack-related-posts":[],"jetpack_sharing_enabled":true,"_links":{"self":[{"href":"https:\/\/politicosaldesnudo.com.mx\/index.php\/wp-json\/wp\/v2\/posts\/70452","targetHints":{"allow":["GET"]}}],"collection":[{"href":"https:\/\/politicosaldesnudo.com.mx\/index.php\/wp-json\/wp\/v2\/posts"}],"about":[{"href":"https:\/\/politicosaldesnudo.com.mx\/index.php\/wp-json\/wp\/v2\/types\/post"}],"author":[{"embeddable":true,"href":"https:\/\/politicosaldesnudo.com.mx\/index.php\/wp-json\/wp\/v2\/users\/4"}],"replies":[{"embeddable":true,"href":"https:\/\/politicosaldesnudo.com.mx\/index.php\/wp-json\/wp\/v2\/comments?post=70452"}],"version-history":[{"count":0,"href":"https:\/\/politicosaldesnudo.com.mx\/index.php\/wp-json\/wp\/v2\/posts\/70452\/revisions"}],"wp:featuredmedia":[{"embeddable":true,"href":"https:\/\/politicosaldesnudo.com.mx\/index.php\/wp-json\/wp\/v2\/media\/70453"}],"wp:attachment":[{"href":"https:\/\/politicosaldesnudo.com.mx\/index.php\/wp-json\/wp\/v2\/media?parent=70452"}],"wp:term":[{"taxonomy":"category","embeddable":true,"href":"https:\/\/politicosaldesnudo.com.mx\/index.php\/wp-json\/wp\/v2\/categories?post=70452"},{"taxonomy":"post_tag","embeddable":true,"href":"https:\/\/politicosaldesnudo.com.mx\/index.php\/wp-json\/wp\/v2\/tags?post=70452"}],"curies":[{"name":"wp","href":"https:\/\/api.w.org\/{rel}","templated":true}]}}