{"id":70553,"date":"2025-09-11T00:01:48","date_gmt":"2025-09-11T06:01:48","guid":{"rendered":"https:\/\/politicosaldesnudo.com.mx\/?p=70553"},"modified":"2025-09-10T21:44:33","modified_gmt":"2025-09-11T03:44:33","slug":"sector-salud-refuerza-compromiso-con-jovenes","status":"publish","type":"post","link":"https:\/\/politicosaldesnudo.com.mx\/index.php\/2025\/09\/11\/sector-salud-refuerza-compromiso-con-jovenes\/","title":{"rendered":"Sector Salud refuerza compromiso con j\u00f3venes"},"content":{"rendered":"<p>Entre din\u00e1micas y m\u00f3dulos informativos, estudiantes de la Escuela Secundaria T\u00e9cnica No. 76 Jes\u00fas Reyes Heroles vivieron el lunes la Kerm\u00e9s de la Salud, una actividad que marca el inicio de la Semana Nacional de la Salud 2025, que se desarrolla del 6 al 13 de septiembre.<\/p>\n<p>Mar\u00eda Fernanda Vite Rodr\u00edguez, subjefa de la Jurisdicci\u00f3n Sanitaria No. 2, explic\u00f3 que este tipo de jornadas buscan que los j\u00f3venes reconozcan la salud como un derecho, pero tambi\u00e9n como una responsabilidad compartida.<\/p>\n<p>\u00abQueremos que los adolescentes aprendan a cuidar su cuerpo, que conozcan c\u00f3mo prevenir enfermedades y que se conviertan en promotores de la salud dentro de sus familias y comunidades\u201d, se\u00f1al\u00f3.<\/p>\n<p>Durante la kerm\u00e9s, los alumnos recorrieron diferentes m\u00f3dulos en los que recibieron orientaci\u00f3n sobre vacunaci\u00f3n, prevenci\u00f3n del c\u00e1ncer de mama y cervicouterino, estilos de vida saludable, salud mental y violencia. Adem\u00e1s, participaron en actividades de medicina preventiva y charlas con especialistas en psicolog\u00eda.<\/p>\n<p>La doctora resalt\u00f3 que estas acciones se llevan a cabo en conjunto con instituciones como la SEMAR y la SEDENA, SEV, ISSSTE e IMSS reforzando el compromiso de trabajar unidos por el bienestar de la ciudadan\u00eda.<\/p>\n<p>Aunque el evento tuvo como sede la T\u00e9cnica 76, la funcionaria record\u00f3 que la labor preventiva es permanente en todos los centros de salud, donde se realizan chequeos de glucosa, an\u00e1lisis cl\u00ednicos y detecciones oportunas durante todo el a\u00f1o.<\/p>\n<p>Con esta kerm\u00e9s, las autoridades buscan sembrar entre los j\u00f3venes el h\u00e1bito de la prevenci\u00f3n y el autocuidado, para que la salud no sea solo un tema escolar, sino parte de su vida diaria.<\/p>\n","protected":false},"excerpt":{"rendered":"<p>Entre din\u00e1micas y m\u00f3dulos informativos, estudiantes de la Escuela Secundaria T\u00e9cnica No. 76 Jes\u00fas Reyes Heroles vivieron el lunes la<\/p>\n","protected":false},"author":4,"featured_media":70554,"comment_status":"closed","ping_status":"closed","sticky":false,"template":"","format":"standard","meta":{"colormag_page_container_layout":"default_layout","colormag_page_sidebar_layout":"default_layout","_jetpack_memberships_contains_paid_content":false,"footnotes":"","jetpack_publicize_message":"","jetpack_publicize_feature_enabled":true,"jetpack_social_post_already_shared":true,"jetpack_social_options":{"image_generator_settings":{"template":"highway","default_image_id":0,"font":"","enabled":false},"version":2}},"categories":[1082],"tags":[],"class_list":["post-70553","post","type-post","status-publish","format-standard","has-post-thumbnail","hentry","category-tuxpan"],"jetpack_publicize_connections":[],"jetpack_featured_media_url":"https:\/\/i0.wp.com\/politicosaldesnudo.com.mx\/wp-content\/uploads\/2025\/09\/SALU.jpg?fit=1200%2C675&ssl=1","jetpack-related-posts":[],"jetpack_sharing_enabled":true,"_links":{"self":[{"href":"https:\/\/politicosaldesnudo.com.mx\/index.php\/wp-json\/wp\/v2\/posts\/70553","targetHints":{"allow":["GET"]}}],"collection":[{"href":"https:\/\/politicosaldesnudo.com.mx\/index.php\/wp-json\/wp\/v2\/posts"}],"about":[{"href":"https:\/\/politicosaldesnudo.com.mx\/index.php\/wp-json\/wp\/v2\/types\/post"}],"author":[{"embeddable":true,"href":"https:\/\/politicosaldesnudo.com.mx\/index.php\/wp-json\/wp\/v2\/users\/4"}],"replies":[{"embeddable":true,"href":"https:\/\/politicosaldesnudo.com.mx\/index.php\/wp-json\/wp\/v2\/comments?post=70553"}],"version-history":[{"count":0,"href":"https:\/\/politicosaldesnudo.com.mx\/index.php\/wp-json\/wp\/v2\/posts\/70553\/revisions"}],"wp:featuredmedia":[{"embeddable":true,"href":"https:\/\/politicosaldesnudo.com.mx\/index.php\/wp-json\/wp\/v2\/media\/70554"}],"wp:attachment":[{"href":"https:\/\/politicosaldesnudo.com.mx\/index.php\/wp-json\/wp\/v2\/media?parent=70553"}],"wp:term":[{"taxonomy":"category","embeddable":true,"href":"https:\/\/politicosaldesnudo.com.mx\/index.php\/wp-json\/wp\/v2\/categories?post=70553"},{"taxonomy":"post_tag","embeddable":true,"href":"https:\/\/politicosaldesnudo.com.mx\/index.php\/wp-json\/wp\/v2\/tags?post=70553"}],"curies":[{"name":"wp","href":"https:\/\/api.w.org\/{rel}","templated":true}]}}