{"id":70556,"date":"2025-09-11T00:02:07","date_gmt":"2025-09-11T06:02:07","guid":{"rendered":"https:\/\/politicosaldesnudo.com.mx\/?p=70556"},"modified":"2025-09-10T21:45:40","modified_gmt":"2025-09-11T03:45:40","slug":"avanza-refugio-para-mujeres","status":"publish","type":"post","link":"https:\/\/politicosaldesnudo.com.mx\/index.php\/2025\/09\/11\/avanza-refugio-para-mujeres\/","title":{"rendered":"Avanza refugio para mujeres"},"content":{"rendered":"<p>Despu\u00e9s de un largo proceso de gesti\u00f3n, el proyecto para la creaci\u00f3n de un refugio destinado a mujeres v\u00edctimas de violencia en Tuxpan comienza a materializarse, as\u00ed lo inform\u00f3 la regidora tercera, Maryanela Monroy.<\/p>\n<p>Record\u00f3 que el 30 de marzo de 2023 present\u00f3 un punto de acuerdo ante cabildo, el cual fue aprobado por unanimidad, para reubicar la estancia infantil a un espacio m\u00e1s amplio junto a la estancia de los abuelitos. Con ello, el inmueble que ocupaban los menores quedar\u00e1 habilitado para la instalaci\u00f3n del refugio.<\/p>\n<p>\u201cMe llegan al menos un caso de violencia de g\u00e9nero o intrafamiliar a la semana, imag\u00ednate. Por eso necesitamos este refugio, para proteger a nuestras mujeres y tambi\u00e9n a los ni\u00f1os que atraviesan procesos muy dif\u00edciles\u201d, expres\u00f3.<\/p>\n<p>Monroy explic\u00f3 que se est\u00e1n realizando adecuaciones de seguridad, como bardas y vigilancia permanente, para garantizar la integridad de las mujeres y sus hijos durante el tiempo que permanezcan en el refugio. Adem\u00e1s, adelant\u00f3 que se espera que la inauguraci\u00f3n pueda llevarse a cabo en el mes de diciembre.<\/p>\n<p>Este espacio contar\u00e1 con apoyo psicol\u00f3gico, asesor\u00eda legal y una bolsa de trabajo, con el fin de que las beneficiarias puedan salir fortalecidas y alcanzar independencia econ\u00f3mica. \u201cMi intenci\u00f3n es que vivan libres de miedo, que tengan una vida plena y feliz\u201d, afirm\u00f3.<\/p>\n<p>La regidora subray\u00f3 que este proyecto es especialmente relevante porque Tuxpan no forma parte del Centro de Justicia para las Mujeres en Xalapa, lo que ha obligado en ocasiones a trasladar a v\u00edctimas fuera del municipio para garantizar su seguridad.<\/p>\n<p>\u201cCon este refugio daremos un paso firme para proteger a las mujeres y a sus hijos aqu\u00ed en Tuxpan, sin exponerlas m\u00e1s al riesgo ni alejarlas de su entorno\u201d, puntualiz\u00f3.<\/p>\n","protected":false},"excerpt":{"rendered":"<p>Despu\u00e9s de un largo proceso de gesti\u00f3n, el proyecto para la creaci\u00f3n de un refugio destinado a mujeres v\u00edctimas de<\/p>\n","protected":false},"author":4,"featured_media":70557,"comment_status":"closed","ping_status":"closed","sticky":false,"template":"","format":"standard","meta":{"colormag_page_container_layout":"default_layout","colormag_page_sidebar_layout":"default_layout","_jetpack_memberships_contains_paid_content":false,"footnotes":"","jetpack_publicize_message":"","jetpack_publicize_feature_enabled":true,"jetpack_social_post_already_shared":true,"jetpack_social_options":{"image_generator_settings":{"template":"highway","default_image_id":0,"font":"","enabled":false},"version":2}},"categories":[1082],"tags":[],"class_list":["post-70556","post","type-post","status-publish","format-standard","has-post-thumbnail","hentry","category-tuxpan"],"jetpack_publicize_connections":[],"jetpack_featured_media_url":"https:\/\/i0.wp.com\/politicosaldesnudo.com.mx\/wp-content\/uploads\/2025\/09\/REF.jpg?fit=1080%2C1166&ssl=1","jetpack-related-posts":[],"jetpack_sharing_enabled":true,"_links":{"self":[{"href":"https:\/\/politicosaldesnudo.com.mx\/index.php\/wp-json\/wp\/v2\/posts\/70556","targetHints":{"allow":["GET"]}}],"collection":[{"href":"https:\/\/politicosaldesnudo.com.mx\/index.php\/wp-json\/wp\/v2\/posts"}],"about":[{"href":"https:\/\/politicosaldesnudo.com.mx\/index.php\/wp-json\/wp\/v2\/types\/post"}],"author":[{"embeddable":true,"href":"https:\/\/politicosaldesnudo.com.mx\/index.php\/wp-json\/wp\/v2\/users\/4"}],"replies":[{"embeddable":true,"href":"https:\/\/politicosaldesnudo.com.mx\/index.php\/wp-json\/wp\/v2\/comments?post=70556"}],"version-history":[{"count":0,"href":"https:\/\/politicosaldesnudo.com.mx\/index.php\/wp-json\/wp\/v2\/posts\/70556\/revisions"}],"wp:featuredmedia":[{"embeddable":true,"href":"https:\/\/politicosaldesnudo.com.mx\/index.php\/wp-json\/wp\/v2\/media\/70557"}],"wp:attachment":[{"href":"https:\/\/politicosaldesnudo.com.mx\/index.php\/wp-json\/wp\/v2\/media?parent=70556"}],"wp:term":[{"taxonomy":"category","embeddable":true,"href":"https:\/\/politicosaldesnudo.com.mx\/index.php\/wp-json\/wp\/v2\/categories?post=70556"},{"taxonomy":"post_tag","embeddable":true,"href":"https:\/\/politicosaldesnudo.com.mx\/index.php\/wp-json\/wp\/v2\/tags?post=70556"}],"curies":[{"name":"wp","href":"https:\/\/api.w.org\/{rel}","templated":true}]}}