{"id":70604,"date":"2025-09-11T00:18:46","date_gmt":"2025-09-11T06:18:46","guid":{"rendered":"https:\/\/politicosaldesnudo.com.mx\/?p=70604"},"modified":"2025-09-10T23:06:08","modified_gmt":"2025-09-11T05:06:08","slug":"conmemora-chile-52-anos-del-golpe-de-estado-contra-salvador-allende","status":"publish","type":"post","link":"https:\/\/politicosaldesnudo.com.mx\/index.php\/2025\/09\/11\/conmemora-chile-52-anos-del-golpe-de-estado-contra-salvador-allende\/","title":{"rendered":"Conmemora Chile 52 a\u00f1os del golpe de Estado contra Salvador Allende"},"content":{"rendered":"<p class=\"nota-justify\">Se cumplen 52 a\u00f1os del golpe c\u00edvico-militar que, el 11 de septiembre de 1973, derroc\u00f3 en Chile al gobierno democr\u00e1tico del presidente socialista Salvador Allende Gossens, y a\u00fan a m\u00e1s del medio siglo transcurrido, los tr\u00e1gicos sucesos iniciados ese d\u00eda siguen machacando al pa\u00eds, tanto as\u00ed como que la dictadura, sus v\u00edctimas, los victimarios y sus c\u00f3mplices, son tema de cara a las elecciones generales de noviembre venidero.<\/p>\n<p class=\"nota-justify\">Las candidaturas derechistas, de manera muy torpe, han salido a justificar aquello, tambi\u00e9n a arrepentirse de lo dicho \u2013\u201cprobablemente al principio, en 1973 y 1974, era bien inevitable que hubiese muertos\u201d, dijo una-, para despu\u00e9s volver a tropezar y, otro, decir que sin \u201csin duda, absolutamente\u201d apoyar\u00eda un nuevo golpe de Estado en caso de repetirse las circunstancias de 1973.<\/p>\n<p class=\"nota-justify\">El r\u00e9gimen liderado por el general traidor Augusto Pinochet -Allende lo design\u00f3 comandante en jefe del ej\u00e9rcito 20 d\u00edas antes del golpe- se prolong\u00f3 hasta marzo de 1990, periodo en el que gobern\u00f3 sin piedad a sangre y fuego \u2013\u201cno se mueve ninguna hoja en este pa\u00eds si no la estoy moviendo yo, que quede claro\u00bb, dir\u00eda en octubre de 1981-, y con la insensibilidad requerida para instaurar el r\u00e9gimen neoliberal que dej\u00f3 a 38 por ciento de la poblaci\u00f3n bajo la l\u00ednea de pobreza y 17 por ciento de indigentes.<\/p>\n<p class=\"nota-justify\">Los homenajes a las m\u00e1s de 40 mil v\u00edctimas directas entre muertos, desaparecidos y torturados \u2013como m\u00ednimo 3 mil 300 personas fueron asesinadas, de las cuales unos mil 200 son detenidos desaparecidos sin encontrarse, tampoco a qu\u00e9 lugar y en qu\u00e9 fecha fueron lanzados, si bien hay certeza que muchos terminaron en el oc\u00e9ano, botados desde helic\u00f3pteros del ej\u00e9rcito-, comenzaron con una romer\u00eda al Cementerio General de esta capital, donde la identidad de cada una de las mujeres y hombres masacrados, tambi\u00e9n ni\u00f1os, est\u00e1 tallada en la roca de un memorial.<\/p>\n<p class=\"nota-justify\">La semana pasada, a prop\u00f3sito del D\u00eda de las V\u00edctimas de Desapariciones Forzadas, cerca de 150 familiares recibieron archivos con antecedentes personales, testimonios, informes y resoluciones administrativas acerca de cada uno de esos casos.<\/p>\n<p class=\"nota-justify\">Dicha entrega fue en el Palacio de La Moneda, donde las agrupaciones de familiares recibieron del presidente Gabriel Boric, un recuento acerca de avance del Plan Nacional de B\u00fasqueda de Verdad y Justicia.<\/p>\n<p class=\"nota-justify\">El gobernante dijo que se han realizado m\u00e1s de 100 diligencias en terreno, incluyendo excavaciones, entrevistas, acompa\u00f1amiento psicosocial a familiares y revisi\u00f3n de archivos y peritajes forenses, tanto judiciales como extrajudiciales.<\/p>\n<p class=\"nota-justify\">Entre los avances, destac\u00f3 la publicaci\u00f3n de la n\u00f3mina oficial de mil 469 v\u00edctimas de desaparici\u00f3n forzada y la creaci\u00f3n de un mapa georreferenciado de sus \u00faltimas trayectorias conocidas.<\/p>\n<p class=\"nota-justify\">Tambi\u00e9n en la sede del gobierno, el mandatario encabezar\u00e1 el acto oficial que a\u00f1o a a\u00f1o ocurre all\u00ed, en una fecha en que indefectiblemente las im\u00e1genes de La Moneda ardiendo tras el bombardeo a\u00e9reo y terrestre cometido por los golpistas, y del cad\u00e1ver del Presidente Allende cubierto por un chamanto (manta artesanal chilena) sobre un camastro llevado a mano alzada por los bomberos, volver\u00e1n a quedar indelebles.<\/p>\n<p class=\"nota-justify\">Por la noche, \u201cvelatones\u201d en sitios de memoria y recuerdo, los recintos de tortura y exterminio donde decenas de miles pasaron los peores momentos de sus vidas; y tambi\u00e9n con seguridad incidentes y protestas en los barrios m\u00e1s aguerridos del pa\u00eds.<\/p>\n","protected":false},"excerpt":{"rendered":"<p>Se cumplen 52 a\u00f1os del golpe c\u00edvico-militar que, el 11 de septiembre de 1973, derroc\u00f3 en Chile al gobierno democr\u00e1tico<\/p>\n","protected":false},"author":4,"featured_media":70605,"comment_status":"closed","ping_status":"closed","sticky":false,"template":"","format":"standard","meta":{"colormag_page_container_layout":"default_layout","colormag_page_sidebar_layout":"default_layout","_jetpack_memberships_contains_paid_content":false,"footnotes":"","jetpack_publicize_message":"","jetpack_publicize_feature_enabled":true,"jetpack_social_post_already_shared":true,"jetpack_social_options":{"image_generator_settings":{"template":"highway","default_image_id":0,"font":"","enabled":false},"version":2}},"categories":[28],"tags":[],"class_list":["post-70604","post","type-post","status-publish","format-standard","has-post-thumbnail","hentry","category-internacional"],"jetpack_publicize_connections":[],"jetpack_featured_media_url":"https:\/\/i0.wp.com\/politicosaldesnudo.com.mx\/wp-content\/uploads\/2025\/09\/CHILO.jpg?fit=773%2C476&ssl=1","jetpack-related-posts":[],"jetpack_sharing_enabled":true,"_links":{"self":[{"href":"https:\/\/politicosaldesnudo.com.mx\/index.php\/wp-json\/wp\/v2\/posts\/70604","targetHints":{"allow":["GET"]}}],"collection":[{"href":"https:\/\/politicosaldesnudo.com.mx\/index.php\/wp-json\/wp\/v2\/posts"}],"about":[{"href":"https:\/\/politicosaldesnudo.com.mx\/index.php\/wp-json\/wp\/v2\/types\/post"}],"author":[{"embeddable":true,"href":"https:\/\/politicosaldesnudo.com.mx\/index.php\/wp-json\/wp\/v2\/users\/4"}],"replies":[{"embeddable":true,"href":"https:\/\/politicosaldesnudo.com.mx\/index.php\/wp-json\/wp\/v2\/comments?post=70604"}],"version-history":[{"count":0,"href":"https:\/\/politicosaldesnudo.com.mx\/index.php\/wp-json\/wp\/v2\/posts\/70604\/revisions"}],"wp:featuredmedia":[{"embeddable":true,"href":"https:\/\/politicosaldesnudo.com.mx\/index.php\/wp-json\/wp\/v2\/media\/70605"}],"wp:attachment":[{"href":"https:\/\/politicosaldesnudo.com.mx\/index.php\/wp-json\/wp\/v2\/media?parent=70604"}],"wp:term":[{"taxonomy":"category","embeddable":true,"href":"https:\/\/politicosaldesnudo.com.mx\/index.php\/wp-json\/wp\/v2\/categories?post=70604"},{"taxonomy":"post_tag","embeddable":true,"href":"https:\/\/politicosaldesnudo.com.mx\/index.php\/wp-json\/wp\/v2\/tags?post=70604"}],"curies":[{"name":"wp","href":"https:\/\/api.w.org\/{rel}","templated":true}]}}