{"id":70607,"date":"2025-09-11T00:19:43","date_gmt":"2025-09-11T06:19:43","guid":{"rendered":"https:\/\/politicosaldesnudo.com.mx\/?p=70607"},"modified":"2025-09-10T23:07:48","modified_gmt":"2025-09-11T05:07:48","slug":"carcel-o-infierno-lanza-noboa-nueva-fase-de-guerra-contra-grupos-delictivos","status":"publish","type":"post","link":"https:\/\/politicosaldesnudo.com.mx\/index.php\/2025\/09\/11\/carcel-o-infierno-lanza-noboa-nueva-fase-de-guerra-contra-grupos-delictivos\/","title":{"rendered":"\u201cC\u00e1rcel o infierno\u201d: lanza Noboa nueva fase de guerra contra grupos delictivos"},"content":{"rendered":"<div id=\"article-content-tts\" class=\"nota-contenido mb-5\">\n<div id=\"content_nitf\">\n<p class=\"nota-justify\">Con la destituci\u00f3n de los principales comandantes de las fuerzas armadas, a pocas horas del arribo a Quito del secretario de Estado, Marco Rubio, adem\u00e1s de los acuerdos para financiar la compra de drones y asistencia estrat\u00e9gica estadunidense, el ministerio de Defensa de Ecuador explic\u00f3 este mi\u00e9rcoles las acciones de una \u201cnueva fase en esta guerra que comienza hoy\u201d, dentro del llamado \u201cConflicto Armado Interno\u201d.<\/p>\n<p class=\"nota-justify\">Esta nueva estrategia apunta a la eliminaci\u00f3n de cabecillas, la destrucci\u00f3n de maquinaria, combustibles e infraestructura usada en la miner\u00eda ilegal, la neutralizaci\u00f3n de veh\u00edculos, bodegas y material vinculados al robo y contrabando de combustibles.<\/p>\n<p class=\"nota-justify\">\u201cTras el reciente cambio de c\u00fapula, se abre un ciclo de conducci\u00f3n que va m\u00e1s all\u00e1 de la operatividad, con una transformaci\u00f3n en la planificaci\u00f3n y focalizaci\u00f3n de las acciones militares, articuladas en tres ejes: control territorial y ofensiva directa; fortalecimiento de la inteligencia y operaciones especiales; y neutralizaci\u00f3n y eliminaci\u00f3n de objetivos\u201d, dice el comunicado, tras la reuni\u00f3n sostenida por los nuevos comandantes del ej\u00e9rcito, la marina y la aviaci\u00f3n, adem\u00e1s del jefe del comando conjunto.<\/p>\n<p class=\"nota-justify\">Los firmantes del comunicado indican que se reunieron \u201cpara delinear las directrices que marcar\u00e1n esta nueva fase de la guerra\u201d, despu\u00e9s de \u201cmeses de duros enfrentamientos, la experiencia adquirida en el terreno y los golpes propinados a las estructuras criminales (que) han revelado una verdad ineludible: el enemigo cambia de rostro y busca adaptarse\u201d.<\/p>\n<p class=\"nota-justify\">Sin embargo, el documento se\u00f1ala que a pesar de que esta nueva estrategia \u201ccontiene componentes reservados, es oportuno informar que concentra sus esfuerzos en las provincias m\u00e1s cr\u00edticas\u201d. En total ser\u00edan nueve y son las mismas donde se han registrado altos \u00edndices de criminalidad y de incidencia directa de los grupos de delincuencia organizada. All\u00ed, \u201cse multiplicar\u00e1 el n\u00famero de operaciones para neutralizar y destruir objetivos de alto valor, atacar blancos determinados y reforzar los controles de armas y explosivos en puntos cr\u00edticos del pa\u00eds\u201d, subraya.<\/p>\n<p class=\"nota-justify\">El jefe del comando conjunto de las fuerzas armadas, general de ej\u00e9rcito Henry Delgado Salvador, explic\u00f3: \u201cEsta nueva fase exige medidas de cumplimiento inmediato y resultados efectivos, porque la meta es una sola: devolver bienestar, seguridad y paz al pueblo ecuatoriano. La consigna frente a las amenazas es clara: la c\u00e1rcel o el infierno.\u201d<\/p>\n<p class=\"nota-justify\">El otro punto cr\u00edtico de la inseguridad en Ecuador ha sido la vulnerabilidad de las c\u00e1rceles, convertidas en los centros de operaciones de los grupos delincuencias, por ello, en el comunicado se remarca: \u201cLa estrategia incorpora una atenci\u00f3n prioritaria al control de los centros penitenciarios bajo responsabilidad de las fuerzas armadas\u201d.<\/p>\n<p class=\"nota-justify\">Y no deja de lado el tema m\u00e1s sensible que afecta a la imagen de los militares y del mismo gobierno: la participaci\u00f3n de uniformados en los actos delincuenciales, la fuga de capos del narcotr\u00e1fico de las c\u00e1rceles y la participaci\u00f3n en el robo de combustible (huachicoleo): \u201cA esto se suma una pol\u00edtica de cero tolerancia a la corrupci\u00f3n, con depuraci\u00f3n institucional y mano dura internamente\u201d.<\/p>\n<\/div>\n<\/div>\n<div class=\"notas-relacionadas\"><\/div>\n<div class=\"nota-tags\"><\/div>\n","protected":false},"excerpt":{"rendered":"<p>Con la destituci\u00f3n de los principales comandantes de las fuerzas armadas, a pocas horas del arribo a Quito del secretario<\/p>\n","protected":false},"author":4,"featured_media":70608,"comment_status":"closed","ping_status":"closed","sticky":false,"template":"","format":"standard","meta":{"colormag_page_container_layout":"default_layout","colormag_page_sidebar_layout":"default_layout","_jetpack_memberships_contains_paid_content":false,"footnotes":"","jetpack_publicize_message":"","jetpack_publicize_feature_enabled":true,"jetpack_social_post_already_shared":true,"jetpack_social_options":{"image_generator_settings":{"template":"highway","default_image_id":0,"font":"","enabled":false},"version":2}},"categories":[28],"tags":[],"class_list":["post-70607","post","type-post","status-publish","format-standard","has-post-thumbnail","hentry","category-internacional"],"jetpack_publicize_connections":[],"jetpack_featured_media_url":"https:\/\/i0.wp.com\/politicosaldesnudo.com.mx\/wp-content\/uploads\/2025\/09\/AWE.jpg?fit=778%2C511&ssl=1","jetpack-related-posts":[],"jetpack_sharing_enabled":true,"_links":{"self":[{"href":"https:\/\/politicosaldesnudo.com.mx\/index.php\/wp-json\/wp\/v2\/posts\/70607","targetHints":{"allow":["GET"]}}],"collection":[{"href":"https:\/\/politicosaldesnudo.com.mx\/index.php\/wp-json\/wp\/v2\/posts"}],"about":[{"href":"https:\/\/politicosaldesnudo.com.mx\/index.php\/wp-json\/wp\/v2\/types\/post"}],"author":[{"embeddable":true,"href":"https:\/\/politicosaldesnudo.com.mx\/index.php\/wp-json\/wp\/v2\/users\/4"}],"replies":[{"embeddable":true,"href":"https:\/\/politicosaldesnudo.com.mx\/index.php\/wp-json\/wp\/v2\/comments?post=70607"}],"version-history":[{"count":0,"href":"https:\/\/politicosaldesnudo.com.mx\/index.php\/wp-json\/wp\/v2\/posts\/70607\/revisions"}],"wp:featuredmedia":[{"embeddable":true,"href":"https:\/\/politicosaldesnudo.com.mx\/index.php\/wp-json\/wp\/v2\/media\/70608"}],"wp:attachment":[{"href":"https:\/\/politicosaldesnudo.com.mx\/index.php\/wp-json\/wp\/v2\/media?parent=70607"}],"wp:term":[{"taxonomy":"category","embeddable":true,"href":"https:\/\/politicosaldesnudo.com.mx\/index.php\/wp-json\/wp\/v2\/categories?post=70607"},{"taxonomy":"post_tag","embeddable":true,"href":"https:\/\/politicosaldesnudo.com.mx\/index.php\/wp-json\/wp\/v2\/tags?post=70607"}],"curies":[{"name":"wp","href":"https:\/\/api.w.org\/{rel}","templated":true}]}}