{"id":70734,"date":"2025-09-13T00:16:43","date_gmt":"2025-09-13T06:16:43","guid":{"rendered":"https:\/\/politicosaldesnudo.com.mx\/?p=70734"},"modified":"2025-09-12T21:46:50","modified_gmt":"2025-09-13T03:46:50","slug":"ex-miembros-de-la-junta-de-gobierno-de-la-uv-rechazan-prorroga-del-rector","status":"publish","type":"post","link":"https:\/\/politicosaldesnudo.com.mx\/index.php\/2025\/09\/13\/ex-miembros-de-la-junta-de-gobierno-de-la-uv-rechazan-prorroga-del-rector\/","title":{"rendered":"Ex miembros de la Junta de Gobierno de la UV rechazan pr\u00f3rroga del rector"},"content":{"rendered":"<p class=\"nota-justify\">M\u00e1s de 20 ex miembros de la Junta de Gobierno de la Universidad Veracruzana se pronunciaron en contra de la pr\u00f3rroga de mandato otorgada recientemente al actual rector Mart\u00edn Aguilar S\u00e1nchez.<\/p>\n<p class=\"nota-justify\">Se\u00f1alaron que la m\u00e1xima casa de estudios del estado est\u00e1 envuelta en una crisis moral y de legitimidad in\u00e9dita pues consideran que los actuales miembros de la Junta de Gobierno, han tergiversado la normatividad para que Aguilar S\u00e1nchez permanezca cuatro a\u00f1os m\u00e1s en el puesto.<\/p>\n<p class=\"nota-justify\">En una carta abierta, acusaron que con este procedimiento ilegal, Aguilar S\u00e1nchez evit\u00f3 rendir cuentas a la comunidad universitaria, generando de esa manera una crisis de inestabilidad e incertidumbre.<\/p>\n<p class=\"nota-justify\">\u201cEludiendo as\u00ed convocar a un proceso de consulta a la comunidad, presentaci\u00f3n de candidaturas y proyectos, evaluaci\u00f3n del desempe\u00f1o del rector y ulterior designaci\u00f3n razonada, procedimiento que durante 30 a\u00f1os hab\u00eda preservado la estabilidad pol\u00edtica interna y garantizado la continuidad de los proyectos universitarios\u201d, indicaron.<\/p>\n<p class=\"nota-justify\">Se\u00f1alaron que es urgente que el actual rector deje su puesto y que se convoque a un nuevo proceso, abierto y transparente, para designar a su sucesor, pues de lo contrario continuar\u00e1n las afectaciones para la UV.<\/p>\n<p class=\"nota-justify\">Por ello, hicieron un llamado a los actuales miembros de la Junta de Gobierno, para que rectifiquen su actuar y se apeguen a las leyes y reglamentos que rigen la UV y sus procesos internos.<\/p>\n<p class=\"nota-justify\">\u201cEl regreso a la normalidad y la armon\u00eda universitarias s\u00f3lo puede lograrse con la salida de Mart\u00edn Aguilar S\u00e1nchez de la Rector\u00eda y la reposici\u00f3n del proceso de designaci\u00f3n de la m\u00e1xima autoridad de la universidad\u201d, expresaron.<\/p>\n<p class=\"nota-justify\">Cabe recordar que el pasado 27 de agosto, el doctor Mart\u00edn Aguilar S\u00e1nchez dio lectura a su cuarto informe en el sal\u00f3n de un hotel, fuera de un recinto universitario, y en el mismo evento el Consejo General Universitario se realiz\u00f3 sin contar con el qu\u00f3rum legal para entregar el documentos de pr\u00f3rroga al rector.<\/p>\n","protected":false},"excerpt":{"rendered":"<p>M\u00e1s de 20 ex miembros de la Junta de Gobierno de la Universidad Veracruzana se pronunciaron en contra de la<\/p>\n","protected":false},"author":4,"featured_media":70735,"comment_status":"closed","ping_status":"closed","sticky":false,"template":"","format":"standard","meta":{"colormag_page_container_layout":"default_layout","colormag_page_sidebar_layout":"default_layout","_jetpack_memberships_contains_paid_content":false,"footnotes":"","jetpack_publicize_message":"","jetpack_publicize_feature_enabled":true,"jetpack_social_post_already_shared":true,"jetpack_social_options":{"image_generator_settings":{"template":"highway","default_image_id":0,"font":"","enabled":false},"version":2}},"categories":[30],"tags":[],"class_list":["post-70734","post","type-post","status-publish","format-standard","has-post-thumbnail","hentry","category-estados"],"jetpack_publicize_connections":[],"jetpack_featured_media_url":"https:\/\/i0.wp.com\/politicosaldesnudo.com.mx\/wp-content\/uploads\/2025\/09\/AGUI.jpg?fit=772%2C518&ssl=1","jetpack-related-posts":[],"jetpack_sharing_enabled":true,"_links":{"self":[{"href":"https:\/\/politicosaldesnudo.com.mx\/index.php\/wp-json\/wp\/v2\/posts\/70734","targetHints":{"allow":["GET"]}}],"collection":[{"href":"https:\/\/politicosaldesnudo.com.mx\/index.php\/wp-json\/wp\/v2\/posts"}],"about":[{"href":"https:\/\/politicosaldesnudo.com.mx\/index.php\/wp-json\/wp\/v2\/types\/post"}],"author":[{"embeddable":true,"href":"https:\/\/politicosaldesnudo.com.mx\/index.php\/wp-json\/wp\/v2\/users\/4"}],"replies":[{"embeddable":true,"href":"https:\/\/politicosaldesnudo.com.mx\/index.php\/wp-json\/wp\/v2\/comments?post=70734"}],"version-history":[{"count":0,"href":"https:\/\/politicosaldesnudo.com.mx\/index.php\/wp-json\/wp\/v2\/posts\/70734\/revisions"}],"wp:featuredmedia":[{"embeddable":true,"href":"https:\/\/politicosaldesnudo.com.mx\/index.php\/wp-json\/wp\/v2\/media\/70735"}],"wp:attachment":[{"href":"https:\/\/politicosaldesnudo.com.mx\/index.php\/wp-json\/wp\/v2\/media?parent=70734"}],"wp:term":[{"taxonomy":"category","embeddable":true,"href":"https:\/\/politicosaldesnudo.com.mx\/index.php\/wp-json\/wp\/v2\/categories?post=70734"},{"taxonomy":"post_tag","embeddable":true,"href":"https:\/\/politicosaldesnudo.com.mx\/index.php\/wp-json\/wp\/v2\/tags?post=70734"}],"curies":[{"name":"wp","href":"https:\/\/api.w.org\/{rel}","templated":true}]}}