{"id":70743,"date":"2025-09-13T00:19:22","date_gmt":"2025-09-13T06:19:22","guid":{"rendered":"https:\/\/politicosaldesnudo.com.mx\/?p=70743"},"modified":"2025-09-12T21:53:27","modified_gmt":"2025-09-13T03:53:27","slug":"lula-da-silva-rechaza-amenazas-de-eu-tras-condena-historica-contra-bolsonaro","status":"publish","type":"post","link":"https:\/\/politicosaldesnudo.com.mx\/index.php\/2025\/09\/13\/lula-da-silva-rechaza-amenazas-de-eu-tras-condena-historica-contra-bolsonaro\/","title":{"rendered":"Lula da Silva rechaza amenazas de EU tras condena hist\u00f3rica contra Bolsonaro"},"content":{"rendered":"<p class=\"nota-justify\">El presidente de Brasil, Luiz In\u00e1cio Lula da Silva, rechaz\u00f3 hoy las amenazas de sanciones y cr\u00edticas del Gobierno de Estados Unidos, tras la condena del Supremo Tribunal Federal (STF) al ex mandatario Jair Bolsonaro (2019-2022) a m\u00e1s de 27 a\u00f1os de prisi\u00f3n por participar en una tentativa de golpe de Estado y afirm\u00f3 que su pa\u00eds \u00abno es una republiqueta bananera\u00bb.<\/p>\n<p class=\"nota-justify\">En entrevista para la cadena de noticias Bandeirantes divulgada este viernes, Lula da Silva subray\u00f3 que las presiones externas de Trump y del secretario de Estado estadunidense, Marco Rubio, no cambiar\u00e1n la posici\u00f3n de Brasil ni la independencia de su sistema judicial frente a la condena contra el intento de golpe de Estado liderado por Bolsonaro.<\/p>\n<p class=\"nota-justify\">\u00abNo temo (nuevas sanciones). Las acusaciones contra Brasil son todas falsas y el presidente Trump lo sabe (&#8230;) no hay d\u00e9ficit comercial, es arrogancia de \u00e9l no querer que la Justicia brasile\u00f1a juzgue a alguien que cometi\u00f3 un crimen\u00bb, sostuvo Lula da Silva.<\/p>\n<p class=\"nota-justify\">\u00abEl presidente de un pa\u00eds no puede quedarse interfiriendo en las decisiones de otro pa\u00eds soberano. Si \u00e9l va a tomar otras actitudes, es un problema de \u00e9l\u00bb, agreg\u00f3 el mandatario brasile\u00f1o, al enfatizar que \u00abEstados Unidos necesitan saber que no est\u00e1n tratando con una republiqueta bananera\u00bb.<\/p>\n<p class=\"nota-justify\">El mandatario brasile\u00f1o respondi\u00f3 tambi\u00e9n a las declaraciones de la vocera de la Casa Blanca, Karoline Leavitt, quien advirti\u00f3 que Washington est\u00e1 dispuesto a \u00abusar medios militares\u00bb para \u00abproteger la libertad de expresi\u00f3n en el mundo\u00bb, en referencia al proceso contra Bolsonaro.<\/p>\n<p class=\"nota-justify\">\u00abNo tengo preocupaci\u00f3n porque no puedo tomar muy en serio la posici\u00f3n de un portavoz, no le responder\u00e9 a un portavoz\u00bb, afirm\u00f3 Lula da Silva.<\/p>\n<p class=\"nota-justify\">Tras el fallo del STF de Brasil el jueves, Trump declar\u00f3 a periodistas estar \u00absorprendido\u00bb con el resultado y compar\u00f3 la situaci\u00f3n de Bolsonaro con los procesos judiciales que \u00e9l mismo enfrenta en Estados Unidos.<\/p>\n<p class=\"nota-justify\">Washington anunci\u00f3 en agosto pasado que no renovar\u00eda las visas para ocho de los 11 miembros del STF de Brasil y aplic\u00f3 la Ley Magnitsky con sanciones financieras contra el juez Alexandre de Moraes quien encabez\u00f3 el juicio a Bolsonaro.<\/p>\n<p class=\"nota-justify\">Trump argument\u00f3 en una carta que el caso Bolsonaro era el principal argumento para la elevaci\u00f3n de aranceles del 50 por ciento a productos brasile\u00f1os.<\/p>\n","protected":false},"excerpt":{"rendered":"<p>El presidente de Brasil, Luiz In\u00e1cio Lula da Silva, rechaz\u00f3 hoy las amenazas de sanciones y cr\u00edticas del Gobierno de<\/p>\n","protected":false},"author":4,"featured_media":70744,"comment_status":"closed","ping_status":"closed","sticky":false,"template":"","format":"standard","meta":{"colormag_page_container_layout":"default_layout","colormag_page_sidebar_layout":"default_layout","_jetpack_memberships_contains_paid_content":false,"footnotes":"","jetpack_publicize_message":"","jetpack_publicize_feature_enabled":true,"jetpack_social_post_already_shared":true,"jetpack_social_options":{"image_generator_settings":{"template":"highway","default_image_id":0,"font":"","enabled":false},"version":2}},"categories":[28],"tags":[],"class_list":["post-70743","post","type-post","status-publish","format-standard","has-post-thumbnail","hentry","category-internacional"],"jetpack_publicize_connections":[],"jetpack_featured_media_url":"https:\/\/i0.wp.com\/politicosaldesnudo.com.mx\/wp-content\/uploads\/2025\/09\/LUA.jpg?fit=769%2C524&ssl=1","jetpack-related-posts":[],"jetpack_sharing_enabled":true,"_links":{"self":[{"href":"https:\/\/politicosaldesnudo.com.mx\/index.php\/wp-json\/wp\/v2\/posts\/70743","targetHints":{"allow":["GET"]}}],"collection":[{"href":"https:\/\/politicosaldesnudo.com.mx\/index.php\/wp-json\/wp\/v2\/posts"}],"about":[{"href":"https:\/\/politicosaldesnudo.com.mx\/index.php\/wp-json\/wp\/v2\/types\/post"}],"author":[{"embeddable":true,"href":"https:\/\/politicosaldesnudo.com.mx\/index.php\/wp-json\/wp\/v2\/users\/4"}],"replies":[{"embeddable":true,"href":"https:\/\/politicosaldesnudo.com.mx\/index.php\/wp-json\/wp\/v2\/comments?post=70743"}],"version-history":[{"count":0,"href":"https:\/\/politicosaldesnudo.com.mx\/index.php\/wp-json\/wp\/v2\/posts\/70743\/revisions"}],"wp:featuredmedia":[{"embeddable":true,"href":"https:\/\/politicosaldesnudo.com.mx\/index.php\/wp-json\/wp\/v2\/media\/70744"}],"wp:attachment":[{"href":"https:\/\/politicosaldesnudo.com.mx\/index.php\/wp-json\/wp\/v2\/media?parent=70743"}],"wp:term":[{"taxonomy":"category","embeddable":true,"href":"https:\/\/politicosaldesnudo.com.mx\/index.php\/wp-json\/wp\/v2\/categories?post=70743"},{"taxonomy":"post_tag","embeddable":true,"href":"https:\/\/politicosaldesnudo.com.mx\/index.php\/wp-json\/wp\/v2\/tags?post=70743"}],"curies":[{"name":"wp","href":"https:\/\/api.w.org\/{rel}","templated":true}]}}