{"id":70746,"date":"2025-09-13T00:20:21","date_gmt":"2025-09-13T06:20:21","guid":{"rendered":"https:\/\/politicosaldesnudo.com.mx\/?p=70746"},"modified":"2025-09-12T21:55:27","modified_gmt":"2025-09-13T03:55:27","slug":"reforzara-otan-defensas-en-flanco-oriental-tras-ingreso-de-drones-rusos-a-polonia","status":"publish","type":"post","link":"https:\/\/politicosaldesnudo.com.mx\/index.php\/2025\/09\/13\/reforzara-otan-defensas-en-flanco-oriental-tras-ingreso-de-drones-rusos-a-polonia\/","title":{"rendered":"Reforzar\u00e1 OTAN defensas en flanco oriental tras ingreso de drones rusos a Polonia"},"content":{"rendered":"<p class=\"nota-justify\">La Organizaci\u00f3n del Tratado del Atl\u00e1ntico Norte (OTAN) reforzar\u00e1 sus defensas en el flanco oriental despu\u00e9s de la intrusi\u00f3n de drones rusos en el espacio a\u00e9reo de Polonia esta semana, anunci\u00f3 el viernes el secretario general de la alianza militar, Mark Rutte.<\/p>\n<p class=\"nota-justify\">El bloque transatl\u00e1ntico lanzar\u00e1 una operaci\u00f3n para \u00abreforzar todav\u00eda m\u00e1s nuestras posiciones a lo largo de nuestro flanco oriental\u00bb, cercano o lim\u00edtrofe con Rusia, afirm\u00f3 ante la prensa en Bruselas.<\/p>\n<p class=\"nota-justify\">Rutte, anunci\u00f3 la creaci\u00f3n del programa \u201cEastern Sentry\u201d cuyo objetivo es disuadir de nuevas incursiones rusas y mostrar solidaridad con Polonia.<\/p>\n<p class=\"nota-justify\">\u201cVemos drones que violan nuestro espacio a\u00e9reo. Sea intencionado o no, es inaceptable. Los aliados han expresado su plena solidaridad con Polonia. Es crucial contrarrestar la agresi\u00f3n y defender a todos los miembros de la Alianza. La defensa del flanco oriental es nuestra tarea clave. Por eso, estamos lanzando la iniciativa &#8216;Eastern Sentry&#8217; para reforzar a\u00fan m\u00e1s nuestro flanco oriental\u201d, afirm\u00f3 el secretario general.<\/p>\n","protected":false},"excerpt":{"rendered":"<p>La Organizaci\u00f3n del Tratado del Atl\u00e1ntico Norte (OTAN) reforzar\u00e1 sus defensas en el flanco oriental despu\u00e9s de la intrusi\u00f3n de<\/p>\n","protected":false},"author":4,"featured_media":70747,"comment_status":"closed","ping_status":"closed","sticky":false,"template":"","format":"standard","meta":{"colormag_page_container_layout":"default_layout","colormag_page_sidebar_layout":"default_layout","_jetpack_memberships_contains_paid_content":false,"footnotes":"","jetpack_publicize_message":"","jetpack_publicize_feature_enabled":true,"jetpack_social_post_already_shared":true,"jetpack_social_options":{"image_generator_settings":{"template":"highway","default_image_id":0,"font":"","enabled":false},"version":2}},"categories":[28],"tags":[],"class_list":["post-70746","post","type-post","status-publish","format-standard","has-post-thumbnail","hentry","category-internacional"],"jetpack_publicize_connections":[],"jetpack_featured_media_url":"https:\/\/i0.wp.com\/politicosaldesnudo.com.mx\/wp-content\/uploads\/2025\/09\/OTN.jpg?fit=778%2C515&ssl=1","jetpack-related-posts":[],"jetpack_sharing_enabled":true,"_links":{"self":[{"href":"https:\/\/politicosaldesnudo.com.mx\/index.php\/wp-json\/wp\/v2\/posts\/70746","targetHints":{"allow":["GET"]}}],"collection":[{"href":"https:\/\/politicosaldesnudo.com.mx\/index.php\/wp-json\/wp\/v2\/posts"}],"about":[{"href":"https:\/\/politicosaldesnudo.com.mx\/index.php\/wp-json\/wp\/v2\/types\/post"}],"author":[{"embeddable":true,"href":"https:\/\/politicosaldesnudo.com.mx\/index.php\/wp-json\/wp\/v2\/users\/4"}],"replies":[{"embeddable":true,"href":"https:\/\/politicosaldesnudo.com.mx\/index.php\/wp-json\/wp\/v2\/comments?post=70746"}],"version-history":[{"count":0,"href":"https:\/\/politicosaldesnudo.com.mx\/index.php\/wp-json\/wp\/v2\/posts\/70746\/revisions"}],"wp:featuredmedia":[{"embeddable":true,"href":"https:\/\/politicosaldesnudo.com.mx\/index.php\/wp-json\/wp\/v2\/media\/70747"}],"wp:attachment":[{"href":"https:\/\/politicosaldesnudo.com.mx\/index.php\/wp-json\/wp\/v2\/media?parent=70746"}],"wp:term":[{"taxonomy":"category","embeddable":true,"href":"https:\/\/politicosaldesnudo.com.mx\/index.php\/wp-json\/wp\/v2\/categories?post=70746"},{"taxonomy":"post_tag","embeddable":true,"href":"https:\/\/politicosaldesnudo.com.mx\/index.php\/wp-json\/wp\/v2\/tags?post=70746"}],"curies":[{"name":"wp","href":"https:\/\/api.w.org\/{rel}","templated":true}]}}