{"id":70749,"date":"2025-09-11T21:55:53","date_gmt":"2025-09-12T03:55:53","guid":{"rendered":"https:\/\/politicosaldesnudo.com.mx\/?p=70749"},"modified":"2025-09-12T21:57:31","modified_gmt":"2025-09-13T03:57:31","slug":"el-rector-espurio-de-la-uv","status":"publish","type":"post","link":"https:\/\/politicosaldesnudo.com.mx\/index.php\/2025\/09\/11\/el-rector-espurio-de-la-uv\/","title":{"rendered":"El rector espurio de la UV"},"content":{"rendered":"<p style=\"font-weight: 400;\">En Veracruz estamos frente a un fraude institucional que no debe llamarse de otra manera: Mart\u00edn Aguilar es un rector espurio. Su periodo termin\u00f3 el 31 de agosto y, desde el 1 de septiembre, cualquier acto que realice carece de legalidad. Permanecer en la rector\u00eda no es continuidad ni transici\u00f3n: es usurpaci\u00f3n.<\/p>\n<p style=\"font-weight: 400;\">No se trata de un juego de palabras. La definici\u00f3n es precisa: espurio es lo falso, lo ileg\u00edtimo, lo que carece de validez jur\u00eddica. Un contrato firmado bajo enga\u00f1o es espurio. Un documento falsificado es espurio. Y un rector que se aferra al cargo despu\u00e9s de vencido su mandato tambi\u00e9n lo es. Mart\u00edn Aguilar ya no es rector; es un usurpador.<\/p>\n<p style=\"font-weight: 400;\">Lo grave no es solo la ambici\u00f3n personal de Aguilar, sino la complicidad de quienes lo sostienen en el cargo. Callar frente a esta ilegalidad es convertirse en c\u00f3mplice de un fraude acad\u00e9mico y administrativo que lastima a toda la comunidad universitaria. La Universidad Veracruzana, orgullo de los veracruzanos, no merece cargar con la verg\u00fcenza de tener un rector espurio impuesto a la fuerza de la simulaci\u00f3n.<\/p>\n<p style=\"font-weight: 400;\">Lo advertimos desde el 25 de julio: Aguilar representaba una imposici\u00f3n, un atropello a la legalidad y un insulto al esp\u00edritu universitario. Hoy, con el vencimiento de su periodo, la anomal\u00eda ha quedado al desnudo. El problema ya no es de interpretaci\u00f3n, es de hechos consumados. Quien siga llam\u00e1ndolo rector est\u00e1 avalando la mentira.<\/p>\n<p style=\"font-weight: 400;\">La UV no es una oficina burocr\u00e1tica donde los plazos puedan estirarse al capricho del funcionario en turno. Es la instituci\u00f3n de educaci\u00f3n superior m\u00e1s importante del estado, sostenida con el dinero de todos los veracruzanos. Cada peso que se gasta, cada nombramiento que se hace, cada decisi\u00f3n que se toma bajo la firma de Aguilar a partir del 1 de septiembre, es una acci\u00f3n espuria.<\/p>\n<p style=\"font-weight: 400;\">La historia de M\u00e9xico nos muestra que los cargos espurios son semillas de corrupci\u00f3n y desastre. Presidentes impuestos con fraudes, l\u00edderes sindicales eternizados en el poder, gobernadores que se sentaron en la silla con la complicidad de tribunales vendidos. Hoy, esa misma pr\u00e1ctica se repite en la Universidad Veracruzana. \u00bfCon qu\u00e9 cara podr\u00e1 exigir disciplina acad\u00e9mica un rector que viola la ley que lo nombr\u00f3?<\/p>\n<p style=\"font-weight: 400;\">Los universitarios ya lo entendieron. Se han organizado en redes de resistencia, han levantado la voz y han denunciado la anomal\u00eda. El esp\u00edritu cr\u00edtico de la comunidad es la mejor prueba de que la universidad sigue viva, a pesar de Aguilar. Pero no basta con indignarse: hay que exigir la salida inmediata de quien ya no tiene derecho a seguir en el cargo.<\/p>\n<p style=\"font-weight: 400;\">Porque tolerar lo espurio es aceptar que la UV se convierta en un feudo personal. Es aceptar que la ley se pisotee en nombre de la conveniencia pol\u00edtica. Es resignarse a que el conocimiento florezca en el pantano de la ilegalidad. Y eso no lo podemos permitir.<\/p>\n<p style=\"font-weight: 400;\">La sociedad veracruzana debe preguntarse: \u00bfqu\u00e9 clase de mensaje se env\u00eda a los j\u00f3venes si su m\u00e1xima casa de estudios avala la mentira? \u00bfQu\u00e9 futuro puede construirse sobre un fraude? La educaci\u00f3n no puede ser dirigida por un espurio. La legalidad no puede quedar subordinada al capricho de un funcionario.<\/p>\n<p style=\"font-weight: 400;\">La defensa de la Universidad Veracruzana es, hoy, una causa c\u00edvica. No se trata de un pleito personal ni de un asunto menor. Se trata de impedir que la instituci\u00f3n se degrade al nivel de la pol\u00edtica m\u00e1s vulgar. Se trata de evitar que el futuro acad\u00e9mico y cient\u00edfico del estado quede manchado por la ambici\u00f3n de un solo hombre.<\/p>\n<p style=\"font-weight: 400;\">Mart\u00edn Aguilar debe salir. No ma\u00f1ana, no despu\u00e9s: hoy. Cada d\u00eda que permanezca en la rector\u00eda, la UV se hunde un poco m\u00e1s en el descr\u00e9dito. Y cada d\u00eda que los universitarios y la sociedad callen, el espurio gana terreno.<\/p>\n<p style=\"font-weight: 400;\">La universidad debe ser faro de legalidad, no guarida de usurpadores. Si Aguilar quiere aferrarse al poder, que lo haga fuera de la UV. Porque dentro, su permanencia es simple y llanamente ilegal. Y lo ilegal, por definici\u00f3n, es espurio.<\/p>\n<p style=\"font-weight: 400;\">Aqu\u00ed no caben medias tintas. Corresponde a las autoridades estatales y federales actuar de inmediato. La Secretar\u00eda de Educaci\u00f3n P\u00fablica y el Gobierno del Estado no pueden hacerse de la vista gorda frente a una usurpaci\u00f3n tan evidente. Si permiten que la UV siga bajo el mando de un rector espurio, estar\u00e1n avalando un fraude contra la educaci\u00f3n p\u00fablica y contra Veracruz.<\/p>\n<p style=\"font-weight: 400;\">El tiempo de la ambig\u00fcedad termin\u00f3. O se pone orden en la Universidad Veracruzana, o se demuestra que la ley es un simple adorno. La comunidad universitaria ya alz\u00f3 la voz. Ahora corresponde al Estado hacer valer la legalidad. Porque lo espurio no solo degrada al cargo: degrada a toda la instituci\u00f3n que lo tolera.<\/p>\n<p><img data-recalc-dims=\"1\" loading=\"lazy\" decoding=\"async\" class=\"aligncenter size-full wp-image-70683\" src=\"https:\/\/i0.wp.com\/politicosaldesnudo.com.mx\/wp-content\/uploads\/2025\/09\/FIRMA-EDITORIAL-PD-3.jpg?resize=800%2C98&#038;ssl=1\" alt=\"\" width=\"800\" height=\"98\" srcset=\"https:\/\/i0.wp.com\/politicosaldesnudo.com.mx\/wp-content\/uploads\/2025\/09\/FIRMA-EDITORIAL-PD-3.jpg?w=1024&amp;ssl=1 1024w, https:\/\/i0.wp.com\/politicosaldesnudo.com.mx\/wp-content\/uploads\/2025\/09\/FIRMA-EDITORIAL-PD-3.jpg?resize=300%2C37&amp;ssl=1 300w, https:\/\/i0.wp.com\/politicosaldesnudo.com.mx\/wp-content\/uploads\/2025\/09\/FIRMA-EDITORIAL-PD-3.jpg?resize=768%2C94&amp;ssl=1 768w\" sizes=\"auto, (max-width: 800px) 100vw, 800px\" \/><\/p>\n","protected":false},"excerpt":{"rendered":"<p>En Veracruz estamos frente a un fraude institucional que no debe llamarse de otra manera: Mart\u00edn Aguilar es un rector<\/p>\n","protected":false},"author":4,"featured_media":46060,"comment_status":"closed","ping_status":"closed","sticky":false,"template":"","format":"standard","meta":{"colormag_page_container_layout":"default_layout","colormag_page_sidebar_layout":"default_layout","_jetpack_memberships_contains_paid_content":false,"footnotes":"","jetpack_publicize_message":"","jetpack_publicize_feature_enabled":true,"jetpack_social_post_already_shared":true,"jetpack_social_options":{"image_generator_settings":{"template":"highway","default_image_id":0,"font":"","enabled":false},"version":2}},"categories":[26],"tags":[],"class_list":["post-70749","post","type-post","status-publish","format-standard","has-post-thumbnail","hentry","category-columnistas"],"jetpack_publicize_connections":[],"jetpack_featured_media_url":"https:\/\/i0.wp.com\/politicosaldesnudo.com.mx\/wp-content\/uploads\/2024\/09\/CRISTIANI-2.jpg?fit=800%2C445&ssl=1","jetpack-related-posts":[],"jetpack_sharing_enabled":true,"_links":{"self":[{"href":"https:\/\/politicosaldesnudo.com.mx\/index.php\/wp-json\/wp\/v2\/posts\/70749","targetHints":{"allow":["GET"]}}],"collection":[{"href":"https:\/\/politicosaldesnudo.com.mx\/index.php\/wp-json\/wp\/v2\/posts"}],"about":[{"href":"https:\/\/politicosaldesnudo.com.mx\/index.php\/wp-json\/wp\/v2\/types\/post"}],"author":[{"embeddable":true,"href":"https:\/\/politicosaldesnudo.com.mx\/index.php\/wp-json\/wp\/v2\/users\/4"}],"replies":[{"embeddable":true,"href":"https:\/\/politicosaldesnudo.com.mx\/index.php\/wp-json\/wp\/v2\/comments?post=70749"}],"version-history":[{"count":0,"href":"https:\/\/politicosaldesnudo.com.mx\/index.php\/wp-json\/wp\/v2\/posts\/70749\/revisions"}],"wp:featuredmedia":[{"embeddable":true,"href":"https:\/\/politicosaldesnudo.com.mx\/index.php\/wp-json\/wp\/v2\/media\/46060"}],"wp:attachment":[{"href":"https:\/\/politicosaldesnudo.com.mx\/index.php\/wp-json\/wp\/v2\/media?parent=70749"}],"wp:term":[{"taxonomy":"category","embeddable":true,"href":"https:\/\/politicosaldesnudo.com.mx\/index.php\/wp-json\/wp\/v2\/categories?post=70749"},{"taxonomy":"post_tag","embeddable":true,"href":"https:\/\/politicosaldesnudo.com.mx\/index.php\/wp-json\/wp\/v2\/tags?post=70749"}],"curies":[{"name":"wp","href":"https:\/\/api.w.org\/{rel}","templated":true}]}}