{"id":70751,"date":"2025-09-11T21:57:54","date_gmt":"2025-09-12T03:57:54","guid":{"rendered":"https:\/\/politicosaldesnudo.com.mx\/?p=70751"},"modified":"2025-09-12T21:58:52","modified_gmt":"2025-09-13T03:58:52","slug":"adanely-rodriguez-el-rostro-joven-y-honesto-de-la-4t-en-poza-rica","status":"publish","type":"post","link":"https:\/\/politicosaldesnudo.com.mx\/index.php\/2025\/09\/11\/adanely-rodriguez-el-rostro-joven-y-honesto-de-la-4t-en-poza-rica\/","title":{"rendered":"\u201cAdanely Rodr\u00edguez: El rostro joven y honesto de la 4T en Poza Rica\u201d"},"content":{"rendered":"<p style=\"font-weight: 400;\"><em>\u201cLa constancia no est\u00e1 en empezar sino en perseverar\u201d. \u2013 Leonardo de Vinci.<\/em><\/p>\n<p style=\"font-weight: 400;\"><strong>\u00a0<\/strong><\/p>\n<p style=\"font-weight: 400;\"><strong>Poza Rica se ha convertido, en los \u00faltimos meses, en el epicentro de una batalla pol\u00edtica que refleja con nitidez el pulso de la transformaci\u00f3n en Veracruz. En medio de este escenario, emerge con fuerza el nombre de Adanely Rodr\u00edguez Rodr\u00edguez, joven pol\u00edtica surgida de las filas de la Cuarta Transformaci\u00f3n (4T), quien, con determinaci\u00f3n, trabajo y amor genuino por su tierra, ha demostrado que el cambio verdadero es posible.<\/strong><\/p>\n<p style=\"font-weight: 400;\"><strong>Adanely representa algo m\u00e1s que una candidatura: simboliza el rostro fresco y honesto de una nueva clase pol\u00edtica que tanto necesita Morena.<\/strong><\/p>\n<p style=\"font-weight: 400;\"><strong>Lejos de las viejas pr\u00e1cticas y de las alianzas oscuras que hist\u00f3ricamente han corrompido a la pol\u00edtica local, su trayectoria es producto directo de los procesos formativos de Morena, donde se gestan cuadros comprometidos, capaces y, sobre todo, sin v\u00ednculos con otras corrientes o intereses ajenos al bienestar del pueblo.<\/strong><\/p>\n<p style=\"font-weight: 400;\"><strong>Su reciente triunfo, refrendado por el recuento de 51 casillas ordenado por el Tribunal Electoral del Poder Judicial de la Federaci\u00f3n (TEPJF), no solo confirma su victoria leg\u00edtima en las urnas, sino que pone en evidencia el intento de robo electoral que Movimiento Ciudadano (MC), de la mano de Emilio Olvera y respaldado por estructuras de poder con presuntos v\u00ednculos delincuenciales, intent\u00f3 consumar.<\/strong><\/p>\n<p style=\"font-weight: 400;\"><strong>La sociedad veracruzana fue testigo del intento de imposici\u00f3n y, al mismo tiempo, del despertar de una ciudadan\u00eda que no est\u00e1 dispuesta a permitir que se vulnere su voluntad.<\/strong><\/p>\n<p style=\"font-weight: 400;\"><strong>Las palabras de la gobernadora Roc\u00edo Nahle Garc\u00eda, quien alert\u00f3 sobre los peligrosos acercamientos entre MC y grupos de la delincuencia organizada, se ven hoy validadas por los hechos. Y es aqu\u00ed donde la figura de Adanely cobra una dimensi\u00f3n a\u00fan mayor: no solo logr\u00f3 revertir una afrenta a la democracia, sino que lo hizo desde la congruencia, con la frente en alto y sin mancha alguna en su historial.<\/strong><\/p>\n<p style=\"font-weight: 400;\"><strong>Su triunfo marca un antes y un despu\u00e9s en Morena. Es momento de mirar hacia adentro del partido y confiar en sus propios cuadros, en esos j\u00f3venes con principios, valores y preparaci\u00f3n que pueden liderar la transformaci\u00f3n con legitimidad.<\/strong><\/p>\n<p style=\"font-weight: 400;\"><strong>Frente al ruido de figuras como Manuel Huerta Ladr\u00f3n de Guevara, cuya presunta salida de Morena para buscar la gubernatura por MC evidencia una traici\u00f3n al movimiento, la victoria de Adanely brilla con luz propia.<\/strong><\/p>\n<p style=\"font-weight: 400;\"><strong>En Poza Rica, gan\u00f3 la esperanza, gan\u00f3 la honestidad y, sobre todo, gan\u00f3 el pueblo.<\/strong><\/p>\n<p style=\"font-weight: 400;\"><strong>\u00a0<\/strong><\/p>\n<p style=\"font-weight: 400;\"><strong>Al tiempo.<\/strong><\/p>\n<p><img data-recalc-dims=\"1\" loading=\"lazy\" decoding=\"async\" class=\"aligncenter size-full wp-image-70683\" src=\"https:\/\/i0.wp.com\/politicosaldesnudo.com.mx\/wp-content\/uploads\/2025\/09\/FIRMA-EDITORIAL-PD-3.jpg?resize=800%2C98&#038;ssl=1\" alt=\"\" width=\"800\" height=\"98\" srcset=\"https:\/\/i0.wp.com\/politicosaldesnudo.com.mx\/wp-content\/uploads\/2025\/09\/FIRMA-EDITORIAL-PD-3.jpg?w=1024&amp;ssl=1 1024w, https:\/\/i0.wp.com\/politicosaldesnudo.com.mx\/wp-content\/uploads\/2025\/09\/FIRMA-EDITORIAL-PD-3.jpg?resize=300%2C37&amp;ssl=1 300w, https:\/\/i0.wp.com\/politicosaldesnudo.com.mx\/wp-content\/uploads\/2025\/09\/FIRMA-EDITORIAL-PD-3.jpg?resize=768%2C94&amp;ssl=1 768w\" sizes=\"auto, (max-width: 800px) 100vw, 800px\" \/><\/p>\n","protected":false},"excerpt":{"rendered":"<p>\u201cLa constancia no est\u00e1 en empezar sino en perseverar\u201d. \u2013 Leonardo de Vinci. \u00a0 Poza Rica se ha convertido, en<\/p>\n","protected":false},"author":4,"featured_media":36965,"comment_status":"closed","ping_status":"closed","sticky":false,"template":"","format":"standard","meta":{"colormag_page_container_layout":"default_layout","colormag_page_sidebar_layout":"default_layout","_jetpack_memberships_contains_paid_content":false,"footnotes":"","jetpack_publicize_message":"","jetpack_publicize_feature_enabled":true,"jetpack_social_post_already_shared":true,"jetpack_social_options":{"image_generator_settings":{"template":"highway","default_image_id":0,"font":"","enabled":false},"version":2}},"categories":[26],"tags":[],"class_list":["post-70751","post","type-post","status-publish","format-standard","has-post-thumbnail","hentry","category-columnistas"],"jetpack_publicize_connections":[],"jetpack_featured_media_url":"https:\/\/i0.wp.com\/politicosaldesnudo.com.mx\/wp-content\/uploads\/2024\/05\/LUIS-RAMIREZ-BAQUEIRO.jpg?fit=800%2C445&ssl=1","jetpack-related-posts":[],"jetpack_sharing_enabled":true,"_links":{"self":[{"href":"https:\/\/politicosaldesnudo.com.mx\/index.php\/wp-json\/wp\/v2\/posts\/70751","targetHints":{"allow":["GET"]}}],"collection":[{"href":"https:\/\/politicosaldesnudo.com.mx\/index.php\/wp-json\/wp\/v2\/posts"}],"about":[{"href":"https:\/\/politicosaldesnudo.com.mx\/index.php\/wp-json\/wp\/v2\/types\/post"}],"author":[{"embeddable":true,"href":"https:\/\/politicosaldesnudo.com.mx\/index.php\/wp-json\/wp\/v2\/users\/4"}],"replies":[{"embeddable":true,"href":"https:\/\/politicosaldesnudo.com.mx\/index.php\/wp-json\/wp\/v2\/comments?post=70751"}],"version-history":[{"count":0,"href":"https:\/\/politicosaldesnudo.com.mx\/index.php\/wp-json\/wp\/v2\/posts\/70751\/revisions"}],"wp:featuredmedia":[{"embeddable":true,"href":"https:\/\/politicosaldesnudo.com.mx\/index.php\/wp-json\/wp\/v2\/media\/36965"}],"wp:attachment":[{"href":"https:\/\/politicosaldesnudo.com.mx\/index.php\/wp-json\/wp\/v2\/media?parent=70751"}],"wp:term":[{"taxonomy":"category","embeddable":true,"href":"https:\/\/politicosaldesnudo.com.mx\/index.php\/wp-json\/wp\/v2\/categories?post=70751"},{"taxonomy":"post_tag","embeddable":true,"href":"https:\/\/politicosaldesnudo.com.mx\/index.php\/wp-json\/wp\/v2\/tags?post=70751"}],"curies":[{"name":"wp","href":"https:\/\/api.w.org\/{rel}","templated":true}]}}