{"id":7085,"date":"2022-06-29T06:10:15","date_gmt":"2022-06-29T11:10:15","guid":{"rendered":"https:\/\/politicosaldesnudo.com.mx\/?p=7085"},"modified":"2022-06-29T07:08:24","modified_gmt":"2022-06-29T12:08:24","slug":"va-por-mexico-alianza-nacional-o-derrota-segura","status":"publish","type":"post","link":"https:\/\/politicosaldesnudo.com.mx\/index.php\/2022\/06\/29\/va-por-mexico-alianza-nacional-o-derrota-segura\/","title":{"rendered":"Va por M\u00e9xico: alianza nacional o derrota segura"},"content":{"rendered":"<p class=\"p1\">\n<p class=\"p1\"><span style=\"font-size: 18pt;\"><strong>Por Jos\u00e9 Ure\u00f1a<\/strong><\/span><\/p>\n<p class=\"p1\"><span style=\"font-size: 14pt;\">S\u00f3lo con una condici\u00f3n habr\u00e1 competencia en 2024:<\/span><\/p>\n<p class=\"p1\"><span style=\"font-size: 14pt;\">La alianza general de toda la oposici\u00f3n para contender por la Presidencia, el Poder Legislativo y los cargos de elecci\u00f3n locales.<\/span><\/p>\n<p class=\"p1\"><span style=\"font-size: 14pt;\">La larga lista de posiciones p\u00fablicas en liza incluir\u00e1 ocho estados m\u00e1s la Ciudad de M\u00e9xico, donde por ahora PRI, PAN y PRD son mayor\u00eda.<\/span><\/p>\n<p class=\"p1\"><span style=\"font-size: 14pt;\">Este comentario no es propio.<\/span><\/p>\n<p class=\"p1\"><span style=\"font-size: 14pt;\">Forma parte de las pl\u00e1ticas entre dirigentes de los tres partidos -Alejandro Moreno, Marko Cort\u00e9s y Jes\u00fas Zambrano- para el frente Va por M\u00e9xico.<\/span><\/p>\n<p class=\"p1\"><span style=\"font-size: 14pt;\">Tampoco es casual.<\/span><\/p>\n<p class=\"p1\"><span style=\"font-size: 14pt;\">En las votaciones intermedias de junio de 2021 midieron su propia miop\u00eda y regateos con la p\u00e9rdida de plazas importantes.<\/span><\/p>\n<p class=\"p1\"><span style=\"font-size: 14pt;\">Dos datos ilustran mejor: En la capital del pa\u00eds ese frente ser\u00eda Gobierno en 12 alcald\u00edas, en lugar nueve de 16 para enojo presidencial.<\/span><\/p>\n<p class=\"p1\"><span style=\"font-size: 14pt;\">En la C\u00e1mara de Diputados ser\u00eda mayor\u00eda calificada, lo cual le hubiese permitido reorientar el gasto p\u00fablico.<\/span><\/p>\n<p>&nbsp;<\/p>\n<p class=\"p1\"><span style=\"font-size: 18pt;\"><strong>APRENDER DE ERRORES<\/strong><\/span><\/p>\n<p class=\"p1\"><span style=\"font-size: 14pt;\">Algunos estados son parte tambi\u00e9n de ese error.<\/span><\/p>\n<p class=\"p1\"><span style=\"font-size: 14pt;\">A Nuevo Le\u00f3n, por ejemplo, esa triada lo ten\u00eda a la mano con el priista Adri\u00e1n de la Garza como candidato.<\/span><\/p>\n<p class=\"p1\"><span style=\"font-size: 14pt;\">Pero se opuso el PAN y el resultado es elocuente: \u00e9ste tuvo 12 puntos y el PRI perdi\u00f3 con siete.<\/span><\/p>\n<p class=\"p1\"><span style=\"font-size: 14pt;\">Con esos n\u00fameros ahora Monterrey y su zona metropolitana no tendr\u00edan a un gobernador omiso, Samuel Garc\u00eda, ante la grave escasez de agua.<\/span><\/p>\n<p class=\"p1\"><span style=\"font-size: 14pt;\">Garc\u00eda pertenece a Movimiento Ciudadano, cuyo dirigente Dante Delgado est\u00e1 empe\u00f1ado en llevarlo solo a todas las contiendas.<\/span><\/p>\n<p class=\"p1\"><span style=\"font-size: 14pt;\">Empero, hay contacto con \u00e9l.<\/span><\/p>\n<p class=\"p1\"><span style=\"font-size: 14pt;\">Si encuentran coincidencia las partes, MC se sumar\u00eda para dar posibilidades de triunfo en el estado de M\u00e9xico y Coahuila en 2023.<\/span><\/p>\n<p class=\"p1\"><span style=\"font-size: 14pt;\">Y quiz\u00e1 ese \u00e9xito anime a los cuatro para las federales del 2024 con ofertas para Dante Delgado y Clemente Casta\u00f1eda: apoyar muchas candidaturas suyas.<\/span><\/p>\n<p class=\"p1\"><span style=\"font-size: 14pt;\">Son naturales Jalisco -Enrique Alfaro designar\u00e1 abanderado- y Veracruz con Jos\u00e9 Manuel del R\u00edo, m\u00e1rtir del mal Gobierno de Cuitl\u00e1huac Garc\u00eda.<\/span><\/p>\n<p class=\"p1\"><span style=\"font-size: 14pt;\">Por ah\u00ed van las negociaciones.<\/span><\/p>\n<p>&nbsp;<\/p>\n<p class=\"p1\"><span style=\"font-size: 18pt;\"><strong>DESAIRE PARA EL TRIFE<\/strong><\/span><\/p>\n<p class=\"p1\"><span style=\"font-size: 14pt;\">1.- A los \u00f3rganos y tribunales de contrapeso al Ejecutivo debiera bastarles la animosidad presidencial para dignificar su actuaci\u00f3n.<\/span><\/p>\n<p class=\"p1\"><span style=\"font-size: 14pt;\">Pero no es as\u00ed.<\/span><\/p>\n<p class=\"p1\"><span style=\"font-size: 14pt;\">Por ejemplo, ayer hubo una sesi\u00f3n conjunta de plenos del Poder Judicial de la Federaci\u00f3n para la protesta de la nueva consejera Lilia M\u00f3nica L\u00f3pez y con el ministro lopezobradorista Arturo Zald\u00edvar al frente.<\/span><\/p>\n<p class=\"p1\"><span style=\"font-size: 14pt;\">Pero los magistrados del TEPJF no fueron convocados bajo el argumento de restricciones sanitarias a ra\u00edz del alza en contagios de Covid.<\/span><\/p>\n<p class=\"p1\"><span style=\"font-size: 14pt;\">Esto se da cuando hay la pretensi\u00f3n de debilitar los \u00f3rganos electorales -el INE de Lorenzo C\u00f3rdova y el Tribunal de Reyes Rodr\u00edguez Mondrag\u00f3n- a trav\u00e9s de una reforma para regresarlos a control gubernamental.<\/span><\/p>\n<p>&nbsp;<\/p>\n<p class=\"p1\"><span style=\"font-size: 18pt;\"><strong>L\u00e1stima.<\/strong><\/span><\/p>\n<p class=\"p1\"><span style=\"font-size: 14pt;\">Y 2.- Esa actitud de Zald\u00edvar no demerita el \u00e9xito con la serie estrenada el lunes por canales p\u00fablicos y privados de televisi\u00f3n.<\/span><\/p>\n<p class=\"p1\"><span style=\"font-size: 14pt;\">Can\u00edbal. Indignaci\u00f3n total ha gustado porque conmueve y toca uno de los problemas humanos m\u00e1s sensibles, los feminicidios.<\/span><\/p>\n<p class=\"p1\"><span style=\"font-size: 14pt;\">Por ello hay inter\u00e9s del Gobierno y Televisa, \u00fanico consorcio empresarial part\u00edcipe en la difusi\u00f3n de los cinco cap\u00edtulos, para proyectarlo en el futuro a fin de masificarlo.<\/span><\/p>\n<p class=\"p1\"><span style=\"font-size: 14pt;\">El objetivo es obvio: generar conciencia para frenar la violencia contra las mujeres.<\/span><\/p>\n<p>&nbsp;<\/p>\n<p>&nbsp;<\/p>\n<p><span style=\"font-size: 18pt; color: #04bcd9;\"><em><strong>**Las columnas firmadas en este medio son responsabilidad de quienes las firman**<\/strong><\/em><\/span><\/p>\n","protected":false},"excerpt":{"rendered":"<p>Por Jos\u00e9 Ure\u00f1a S\u00f3lo con una condici\u00f3n habr\u00e1 competencia en 2024: La alianza general de toda la oposici\u00f3n para contender<\/p>\n","protected":false},"author":4,"featured_media":4036,"comment_status":"closed","ping_status":"closed","sticky":false,"template":"","format":"standard","meta":{"colormag_page_container_layout":"default_layout","colormag_page_sidebar_layout":"default_layout","_jetpack_memberships_contains_paid_content":false,"footnotes":"","jetpack_publicize_message":"","jetpack_publicize_feature_enabled":true,"jetpack_social_post_already_shared":false,"jetpack_social_options":{"image_generator_settings":{"template":"highway","default_image_id":0,"font":"","enabled":false},"version":2}},"categories":[26],"tags":[],"class_list":["post-7085","post","type-post","status-publish","format-standard","has-post-thumbnail","hentry","category-columnistas"],"jetpack_publicize_connections":[],"jetpack_featured_media_url":"https:\/\/i0.wp.com\/politicosaldesnudo.com.mx\/wp-content\/uploads\/2022\/04\/JOSE%CC%81-UREN%CC%83A-1.png?fit=1816%2C1016&ssl=1","jetpack-related-posts":[],"jetpack_sharing_enabled":true,"_links":{"self":[{"href":"https:\/\/politicosaldesnudo.com.mx\/index.php\/wp-json\/wp\/v2\/posts\/7085","targetHints":{"allow":["GET"]}}],"collection":[{"href":"https:\/\/politicosaldesnudo.com.mx\/index.php\/wp-json\/wp\/v2\/posts"}],"about":[{"href":"https:\/\/politicosaldesnudo.com.mx\/index.php\/wp-json\/wp\/v2\/types\/post"}],"author":[{"embeddable":true,"href":"https:\/\/politicosaldesnudo.com.mx\/index.php\/wp-json\/wp\/v2\/users\/4"}],"replies":[{"embeddable":true,"href":"https:\/\/politicosaldesnudo.com.mx\/index.php\/wp-json\/wp\/v2\/comments?post=7085"}],"version-history":[{"count":0,"href":"https:\/\/politicosaldesnudo.com.mx\/index.php\/wp-json\/wp\/v2\/posts\/7085\/revisions"}],"wp:featuredmedia":[{"embeddable":true,"href":"https:\/\/politicosaldesnudo.com.mx\/index.php\/wp-json\/wp\/v2\/media\/4036"}],"wp:attachment":[{"href":"https:\/\/politicosaldesnudo.com.mx\/index.php\/wp-json\/wp\/v2\/media?parent=7085"}],"wp:term":[{"taxonomy":"category","embeddable":true,"href":"https:\/\/politicosaldesnudo.com.mx\/index.php\/wp-json\/wp\/v2\/categories?post=7085"},{"taxonomy":"post_tag","embeddable":true,"href":"https:\/\/politicosaldesnudo.com.mx\/index.php\/wp-json\/wp\/v2\/tags?post=7085"}],"curies":[{"name":"wp","href":"https:\/\/api.w.org\/{rel}","templated":true}]}}