{"id":70859,"date":"2025-09-16T12:58:20","date_gmt":"2025-09-16T18:58:20","guid":{"rendered":"https:\/\/politicosaldesnudo.com.mx\/?p=70859"},"modified":"2025-09-16T12:58:20","modified_gmt":"2025-09-16T18:58:20","slug":"reconocen-esfuerzo-de-maestros","status":"publish","type":"post","link":"https:\/\/politicosaldesnudo.com.mx\/index.php\/2025\/09\/16\/reconocen-esfuerzo-de-maestros\/","title":{"rendered":"Reconocen esfuerzo de maestros"},"content":{"rendered":"<p>Una jornada de gran relevancia se vivi\u00f3 en Tuxpan con la entrega de 1,128 credenciales permanentes a jubiladas, jubilados y pensionados de las Regiones I, II, III y IV de la Secci\u00f3n 32 del Sindicato Nacional de Trabajadores de la Educaci\u00f3n (SNTE).<\/p>\n<p>El evento reuni\u00f3 a decenas de maestras y maestros que durante a\u00f1os dedicaron su vida a la formaci\u00f3n de generaciones en las aulas. Para muchos de ellos, recibir esta credencial signific\u00f3 no solo un tr\u00e1mite administrativo, sino un reconocimiento tangible a su esfuerzo y compromiso con la educaci\u00f3n.<\/p>\n<p>La credencial permanente permitir\u00e1 a los beneficiarios acceder con mayor facilidad a los servicios del ISSSTE, brind\u00e1ndoles seguridad y certeza al evitar renovaciones peri\u00f3dicas. De esta manera, se facilita la gesti\u00f3n de tr\u00e1mites m\u00e9dicos, administrativos y sindicales, al tiempo que se fortalece la cercan\u00eda entre jubilados y su organizaci\u00f3n sindical.<\/p>\n<p>La entrega fue posible gracias al trabajo coordinado entre la Secretar\u00eda General de la Secci\u00f3n 32, encabezada por Daniel Covarrubias L\u00f3pez; la Secretar\u00eda de Pensionados y Jubilados, dirigida por Mar\u00eda Natividad Flores Flores; la Subdelegaci\u00f3n del ISSSTE en Veracruz y la FEDESSP Veracruz.<\/p>\n<p>En el acto tambi\u00e9n se destac\u00f3 el respaldo del Secretario de Operaci\u00f3n Pol\u00edtico Sindical de la Regi\u00f3n III, Jorge Mart\u00ednez Ram\u00edrez, quien jug\u00f3 un papel importante para que la jornada se realizara con \u00e9xito en Tuxpan.<\/p>\n<p>Para las y los jubilados, este documento no solo representa un beneficio pr\u00e1ctico, sino tambi\u00e9n la reafirmaci\u00f3n de que siguen siendo parte fundamental del SNTE. Su historia, experiencia y aportaci\u00f3n al magisterio fueron reconocidas como elementos que hoy fortalecen al sindicato y que, al mismo tiempo, marcan una gu\u00eda para las nuevas generaciones de trabajadores de la educaci\u00f3n.<\/p>\n<p>La Secci\u00f3n 32 del SNTE busca consolidar un v\u00ednculo m\u00e1s s\u00f3lido con quienes dedicaron su vida a las aulas, recordando que la unidad y la experiencia de sus jubilados son pilares que sostienen el presente y orientan el futuro del magisterio\u00a0veracruzano.<\/p>\n","protected":false},"excerpt":{"rendered":"<p>Una jornada de gran relevancia se vivi\u00f3 en Tuxpan con la entrega de 1,128 credenciales permanentes a jubiladas, jubilados y<\/p>\n","protected":false},"author":4,"featured_media":70860,"comment_status":"closed","ping_status":"closed","sticky":false,"template":"","format":"standard","meta":{"colormag_page_container_layout":"default_layout","colormag_page_sidebar_layout":"default_layout","_jetpack_memberships_contains_paid_content":false,"footnotes":"","jetpack_publicize_message":"","jetpack_publicize_feature_enabled":true,"jetpack_social_post_already_shared":true,"jetpack_social_options":{"image_generator_settings":{"template":"highway","default_image_id":0,"font":"","enabled":false},"version":2}},"categories":[1082],"tags":[],"class_list":["post-70859","post","type-post","status-publish","format-standard","has-post-thumbnail","hentry","category-tuxpan"],"jetpack_publicize_connections":[],"jetpack_featured_media_url":"https:\/\/i0.wp.com\/politicosaldesnudo.com.mx\/wp-content\/uploads\/2025\/09\/MATSR.jpg?fit=1066%2C1200&ssl=1","jetpack-related-posts":[],"jetpack_sharing_enabled":true,"_links":{"self":[{"href":"https:\/\/politicosaldesnudo.com.mx\/index.php\/wp-json\/wp\/v2\/posts\/70859","targetHints":{"allow":["GET"]}}],"collection":[{"href":"https:\/\/politicosaldesnudo.com.mx\/index.php\/wp-json\/wp\/v2\/posts"}],"about":[{"href":"https:\/\/politicosaldesnudo.com.mx\/index.php\/wp-json\/wp\/v2\/types\/post"}],"author":[{"embeddable":true,"href":"https:\/\/politicosaldesnudo.com.mx\/index.php\/wp-json\/wp\/v2\/users\/4"}],"replies":[{"embeddable":true,"href":"https:\/\/politicosaldesnudo.com.mx\/index.php\/wp-json\/wp\/v2\/comments?post=70859"}],"version-history":[{"count":0,"href":"https:\/\/politicosaldesnudo.com.mx\/index.php\/wp-json\/wp\/v2\/posts\/70859\/revisions"}],"wp:featuredmedia":[{"embeddable":true,"href":"https:\/\/politicosaldesnudo.com.mx\/index.php\/wp-json\/wp\/v2\/media\/70860"}],"wp:attachment":[{"href":"https:\/\/politicosaldesnudo.com.mx\/index.php\/wp-json\/wp\/v2\/media?parent=70859"}],"wp:term":[{"taxonomy":"category","embeddable":true,"href":"https:\/\/politicosaldesnudo.com.mx\/index.php\/wp-json\/wp\/v2\/categories?post=70859"},{"taxonomy":"post_tag","embeddable":true,"href":"https:\/\/politicosaldesnudo.com.mx\/index.php\/wp-json\/wp\/v2\/tags?post=70859"}],"curies":[{"name":"wp","href":"https:\/\/api.w.org\/{rel}","templated":true}]}}