{"id":70937,"date":"2025-09-16T21:16:47","date_gmt":"2025-09-17T03:16:47","guid":{"rendered":"https:\/\/politicosaldesnudo.com.mx\/?p=70937"},"modified":"2025-09-16T21:16:47","modified_gmt":"2025-09-17T03:16:47","slug":"con-desfile-civico-militar-se-conmemoro-en-tuxpan-el-215-aniversario-del-inicio-de-la-independencia-de-mexico","status":"publish","type":"post","link":"https:\/\/politicosaldesnudo.com.mx\/index.php\/2025\/09\/16\/con-desfile-civico-militar-se-conmemoro-en-tuxpan-el-215-aniversario-del-inicio-de-la-independencia-de-mexico\/","title":{"rendered":"Con desfile c\u00edvico-militar se conmemor\u00f3 en Tuxpan el 215 Aniversario del Inicio de la Independencia de M\u00e9xico"},"content":{"rendered":"<p>Tuxpan, Ver., 16 de septiembre de 2025.- M\u00e1s de 4 mil 300 personas participaron en el Desfile C\u00edvico-Militar con el que se conmemor\u00f3 el 215 aniversario del inicio del movimiento de la Independencia de M\u00e9xico.<\/p>\n<p>Los agrupamientos participantes fueron estudiantes y personal educativo de nivel B\u00e1sico, Medio Superior y Superior; as\u00ed como elementos de la Secretar\u00eda Armada de M\u00e9xico, Protecci\u00f3n Civil, Bomberos, Polic\u00eda Municipal, Tr\u00e1nsito Municipal, Defensa, Guardia Nacional, e integrantes del Pentatl\u00f3n Deportivo Militarizado.<\/p>\n<p><img data-recalc-dims=\"1\" loading=\"lazy\" decoding=\"async\" class=\"aligncenter size-large wp-image-70962\" src=\"https:\/\/i0.wp.com\/politicosaldesnudo.com.mx\/wp-content\/uploads\/2025\/09\/WhatsApp-Image-2025-09-16-at-12.44.12-1024x576.jpeg?resize=800%2C450&#038;ssl=1\" alt=\"\" width=\"800\" height=\"450\" srcset=\"https:\/\/i0.wp.com\/politicosaldesnudo.com.mx\/wp-content\/uploads\/2025\/09\/WhatsApp-Image-2025-09-16-at-12.44.12.jpeg?resize=1024%2C576&amp;ssl=1 1024w, https:\/\/i0.wp.com\/politicosaldesnudo.com.mx\/wp-content\/uploads\/2025\/09\/WhatsApp-Image-2025-09-16-at-12.44.12.jpeg?resize=300%2C169&amp;ssl=1 300w, https:\/\/i0.wp.com\/politicosaldesnudo.com.mx\/wp-content\/uploads\/2025\/09\/WhatsApp-Image-2025-09-16-at-12.44.12.jpeg?resize=768%2C432&amp;ssl=1 768w, https:\/\/i0.wp.com\/politicosaldesnudo.com.mx\/wp-content\/uploads\/2025\/09\/WhatsApp-Image-2025-09-16-at-12.44.12.jpeg?w=1280&amp;ssl=1 1280w\" sizes=\"auto, (max-width: 800px) 100vw, 800px\" \/> <img data-recalc-dims=\"1\" loading=\"lazy\" decoding=\"async\" class=\"aligncenter size-large wp-image-70961\" src=\"https:\/\/i0.wp.com\/politicosaldesnudo.com.mx\/wp-content\/uploads\/2025\/09\/WhatsApp-Image-2025-09-16-at-12.44.11-1024x576.jpeg?resize=800%2C450&#038;ssl=1\" alt=\"\" width=\"800\" height=\"450\" srcset=\"https:\/\/i0.wp.com\/politicosaldesnudo.com.mx\/wp-content\/uploads\/2025\/09\/WhatsApp-Image-2025-09-16-at-12.44.11.jpeg?resize=1024%2C576&amp;ssl=1 1024w, https:\/\/i0.wp.com\/politicosaldesnudo.com.mx\/wp-content\/uploads\/2025\/09\/WhatsApp-Image-2025-09-16-at-12.44.11.jpeg?resize=300%2C169&amp;ssl=1 300w, https:\/\/i0.wp.com\/politicosaldesnudo.com.mx\/wp-content\/uploads\/2025\/09\/WhatsApp-Image-2025-09-16-at-12.44.11.jpeg?resize=768%2C432&amp;ssl=1 768w, https:\/\/i0.wp.com\/politicosaldesnudo.com.mx\/wp-content\/uploads\/2025\/09\/WhatsApp-Image-2025-09-16-at-12.44.11.jpeg?w=1280&amp;ssl=1 1280w\" sizes=\"auto, (max-width: 800px) 100vw, 800px\" \/> <img data-recalc-dims=\"1\" loading=\"lazy\" decoding=\"async\" class=\"aligncenter size-large wp-image-70960\" src=\"https:\/\/i0.wp.com\/politicosaldesnudo.com.mx\/wp-content\/uploads\/2025\/09\/WhatsApp-Image-2025-09-16-at-12.44.11-1-1024x576.jpeg?resize=800%2C450&#038;ssl=1\" alt=\"\" width=\"800\" height=\"450\" srcset=\"https:\/\/i0.wp.com\/politicosaldesnudo.com.mx\/wp-content\/uploads\/2025\/09\/WhatsApp-Image-2025-09-16-at-12.44.11-1.jpeg?resize=1024%2C576&amp;ssl=1 1024w, https:\/\/i0.wp.com\/politicosaldesnudo.com.mx\/wp-content\/uploads\/2025\/09\/WhatsApp-Image-2025-09-16-at-12.44.11-1.jpeg?resize=300%2C169&amp;ssl=1 300w, https:\/\/i0.wp.com\/politicosaldesnudo.com.mx\/wp-content\/uploads\/2025\/09\/WhatsApp-Image-2025-09-16-at-12.44.11-1.jpeg?resize=768%2C432&amp;ssl=1 768w, https:\/\/i0.wp.com\/politicosaldesnudo.com.mx\/wp-content\/uploads\/2025\/09\/WhatsApp-Image-2025-09-16-at-12.44.11-1.jpeg?w=1280&amp;ssl=1 1280w\" sizes=\"auto, (max-width: 800px) 100vw, 800px\" \/><\/p>\n<p>Tambi\u00e9n particip\u00f3 la escaramuza charra Amazonas de La Huasteca.<\/p>\n<p>En punto de las 8:00 horas, el teniente coronel de Infanter\u00eda Israel Pacheco L\u00f3pez, segundo comandante y jefe del Grupo de Comando del 39\u00ba B solicit\u00f3 permiso para iniciar el desfile<\/p>\n<p><img data-recalc-dims=\"1\" loading=\"lazy\" decoding=\"async\" class=\"aligncenter size-large wp-image-70959\" src=\"https:\/\/i0.wp.com\/politicosaldesnudo.com.mx\/wp-content\/uploads\/2025\/09\/WhatsApp-Image-2025-09-16-at-12.44.10-1024x682.jpeg?resize=800%2C533&#038;ssl=1\" alt=\"\" width=\"800\" height=\"533\" srcset=\"https:\/\/i0.wp.com\/politicosaldesnudo.com.mx\/wp-content\/uploads\/2025\/09\/WhatsApp-Image-2025-09-16-at-12.44.10.jpeg?resize=1024%2C682&amp;ssl=1 1024w, https:\/\/i0.wp.com\/politicosaldesnudo.com.mx\/wp-content\/uploads\/2025\/09\/WhatsApp-Image-2025-09-16-at-12.44.10.jpeg?resize=300%2C200&amp;ssl=1 300w, https:\/\/i0.wp.com\/politicosaldesnudo.com.mx\/wp-content\/uploads\/2025\/09\/WhatsApp-Image-2025-09-16-at-12.44.10.jpeg?resize=768%2C512&amp;ssl=1 768w, https:\/\/i0.wp.com\/politicosaldesnudo.com.mx\/wp-content\/uploads\/2025\/09\/WhatsApp-Image-2025-09-16-at-12.44.10.jpeg?w=1280&amp;ssl=1 1280w\" sizes=\"auto, (max-width: 800px) 100vw, 800px\" \/> <img data-recalc-dims=\"1\" loading=\"lazy\" decoding=\"async\" class=\"aligncenter size-large wp-image-70958\" src=\"https:\/\/i0.wp.com\/politicosaldesnudo.com.mx\/wp-content\/uploads\/2025\/09\/WhatsApp-Image-2025-09-16-at-12.44.10-2-1024x566.jpeg?resize=800%2C442&#038;ssl=1\" alt=\"\" width=\"800\" height=\"442\" srcset=\"https:\/\/i0.wp.com\/politicosaldesnudo.com.mx\/wp-content\/uploads\/2025\/09\/WhatsApp-Image-2025-09-16-at-12.44.10-2.jpeg?resize=1024%2C566&amp;ssl=1 1024w, https:\/\/i0.wp.com\/politicosaldesnudo.com.mx\/wp-content\/uploads\/2025\/09\/WhatsApp-Image-2025-09-16-at-12.44.10-2.jpeg?resize=300%2C166&amp;ssl=1 300w, https:\/\/i0.wp.com\/politicosaldesnudo.com.mx\/wp-content\/uploads\/2025\/09\/WhatsApp-Image-2025-09-16-at-12.44.10-2.jpeg?resize=768%2C425&amp;ssl=1 768w, https:\/\/i0.wp.com\/politicosaldesnudo.com.mx\/wp-content\/uploads\/2025\/09\/WhatsApp-Image-2025-09-16-at-12.44.10-2.jpeg?w=1040&amp;ssl=1 1040w\" sizes=\"auto, (max-width: 800px) 100vw, 800px\" \/> <img data-recalc-dims=\"1\" loading=\"lazy\" decoding=\"async\" class=\"aligncenter size-large wp-image-70957\" src=\"https:\/\/i0.wp.com\/politicosaldesnudo.com.mx\/wp-content\/uploads\/2025\/09\/WhatsApp-Image-2025-09-16-at-12.44.10-1-1024x682.jpeg?resize=800%2C533&#038;ssl=1\" alt=\"\" width=\"800\" height=\"533\" srcset=\"https:\/\/i0.wp.com\/politicosaldesnudo.com.mx\/wp-content\/uploads\/2025\/09\/WhatsApp-Image-2025-09-16-at-12.44.10-1.jpeg?resize=1024%2C682&amp;ssl=1 1024w, https:\/\/i0.wp.com\/politicosaldesnudo.com.mx\/wp-content\/uploads\/2025\/09\/WhatsApp-Image-2025-09-16-at-12.44.10-1.jpeg?resize=300%2C200&amp;ssl=1 300w, https:\/\/i0.wp.com\/politicosaldesnudo.com.mx\/wp-content\/uploads\/2025\/09\/WhatsApp-Image-2025-09-16-at-12.44.10-1.jpeg?resize=768%2C512&amp;ssl=1 768w, https:\/\/i0.wp.com\/politicosaldesnudo.com.mx\/wp-content\/uploads\/2025\/09\/WhatsApp-Image-2025-09-16-at-12.44.10-1.jpeg?w=1280&amp;ssl=1 1280w\" sizes=\"auto, (max-width: 800px) 100vw, 800px\" \/><\/p>\n<p>Los contingentes, veh\u00edculos, equinos, y embarcaciones recorrieron el bulevar Jes\u00fas Reyes Heroles, desde la calle Z\u00f3zimo P\u00e9rez hasta la calle Vicente Guerrero, pasando frente al Palacio Municipal donde fueron saludados por el presidente municipal Dr. Jes\u00fas Fomperoza Torres, autoridades militares, navales, municipales y civiles.<\/p>\n<p><img data-recalc-dims=\"1\" loading=\"lazy\" decoding=\"async\" class=\"aligncenter size-large wp-image-70956\" src=\"https:\/\/i0.wp.com\/politicosaldesnudo.com.mx\/wp-content\/uploads\/2025\/09\/WhatsApp-Image-2025-09-16-at-12.44.09-1024x788.jpeg?resize=800%2C616&#038;ssl=1\" alt=\"\" width=\"800\" height=\"616\" srcset=\"https:\/\/i0.wp.com\/politicosaldesnudo.com.mx\/wp-content\/uploads\/2025\/09\/WhatsApp-Image-2025-09-16-at-12.44.09.jpeg?resize=1024%2C788&amp;ssl=1 1024w, https:\/\/i0.wp.com\/politicosaldesnudo.com.mx\/wp-content\/uploads\/2025\/09\/WhatsApp-Image-2025-09-16-at-12.44.09.jpeg?resize=300%2C231&amp;ssl=1 300w, https:\/\/i0.wp.com\/politicosaldesnudo.com.mx\/wp-content\/uploads\/2025\/09\/WhatsApp-Image-2025-09-16-at-12.44.09.jpeg?resize=768%2C591&amp;ssl=1 768w, https:\/\/i0.wp.com\/politicosaldesnudo.com.mx\/wp-content\/uploads\/2025\/09\/WhatsApp-Image-2025-09-16-at-12.44.09.jpeg?resize=1536%2C1183&amp;ssl=1 1536w, https:\/\/i0.wp.com\/politicosaldesnudo.com.mx\/wp-content\/uploads\/2025\/09\/WhatsApp-Image-2025-09-16-at-12.44.09.jpeg?w=1600&amp;ssl=1 1600w\" sizes=\"auto, (max-width: 800px) 100vw, 800px\" \/> <img data-recalc-dims=\"1\" loading=\"lazy\" decoding=\"async\" class=\"aligncenter size-large wp-image-70955\" src=\"https:\/\/i0.wp.com\/politicosaldesnudo.com.mx\/wp-content\/uploads\/2025\/09\/WhatsApp-Image-2025-09-16-at-12.44.09-1-1024x576.jpeg?resize=800%2C450&#038;ssl=1\" alt=\"\" width=\"800\" height=\"450\" srcset=\"https:\/\/i0.wp.com\/politicosaldesnudo.com.mx\/wp-content\/uploads\/2025\/09\/WhatsApp-Image-2025-09-16-at-12.44.09-1.jpeg?resize=1024%2C576&amp;ssl=1 1024w, https:\/\/i0.wp.com\/politicosaldesnudo.com.mx\/wp-content\/uploads\/2025\/09\/WhatsApp-Image-2025-09-16-at-12.44.09-1.jpeg?resize=300%2C169&amp;ssl=1 300w, https:\/\/i0.wp.com\/politicosaldesnudo.com.mx\/wp-content\/uploads\/2025\/09\/WhatsApp-Image-2025-09-16-at-12.44.09-1.jpeg?resize=768%2C432&amp;ssl=1 768w, https:\/\/i0.wp.com\/politicosaldesnudo.com.mx\/wp-content\/uploads\/2025\/09\/WhatsApp-Image-2025-09-16-at-12.44.09-1.jpeg?w=1280&amp;ssl=1 1280w\" sizes=\"auto, (max-width: 800px) 100vw, 800px\" \/> <img data-recalc-dims=\"1\" loading=\"lazy\" decoding=\"async\" class=\"aligncenter size-large wp-image-70954\" src=\"https:\/\/i0.wp.com\/politicosaldesnudo.com.mx\/wp-content\/uploads\/2025\/09\/WhatsApp-Image-2025-09-16-at-12.44.08-1024x737.jpeg?resize=800%2C576&#038;ssl=1\" alt=\"\" width=\"800\" height=\"576\" srcset=\"https:\/\/i0.wp.com\/politicosaldesnudo.com.mx\/wp-content\/uploads\/2025\/09\/WhatsApp-Image-2025-09-16-at-12.44.08.jpeg?resize=1024%2C737&amp;ssl=1 1024w, https:\/\/i0.wp.com\/politicosaldesnudo.com.mx\/wp-content\/uploads\/2025\/09\/WhatsApp-Image-2025-09-16-at-12.44.08.jpeg?resize=300%2C216&amp;ssl=1 300w, https:\/\/i0.wp.com\/politicosaldesnudo.com.mx\/wp-content\/uploads\/2025\/09\/WhatsApp-Image-2025-09-16-at-12.44.08.jpeg?resize=768%2C553&amp;ssl=1 768w, https:\/\/i0.wp.com\/politicosaldesnudo.com.mx\/wp-content\/uploads\/2025\/09\/WhatsApp-Image-2025-09-16-at-12.44.08.jpeg?resize=1536%2C1106&amp;ssl=1 1536w, https:\/\/i0.wp.com\/politicosaldesnudo.com.mx\/wp-content\/uploads\/2025\/09\/WhatsApp-Image-2025-09-16-at-12.44.08.jpeg?w=1600&amp;ssl=1 1600w\" sizes=\"auto, (max-width: 800px) 100vw, 800px\" \/><\/p>\n<p>En el pres\u00eddium el presidente municipal Jes\u00fas Fomperoza estuvo acompa\u00f1ado por el Gral. Brig. de Estado Mayor Jorge Antonio Maldonado Guevara, comandante de la 19\u00aa Zona Militar; el vicealmirante CG DEM Benito Armando Galeana Abarca, comandante de la Fuerza Naval del Golfo; el contralmirante Aeron\u00e1utica Naval Piloto Aviador DEM Jos\u00e9 Hermilo Cuervo Salas, comandante del Sector Naval de Tuxpan.<\/p>\n<p><img data-recalc-dims=\"1\" loading=\"lazy\" decoding=\"async\" class=\"aligncenter size-large wp-image-70953\" src=\"https:\/\/i0.wp.com\/politicosaldesnudo.com.mx\/wp-content\/uploads\/2025\/09\/WhatsApp-Image-2025-09-16-at-12.44.08-1-1024x717.jpeg?resize=800%2C560&#038;ssl=1\" alt=\"\" width=\"800\" height=\"560\" srcset=\"https:\/\/i0.wp.com\/politicosaldesnudo.com.mx\/wp-content\/uploads\/2025\/09\/WhatsApp-Image-2025-09-16-at-12.44.08-1.jpeg?resize=1024%2C717&amp;ssl=1 1024w, https:\/\/i0.wp.com\/politicosaldesnudo.com.mx\/wp-content\/uploads\/2025\/09\/WhatsApp-Image-2025-09-16-at-12.44.08-1.jpeg?resize=300%2C210&amp;ssl=1 300w, https:\/\/i0.wp.com\/politicosaldesnudo.com.mx\/wp-content\/uploads\/2025\/09\/WhatsApp-Image-2025-09-16-at-12.44.08-1.jpeg?resize=768%2C538&amp;ssl=1 768w, https:\/\/i0.wp.com\/politicosaldesnudo.com.mx\/wp-content\/uploads\/2025\/09\/WhatsApp-Image-2025-09-16-at-12.44.08-1.jpeg?resize=1536%2C1076&amp;ssl=1 1536w, https:\/\/i0.wp.com\/politicosaldesnudo.com.mx\/wp-content\/uploads\/2025\/09\/WhatsApp-Image-2025-09-16-at-12.44.08-1.jpeg?resize=130%2C90&amp;ssl=1 130w, https:\/\/i0.wp.com\/politicosaldesnudo.com.mx\/wp-content\/uploads\/2025\/09\/WhatsApp-Image-2025-09-16-at-12.44.08-1.jpeg?w=1600&amp;ssl=1 1600w\" sizes=\"auto, (max-width: 800px) 100vw, 800px\" \/> <img data-recalc-dims=\"1\" loading=\"lazy\" decoding=\"async\" class=\"aligncenter size-large wp-image-70952\" src=\"https:\/\/i0.wp.com\/politicosaldesnudo.com.mx\/wp-content\/uploads\/2025\/09\/WhatsApp-Image-2025-09-16-at-12.44.07-1024x682.jpeg?resize=800%2C533&#038;ssl=1\" alt=\"\" width=\"800\" height=\"533\" srcset=\"https:\/\/i0.wp.com\/politicosaldesnudo.com.mx\/wp-content\/uploads\/2025\/09\/WhatsApp-Image-2025-09-16-at-12.44.07.jpeg?resize=1024%2C682&amp;ssl=1 1024w, https:\/\/i0.wp.com\/politicosaldesnudo.com.mx\/wp-content\/uploads\/2025\/09\/WhatsApp-Image-2025-09-16-at-12.44.07.jpeg?resize=300%2C200&amp;ssl=1 300w, https:\/\/i0.wp.com\/politicosaldesnudo.com.mx\/wp-content\/uploads\/2025\/09\/WhatsApp-Image-2025-09-16-at-12.44.07.jpeg?resize=768%2C512&amp;ssl=1 768w, https:\/\/i0.wp.com\/politicosaldesnudo.com.mx\/wp-content\/uploads\/2025\/09\/WhatsApp-Image-2025-09-16-at-12.44.07.jpeg?w=1280&amp;ssl=1 1280w\" sizes=\"auto, (max-width: 800px) 100vw, 800px\" \/> <img data-recalc-dims=\"1\" loading=\"lazy\" decoding=\"async\" class=\"aligncenter size-large wp-image-70951\" src=\"https:\/\/i0.wp.com\/politicosaldesnudo.com.mx\/wp-content\/uploads\/2025\/09\/WhatsApp-Image-2025-09-16-at-12.44.07-2-1024x675.jpeg?resize=800%2C527&#038;ssl=1\" alt=\"\" width=\"800\" height=\"527\" srcset=\"https:\/\/i0.wp.com\/politicosaldesnudo.com.mx\/wp-content\/uploads\/2025\/09\/WhatsApp-Image-2025-09-16-at-12.44.07-2.jpeg?resize=1024%2C675&amp;ssl=1 1024w, https:\/\/i0.wp.com\/politicosaldesnudo.com.mx\/wp-content\/uploads\/2025\/09\/WhatsApp-Image-2025-09-16-at-12.44.07-2.jpeg?resize=300%2C198&amp;ssl=1 300w, https:\/\/i0.wp.com\/politicosaldesnudo.com.mx\/wp-content\/uploads\/2025\/09\/WhatsApp-Image-2025-09-16-at-12.44.07-2.jpeg?resize=768%2C506&amp;ssl=1 768w, https:\/\/i0.wp.com\/politicosaldesnudo.com.mx\/wp-content\/uploads\/2025\/09\/WhatsApp-Image-2025-09-16-at-12.44.07-2.jpeg?resize=1536%2C1013&amp;ssl=1 1536w, https:\/\/i0.wp.com\/politicosaldesnudo.com.mx\/wp-content\/uploads\/2025\/09\/WhatsApp-Image-2025-09-16-at-12.44.07-2.jpeg?w=1600&amp;ssl=1 1600w\" sizes=\"auto, (max-width: 800px) 100vw, 800px\" \/><\/p>\n<p>Las regidoras y los regidores Luis Demetrio L\u00f3pez Mar\u00edn, comisionado en Educaci\u00f3n y Actos C\u00edvicos; Maryanela Monroy Flores, Juan G\u00f3mez Garc\u00eda, Lucero Res\u00e9ndis Ambrocio, Axel Bernal Herrera.<\/p>\n<p><img data-recalc-dims=\"1\" loading=\"lazy\" decoding=\"async\" class=\"aligncenter size-large wp-image-70950\" src=\"https:\/\/i0.wp.com\/politicosaldesnudo.com.mx\/wp-content\/uploads\/2025\/09\/WhatsApp-Image-2025-09-16-at-12.44.07-1-1024x768.jpeg?resize=800%2C600&#038;ssl=1\" alt=\"\" width=\"800\" height=\"600\" srcset=\"https:\/\/i0.wp.com\/politicosaldesnudo.com.mx\/wp-content\/uploads\/2025\/09\/WhatsApp-Image-2025-09-16-at-12.44.07-1.jpeg?resize=1024%2C768&amp;ssl=1 1024w, https:\/\/i0.wp.com\/politicosaldesnudo.com.mx\/wp-content\/uploads\/2025\/09\/WhatsApp-Image-2025-09-16-at-12.44.07-1.jpeg?resize=300%2C225&amp;ssl=1 300w, https:\/\/i0.wp.com\/politicosaldesnudo.com.mx\/wp-content\/uploads\/2025\/09\/WhatsApp-Image-2025-09-16-at-12.44.07-1.jpeg?resize=768%2C576&amp;ssl=1 768w, https:\/\/i0.wp.com\/politicosaldesnudo.com.mx\/wp-content\/uploads\/2025\/09\/WhatsApp-Image-2025-09-16-at-12.44.07-1.jpeg?resize=1536%2C1152&amp;ssl=1 1536w, https:\/\/i0.wp.com\/politicosaldesnudo.com.mx\/wp-content\/uploads\/2025\/09\/WhatsApp-Image-2025-09-16-at-12.44.07-1.jpeg?w=1600&amp;ssl=1 1600w\" sizes=\"auto, (max-width: 800px) 100vw, 800px\" \/> <img data-recalc-dims=\"1\" loading=\"lazy\" decoding=\"async\" class=\"aligncenter size-large wp-image-70949\" src=\"https:\/\/i0.wp.com\/politicosaldesnudo.com.mx\/wp-content\/uploads\/2025\/09\/WhatsApp-Image-2025-09-16-at-12.44.06-1024x768.jpeg?resize=800%2C600&#038;ssl=1\" alt=\"\" width=\"800\" height=\"600\" srcset=\"https:\/\/i0.wp.com\/politicosaldesnudo.com.mx\/wp-content\/uploads\/2025\/09\/WhatsApp-Image-2025-09-16-at-12.44.06.jpeg?resize=1024%2C768&amp;ssl=1 1024w, https:\/\/i0.wp.com\/politicosaldesnudo.com.mx\/wp-content\/uploads\/2025\/09\/WhatsApp-Image-2025-09-16-at-12.44.06.jpeg?resize=300%2C225&amp;ssl=1 300w, https:\/\/i0.wp.com\/politicosaldesnudo.com.mx\/wp-content\/uploads\/2025\/09\/WhatsApp-Image-2025-09-16-at-12.44.06.jpeg?resize=768%2C576&amp;ssl=1 768w, https:\/\/i0.wp.com\/politicosaldesnudo.com.mx\/wp-content\/uploads\/2025\/09\/WhatsApp-Image-2025-09-16-at-12.44.06.jpeg?resize=1536%2C1152&amp;ssl=1 1536w, https:\/\/i0.wp.com\/politicosaldesnudo.com.mx\/wp-content\/uploads\/2025\/09\/WhatsApp-Image-2025-09-16-at-12.44.06.jpeg?w=1600&amp;ssl=1 1600w\" sizes=\"auto, (max-width: 800px) 100vw, 800px\" \/> <img data-recalc-dims=\"1\" loading=\"lazy\" decoding=\"async\" class=\"aligncenter size-large wp-image-70948\" src=\"https:\/\/i0.wp.com\/politicosaldesnudo.com.mx\/wp-content\/uploads\/2025\/09\/WhatsApp-Image-2025-09-16-at-12.44.06-1-1024x682.jpeg?resize=800%2C533&#038;ssl=1\" alt=\"\" width=\"800\" height=\"533\" srcset=\"https:\/\/i0.wp.com\/politicosaldesnudo.com.mx\/wp-content\/uploads\/2025\/09\/WhatsApp-Image-2025-09-16-at-12.44.06-1.jpeg?resize=1024%2C682&amp;ssl=1 1024w, https:\/\/i0.wp.com\/politicosaldesnudo.com.mx\/wp-content\/uploads\/2025\/09\/WhatsApp-Image-2025-09-16-at-12.44.06-1.jpeg?resize=300%2C200&amp;ssl=1 300w, https:\/\/i0.wp.com\/politicosaldesnudo.com.mx\/wp-content\/uploads\/2025\/09\/WhatsApp-Image-2025-09-16-at-12.44.06-1.jpeg?resize=768%2C512&amp;ssl=1 768w, https:\/\/i0.wp.com\/politicosaldesnudo.com.mx\/wp-content\/uploads\/2025\/09\/WhatsApp-Image-2025-09-16-at-12.44.06-1.jpeg?w=1280&amp;ssl=1 1280w\" sizes=\"auto, (max-width: 800px) 100vw, 800px\" \/><\/p>\n<p>Tambi\u00e9n estuvieron presentes el Cap. Fgta. Guillermo Alan V\u00e1zquez Guti\u00e9rrez, secretario de Seguridad P\u00fablica Municipal; el Prof. Jorge Arturo Garc\u00eda Robles, director de Educaci\u00f3n.<\/p>\n<p><img data-recalc-dims=\"1\" loading=\"lazy\" decoding=\"async\" class=\"aligncenter size-large wp-image-70947\" src=\"https:\/\/i0.wp.com\/politicosaldesnudo.com.mx\/wp-content\/uploads\/2025\/09\/WhatsApp-Image-2025-09-16-at-12.44.05-1024x764.jpeg?resize=800%2C597&#038;ssl=1\" alt=\"\" width=\"800\" height=\"597\" srcset=\"https:\/\/i0.wp.com\/politicosaldesnudo.com.mx\/wp-content\/uploads\/2025\/09\/WhatsApp-Image-2025-09-16-at-12.44.05.jpeg?resize=1024%2C764&amp;ssl=1 1024w, https:\/\/i0.wp.com\/politicosaldesnudo.com.mx\/wp-content\/uploads\/2025\/09\/WhatsApp-Image-2025-09-16-at-12.44.05.jpeg?resize=300%2C224&amp;ssl=1 300w, https:\/\/i0.wp.com\/politicosaldesnudo.com.mx\/wp-content\/uploads\/2025\/09\/WhatsApp-Image-2025-09-16-at-12.44.05.jpeg?resize=768%2C573&amp;ssl=1 768w, https:\/\/i0.wp.com\/politicosaldesnudo.com.mx\/wp-content\/uploads\/2025\/09\/WhatsApp-Image-2025-09-16-at-12.44.05.jpeg?resize=1536%2C1146&amp;ssl=1 1536w, https:\/\/i0.wp.com\/politicosaldesnudo.com.mx\/wp-content\/uploads\/2025\/09\/WhatsApp-Image-2025-09-16-at-12.44.05.jpeg?w=1600&amp;ssl=1 1600w\" sizes=\"auto, (max-width: 800px) 100vw, 800px\" \/> <img data-recalc-dims=\"1\" loading=\"lazy\" decoding=\"async\" class=\"aligncenter size-large wp-image-70946\" src=\"https:\/\/i0.wp.com\/politicosaldesnudo.com.mx\/wp-content\/uploads\/2025\/09\/WhatsApp-Image-2025-09-16-at-12.44.05-2-1024x736.jpeg?resize=800%2C575&#038;ssl=1\" alt=\"\" width=\"800\" height=\"575\" srcset=\"https:\/\/i0.wp.com\/politicosaldesnudo.com.mx\/wp-content\/uploads\/2025\/09\/WhatsApp-Image-2025-09-16-at-12.44.05-2.jpeg?resize=1024%2C736&amp;ssl=1 1024w, https:\/\/i0.wp.com\/politicosaldesnudo.com.mx\/wp-content\/uploads\/2025\/09\/WhatsApp-Image-2025-09-16-at-12.44.05-2.jpeg?resize=300%2C216&amp;ssl=1 300w, https:\/\/i0.wp.com\/politicosaldesnudo.com.mx\/wp-content\/uploads\/2025\/09\/WhatsApp-Image-2025-09-16-at-12.44.05-2.jpeg?resize=768%2C552&amp;ssl=1 768w, https:\/\/i0.wp.com\/politicosaldesnudo.com.mx\/wp-content\/uploads\/2025\/09\/WhatsApp-Image-2025-09-16-at-12.44.05-2.jpeg?resize=1536%2C1104&amp;ssl=1 1536w, https:\/\/i0.wp.com\/politicosaldesnudo.com.mx\/wp-content\/uploads\/2025\/09\/WhatsApp-Image-2025-09-16-at-12.44.05-2.jpeg?w=1600&amp;ssl=1 1600w\" sizes=\"auto, (max-width: 800px) 100vw, 800px\" \/> <img data-recalc-dims=\"1\" loading=\"lazy\" decoding=\"async\" class=\"aligncenter size-large wp-image-70945\" src=\"https:\/\/i0.wp.com\/politicosaldesnudo.com.mx\/wp-content\/uploads\/2025\/09\/WhatsApp-Image-2025-09-16-at-12.44.05-1-1024x768.jpeg?resize=800%2C600&#038;ssl=1\" alt=\"\" width=\"800\" height=\"600\" srcset=\"https:\/\/i0.wp.com\/politicosaldesnudo.com.mx\/wp-content\/uploads\/2025\/09\/WhatsApp-Image-2025-09-16-at-12.44.05-1.jpeg?resize=1024%2C768&amp;ssl=1 1024w, https:\/\/i0.wp.com\/politicosaldesnudo.com.mx\/wp-content\/uploads\/2025\/09\/WhatsApp-Image-2025-09-16-at-12.44.05-1.jpeg?resize=300%2C225&amp;ssl=1 300w, https:\/\/i0.wp.com\/politicosaldesnudo.com.mx\/wp-content\/uploads\/2025\/09\/WhatsApp-Image-2025-09-16-at-12.44.05-1.jpeg?resize=768%2C576&amp;ssl=1 768w, https:\/\/i0.wp.com\/politicosaldesnudo.com.mx\/wp-content\/uploads\/2025\/09\/WhatsApp-Image-2025-09-16-at-12.44.05-1.jpeg?resize=1536%2C1152&amp;ssl=1 1536w, https:\/\/i0.wp.com\/politicosaldesnudo.com.mx\/wp-content\/uploads\/2025\/09\/WhatsApp-Image-2025-09-16-at-12.44.05-1.jpeg?w=1600&amp;ssl=1 1600w\" sizes=\"auto, (max-width: 800px) 100vw, 800px\" \/><\/p>\n<p>Al t\u00e9rmino, el primer edil del municipio recibi\u00f3 el reporte de novedades del desfile, mismo que se desarroll\u00f3 con respeto y armon\u00eda.<\/p>\n<p><img data-recalc-dims=\"1\" loading=\"lazy\" decoding=\"async\" class=\"aligncenter size-large wp-image-70944\" src=\"https:\/\/i0.wp.com\/politicosaldesnudo.com.mx\/wp-content\/uploads\/2025\/09\/WhatsApp-Image-2025-09-16-at-12.44.04-1024x776.jpeg?resize=800%2C606&#038;ssl=1\" alt=\"\" width=\"800\" height=\"606\" srcset=\"https:\/\/i0.wp.com\/politicosaldesnudo.com.mx\/wp-content\/uploads\/2025\/09\/WhatsApp-Image-2025-09-16-at-12.44.04.jpeg?resize=1024%2C776&amp;ssl=1 1024w, https:\/\/i0.wp.com\/politicosaldesnudo.com.mx\/wp-content\/uploads\/2025\/09\/WhatsApp-Image-2025-09-16-at-12.44.04.jpeg?resize=300%2C227&amp;ssl=1 300w, https:\/\/i0.wp.com\/politicosaldesnudo.com.mx\/wp-content\/uploads\/2025\/09\/WhatsApp-Image-2025-09-16-at-12.44.04.jpeg?resize=768%2C582&amp;ssl=1 768w, https:\/\/i0.wp.com\/politicosaldesnudo.com.mx\/wp-content\/uploads\/2025\/09\/WhatsApp-Image-2025-09-16-at-12.44.04.jpeg?resize=1536%2C1164&amp;ssl=1 1536w, https:\/\/i0.wp.com\/politicosaldesnudo.com.mx\/wp-content\/uploads\/2025\/09\/WhatsApp-Image-2025-09-16-at-12.44.04.jpeg?w=1600&amp;ssl=1 1600w\" sizes=\"auto, (max-width: 800px) 100vw, 800px\" \/> <img data-recalc-dims=\"1\" loading=\"lazy\" decoding=\"async\" class=\"aligncenter size-large wp-image-70943\" src=\"https:\/\/i0.wp.com\/politicosaldesnudo.com.mx\/wp-content\/uploads\/2025\/09\/WhatsApp-Image-2025-09-16-at-12.44.04-2-1024x695.jpeg?resize=800%2C543&#038;ssl=1\" alt=\"\" width=\"800\" height=\"543\" srcset=\"https:\/\/i0.wp.com\/politicosaldesnudo.com.mx\/wp-content\/uploads\/2025\/09\/WhatsApp-Image-2025-09-16-at-12.44.04-2.jpeg?resize=1024%2C695&amp;ssl=1 1024w, https:\/\/i0.wp.com\/politicosaldesnudo.com.mx\/wp-content\/uploads\/2025\/09\/WhatsApp-Image-2025-09-16-at-12.44.04-2.jpeg?resize=300%2C204&amp;ssl=1 300w, https:\/\/i0.wp.com\/politicosaldesnudo.com.mx\/wp-content\/uploads\/2025\/09\/WhatsApp-Image-2025-09-16-at-12.44.04-2.jpeg?resize=768%2C521&amp;ssl=1 768w, https:\/\/i0.wp.com\/politicosaldesnudo.com.mx\/wp-content\/uploads\/2025\/09\/WhatsApp-Image-2025-09-16-at-12.44.04-2.jpeg?resize=1536%2C1043&amp;ssl=1 1536w, https:\/\/i0.wp.com\/politicosaldesnudo.com.mx\/wp-content\/uploads\/2025\/09\/WhatsApp-Image-2025-09-16-at-12.44.04-2.jpeg?w=1600&amp;ssl=1 1600w\" sizes=\"auto, (max-width: 800px) 100vw, 800px\" \/> <img data-recalc-dims=\"1\" loading=\"lazy\" decoding=\"async\" class=\"aligncenter size-large wp-image-70942\" src=\"https:\/\/i0.wp.com\/politicosaldesnudo.com.mx\/wp-content\/uploads\/2025\/09\/WhatsApp-Image-2025-09-16-at-12.44.04-1-1024x768.jpeg?resize=800%2C600&#038;ssl=1\" alt=\"\" width=\"800\" height=\"600\" srcset=\"https:\/\/i0.wp.com\/politicosaldesnudo.com.mx\/wp-content\/uploads\/2025\/09\/WhatsApp-Image-2025-09-16-at-12.44.04-1.jpeg?resize=1024%2C768&amp;ssl=1 1024w, https:\/\/i0.wp.com\/politicosaldesnudo.com.mx\/wp-content\/uploads\/2025\/09\/WhatsApp-Image-2025-09-16-at-12.44.04-1.jpeg?resize=300%2C225&amp;ssl=1 300w, https:\/\/i0.wp.com\/politicosaldesnudo.com.mx\/wp-content\/uploads\/2025\/09\/WhatsApp-Image-2025-09-16-at-12.44.04-1.jpeg?resize=768%2C576&amp;ssl=1 768w, https:\/\/i0.wp.com\/politicosaldesnudo.com.mx\/wp-content\/uploads\/2025\/09\/WhatsApp-Image-2025-09-16-at-12.44.04-1.jpeg?resize=1536%2C1152&amp;ssl=1 1536w, https:\/\/i0.wp.com\/politicosaldesnudo.com.mx\/wp-content\/uploads\/2025\/09\/WhatsApp-Image-2025-09-16-at-12.44.04-1.jpeg?w=1600&amp;ssl=1 1600w\" sizes=\"auto, (max-width: 800px) 100vw, 800px\" \/><\/p>\n<p>Para garantizar la tranquilidad de los asistentes se implement\u00f3 un fuerte operativo de seguridad y se cont\u00f3 con el apoyo de ambulancias por cualquier eventualidad.<\/p>\n<p><img data-recalc-dims=\"1\" loading=\"lazy\" decoding=\"async\" class=\"aligncenter size-large wp-image-70941\" src=\"https:\/\/i0.wp.com\/politicosaldesnudo.com.mx\/wp-content\/uploads\/2025\/09\/WhatsApp-Image-2025-09-16-at-12.44.03-1024x703.jpeg?resize=800%2C549&#038;ssl=1\" alt=\"\" width=\"800\" height=\"549\" srcset=\"https:\/\/i0.wp.com\/politicosaldesnudo.com.mx\/wp-content\/uploads\/2025\/09\/WhatsApp-Image-2025-09-16-at-12.44.03.jpeg?resize=1024%2C703&amp;ssl=1 1024w, https:\/\/i0.wp.com\/politicosaldesnudo.com.mx\/wp-content\/uploads\/2025\/09\/WhatsApp-Image-2025-09-16-at-12.44.03.jpeg?resize=300%2C206&amp;ssl=1 300w, https:\/\/i0.wp.com\/politicosaldesnudo.com.mx\/wp-content\/uploads\/2025\/09\/WhatsApp-Image-2025-09-16-at-12.44.03.jpeg?resize=768%2C528&amp;ssl=1 768w, https:\/\/i0.wp.com\/politicosaldesnudo.com.mx\/wp-content\/uploads\/2025\/09\/WhatsApp-Image-2025-09-16-at-12.44.03.jpeg?resize=1536%2C1055&amp;ssl=1 1536w, https:\/\/i0.wp.com\/politicosaldesnudo.com.mx\/wp-content\/uploads\/2025\/09\/WhatsApp-Image-2025-09-16-at-12.44.03.jpeg?resize=130%2C90&amp;ssl=1 130w, https:\/\/i0.wp.com\/politicosaldesnudo.com.mx\/wp-content\/uploads\/2025\/09\/WhatsApp-Image-2025-09-16-at-12.44.03.jpeg?w=1600&amp;ssl=1 1600w\" sizes=\"auto, (max-width: 800px) 100vw, 800px\" \/> <img data-recalc-dims=\"1\" loading=\"lazy\" decoding=\"async\" class=\"aligncenter size-large wp-image-70940\" src=\"https:\/\/i0.wp.com\/politicosaldesnudo.com.mx\/wp-content\/uploads\/2025\/09\/WhatsApp-Image-2025-09-16-at-12.44.03-1-1024x768.jpeg?resize=800%2C600&#038;ssl=1\" alt=\"\" width=\"800\" height=\"600\" srcset=\"https:\/\/i0.wp.com\/politicosaldesnudo.com.mx\/wp-content\/uploads\/2025\/09\/WhatsApp-Image-2025-09-16-at-12.44.03-1.jpeg?resize=1024%2C768&amp;ssl=1 1024w, https:\/\/i0.wp.com\/politicosaldesnudo.com.mx\/wp-content\/uploads\/2025\/09\/WhatsApp-Image-2025-09-16-at-12.44.03-1.jpeg?resize=300%2C225&amp;ssl=1 300w, https:\/\/i0.wp.com\/politicosaldesnudo.com.mx\/wp-content\/uploads\/2025\/09\/WhatsApp-Image-2025-09-16-at-12.44.03-1.jpeg?resize=768%2C576&amp;ssl=1 768w, https:\/\/i0.wp.com\/politicosaldesnudo.com.mx\/wp-content\/uploads\/2025\/09\/WhatsApp-Image-2025-09-16-at-12.44.03-1.jpeg?resize=1536%2C1152&amp;ssl=1 1536w, https:\/\/i0.wp.com\/politicosaldesnudo.com.mx\/wp-content\/uploads\/2025\/09\/WhatsApp-Image-2025-09-16-at-12.44.03-1.jpeg?w=1600&amp;ssl=1 1600w\" sizes=\"auto, (max-width: 800px) 100vw, 800px\" \/> <img data-recalc-dims=\"1\" loading=\"lazy\" decoding=\"async\" class=\"aligncenter size-large wp-image-70938\" src=\"https:\/\/i0.wp.com\/politicosaldesnudo.com.mx\/wp-content\/uploads\/2025\/09\/WhatsApp-Image-2025-09-16-at-12.44.02-1-1024x885.jpeg?resize=800%2C691&#038;ssl=1\" alt=\"\" width=\"800\" height=\"691\" srcset=\"https:\/\/i0.wp.com\/politicosaldesnudo.com.mx\/wp-content\/uploads\/2025\/09\/WhatsApp-Image-2025-09-16-at-12.44.02-1.jpeg?resize=1024%2C885&amp;ssl=1 1024w, https:\/\/i0.wp.com\/politicosaldesnudo.com.mx\/wp-content\/uploads\/2025\/09\/WhatsApp-Image-2025-09-16-at-12.44.02-1.jpeg?resize=300%2C259&amp;ssl=1 300w, https:\/\/i0.wp.com\/politicosaldesnudo.com.mx\/wp-content\/uploads\/2025\/09\/WhatsApp-Image-2025-09-16-at-12.44.02-1.jpeg?resize=768%2C664&amp;ssl=1 768w, https:\/\/i0.wp.com\/politicosaldesnudo.com.mx\/wp-content\/uploads\/2025\/09\/WhatsApp-Image-2025-09-16-at-12.44.02-1.jpeg?resize=1536%2C1328&amp;ssl=1 1536w, https:\/\/i0.wp.com\/politicosaldesnudo.com.mx\/wp-content\/uploads\/2025\/09\/WhatsApp-Image-2025-09-16-at-12.44.02-1.jpeg?w=1600&amp;ssl=1 1600w\" sizes=\"auto, (max-width: 800px) 100vw, 800px\" \/><\/p>\n","protected":false},"excerpt":{"rendered":"<p>Tuxpan, Ver., 16 de septiembre de 2025.- M\u00e1s de 4 mil 300 personas participaron en el Desfile C\u00edvico-Militar con el<\/p>\n","protected":false},"author":4,"featured_media":70939,"comment_status":"closed","ping_status":"closed","sticky":false,"template":"","format":"standard","meta":{"colormag_page_container_layout":"default_layout","colormag_page_sidebar_layout":"default_layout","_jetpack_memberships_contains_paid_content":false,"footnotes":"","jetpack_publicize_message":"","jetpack_publicize_feature_enabled":true,"jetpack_social_post_already_shared":true,"jetpack_social_options":{"image_generator_settings":{"template":"highway","default_image_id":0,"font":"","enabled":false},"version":2}},"categories":[3205,1082],"tags":[],"class_list":["post-70937","post","type-post","status-publish","format-standard","has-post-thumbnail","hentry","category-gobierno-tuxpan","category-tuxpan"],"jetpack_publicize_connections":[],"jetpack_featured_media_url":"https:\/\/i0.wp.com\/politicosaldesnudo.com.mx\/wp-content\/uploads\/2025\/09\/WhatsApp-Image-2025-09-16-at-12.44.02.jpeg?fit=1280%2C757&ssl=1","jetpack-related-posts":[],"jetpack_sharing_enabled":true,"_links":{"self":[{"href":"https:\/\/politicosaldesnudo.com.mx\/index.php\/wp-json\/wp\/v2\/posts\/70937","targetHints":{"allow":["GET"]}}],"collection":[{"href":"https:\/\/politicosaldesnudo.com.mx\/index.php\/wp-json\/wp\/v2\/posts"}],"about":[{"href":"https:\/\/politicosaldesnudo.com.mx\/index.php\/wp-json\/wp\/v2\/types\/post"}],"author":[{"embeddable":true,"href":"https:\/\/politicosaldesnudo.com.mx\/index.php\/wp-json\/wp\/v2\/users\/4"}],"replies":[{"embeddable":true,"href":"https:\/\/politicosaldesnudo.com.mx\/index.php\/wp-json\/wp\/v2\/comments?post=70937"}],"version-history":[{"count":0,"href":"https:\/\/politicosaldesnudo.com.mx\/index.php\/wp-json\/wp\/v2\/posts\/70937\/revisions"}],"wp:featuredmedia":[{"embeddable":true,"href":"https:\/\/politicosaldesnudo.com.mx\/index.php\/wp-json\/wp\/v2\/media\/70939"}],"wp:attachment":[{"href":"https:\/\/politicosaldesnudo.com.mx\/index.php\/wp-json\/wp\/v2\/media?parent=70937"}],"wp:term":[{"taxonomy":"category","embeddable":true,"href":"https:\/\/politicosaldesnudo.com.mx\/index.php\/wp-json\/wp\/v2\/categories?post=70937"},{"taxonomy":"post_tag","embeddable":true,"href":"https:\/\/politicosaldesnudo.com.mx\/index.php\/wp-json\/wp\/v2\/tags?post=70937"}],"curies":[{"name":"wp","href":"https:\/\/api.w.org\/{rel}","templated":true}]}}