{"id":71177,"date":"2025-09-18T23:40:55","date_gmt":"2025-09-19T05:40:55","guid":{"rendered":"https:\/\/politicosaldesnudo.com.mx\/?p=71177"},"modified":"2025-09-18T23:40:55","modified_gmt":"2025-09-19T05:40:55","slug":"sueno-de-una-tarde-dominical-el-mural-que-retrata-cuatro-siglos-de-historia-mexicana","status":"publish","type":"post","link":"https:\/\/politicosaldesnudo.com.mx\/index.php\/2025\/09\/18\/sueno-de-una-tarde-dominical-el-mural-que-retrata-cuatro-siglos-de-historia-mexicana\/","title":{"rendered":"\u201cSue\u00f1o de una tarde dominical\u201d el mural que retrata cuatro siglos de historia mexicana"},"content":{"rendered":"<p style=\"font-weight: 400;\">Ahora que anduvimos por la Ciudad de M\u00e9xico, para dar el grito de Independencia en el z\u00f3calo capitalino, caminando por la avenida Ju\u00e1rez pasamos por un famoso hotel frente a la Alameda Central en donde se puede apreciar una copia del c\u00e9lebre mural de Diego Rivera\u00a0<em>Sue\u00f1o de una tarde dominical en la Alameda Central<\/em>, que es una obra fabulosa que narra los tiempos de la historia en nuestro pa\u00eds con sus personajes m\u00e1s famosos.<\/p>\n<p style=\"font-weight: 400;\">El mural\u00a0<em>Sue\u00f1o de una tarde dominical en la Alameda Central<\/em>, pintado por Diego Rivera en 1947, contin\u00faa siendo una de las representaciones visuales m\u00e1s completas y audaces de la historia de M\u00e9xico. La obra, que abarca m\u00e1s de cuatro siglos \u2014desde la conquista hasta la Revoluci\u00f3n\u2014, se encuentra actualmente expuesta en el Museo Mural Diego Rivera, luego de haber sido trasladada tras el sismo de 1985 que da\u00f1\u00f3 el Hotel del Prado, su ubicaci\u00f3n original.<\/p>\n<p style=\"font-weight: 400;\">Encargada originalmente por el arquitecto Carlos Obreg\u00f3n Santacilia para adornar el comedor de dicho hotel capitalino, la pieza fue concebida por Rivera como un paseo hist\u00f3rico por la Alameda Central, parque p\u00fablico que ha sido testigo de m\u00faltiples episodios decisivos para el devenir nacional. En la obra convergen personajes reales, figuras simb\u00f3licas y momentos cruciales del pasado mexicano, organizados en una composici\u00f3n que invita a la reflexi\u00f3n y al reconocimiento de las tensiones sociales, pol\u00edticas y culturales que han marcado al pa\u00eds.<\/p>\n<p style=\"font-weight: 400;\">En el centro del mural, destaca la figura de La Catrina, creaci\u00f3n de Jos\u00e9 Guadalupe Posada, quien la imagin\u00f3 como una cr\u00edtica a la vanidad de la clase alta porfirista. Rivera la representa tomada de la mano por una versi\u00f3n infantil de s\u00ed mismo, mientras a su lado se encuentra Frida Kahlo, quien lo abraza afectuosamente y porta un s\u00edmbolo del yin-yang, aludiendo al equilibrio entre opuestos, quiz\u00e1 como met\u00e1fora de la convivencia de la vida y la muerte, del amor y la lucha.<\/p>\n<p style=\"font-weight: 400;\">El mural est\u00e1 poblado por m\u00e1s de 100 personajes hist\u00f3ricos. Figuras como Benito Ju\u00e1rez, Sor Juana In\u00e9s de la Cruz, Emiliano Zapata y Hern\u00e1n Cort\u00e9s aparecen entre el tumulto, cada uno encarnando una \u00e9poca y una lucha distintas. Lejos de presentar una narrativa lineal o una lectura oficial de la historia, Rivera despliega una visi\u00f3n cr\u00edtica, plural y por momentos mordaz de la formaci\u00f3n de la naci\u00f3n mexicana.<\/p>\n<p style=\"font-weight: 400;\">M\u00e1s all\u00e1 del virtuosismo t\u00e9cnico y la magnitud f\u00edsica \u2014la obra mide 15 metros de largo por 4 de alto\u2014, el mural se ha convertido en un punto de referencia obligado para comprender el pensamiento del propio Rivera, quien no solo documenta la historia sino que la interpreta, la juzga y la reescribe desde una \u00f3ptica ideol\u00f3gica y est\u00e9tica profundamente comprometida.<\/p>\n<p style=\"font-weight: 400;\">El terremoto de 1985 oblig\u00f3 al desmantelamiento del Hotel del Prado. Ante el riesgo de p\u00e9rdida, el Instituto Nacional de Bellas Artes y Literatura (INBAL) organiz\u00f3 el rescate y traslado del mural, operaci\u00f3n compleja que culmin\u00f3 con la construcci\u00f3n de un nuevo recinto, dise\u00f1ado ex profeso: el Museo Mural Diego Rivera, ubicado frente a la Alameda Central, en la esquina de Balderas y Col\u00f3n. Desde su reapertura, el museo recibe a miles de visitantes al a\u00f1o, tanto nacionales como extranjeros.<\/p>\n<p style=\"font-weight: 400;\">Especialistas en arte y patrimonio han destacado la vigencia de la obra no solo por su valor est\u00e9tico, sino por su capacidad de interpelar al espectador contempor\u00e1neo. En entrevista, la historiadora del arte Cecilia Santill\u00e1n explic\u00f3 que \u201cel mural de Rivera sintetiza, con aguda iron\u00eda, la lucha de clases, el mestizaje, el patriarcado, el racismo y la memoria colectiva. No es un mural complaciente; obliga a vernos en el espejo inc\u00f3modo de nuestra historia\u201d.<\/p>\n<p style=\"font-weight: 400;\">Por su parte, visitantes del museo coinciden en que la obra es una experiencia transformadora. \u201cUno entiende por qu\u00e9 Rivera es considerado un cronista pl\u00e1stico. No se limita a pintar: denuncia, revive, emociona\u201d, dijo Ana Gonz\u00e1lez, estudiante de historia de visita en el recinto.<\/p>\n<p style=\"font-weight: 400;\">A casi ocho d\u00e9cadas de su creaci\u00f3n,\u00a0<em>Sue\u00f1o de una tarde dominical en la Alameda Central<\/em>\u00a0mantiene intacta su potencia narrativa y simb\u00f3lica. Diego Rivera, al igual que Posada, entendi\u00f3 que el arte mural es mucho m\u00e1s que decoraci\u00f3n: es testimonio, cr\u00edtica y, sobre todo, memoria p\u00fablica. En tiempos de amnesia institucional y discursos oficiales homogenizantes, esta obra sigue siendo un acto de resistencia visual frente al olvido.<\/p>\n<p><img data-recalc-dims=\"1\" loading=\"lazy\" decoding=\"async\" class=\"aligncenter size-full wp-image-71171\" src=\"https:\/\/i0.wp.com\/politicosaldesnudo.com.mx\/wp-content\/uploads\/2025\/09\/FIRMA-EDITORIAL-PD-5.jpg?resize=800%2C98&#038;ssl=1\" alt=\"\" width=\"800\" height=\"98\" srcset=\"https:\/\/i0.wp.com\/politicosaldesnudo.com.mx\/wp-content\/uploads\/2025\/09\/FIRMA-EDITORIAL-PD-5.jpg?w=1024&amp;ssl=1 1024w, https:\/\/i0.wp.com\/politicosaldesnudo.com.mx\/wp-content\/uploads\/2025\/09\/FIRMA-EDITORIAL-PD-5.jpg?resize=300%2C37&amp;ssl=1 300w, https:\/\/i0.wp.com\/politicosaldesnudo.com.mx\/wp-content\/uploads\/2025\/09\/FIRMA-EDITORIAL-PD-5.jpg?resize=768%2C94&amp;ssl=1 768w\" sizes=\"auto, (max-width: 800px) 100vw, 800px\" \/><\/p>\n","protected":false},"excerpt":{"rendered":"<p>Ahora que anduvimos por la Ciudad de M\u00e9xico, para dar el grito de Independencia en el z\u00f3calo capitalino, caminando por<\/p>\n","protected":false},"author":4,"featured_media":46060,"comment_status":"closed","ping_status":"closed","sticky":false,"template":"","format":"standard","meta":{"colormag_page_container_layout":"default_layout","colormag_page_sidebar_layout":"default_layout","_jetpack_memberships_contains_paid_content":false,"footnotes":"","jetpack_publicize_message":"","jetpack_publicize_feature_enabled":true,"jetpack_social_post_already_shared":true,"jetpack_social_options":{"image_generator_settings":{"template":"highway","default_image_id":0,"font":"","enabled":false},"version":2}},"categories":[26],"tags":[],"class_list":["post-71177","post","type-post","status-publish","format-standard","has-post-thumbnail","hentry","category-columnistas"],"jetpack_publicize_connections":[],"jetpack_featured_media_url":"https:\/\/i0.wp.com\/politicosaldesnudo.com.mx\/wp-content\/uploads\/2024\/09\/CRISTIANI-2.jpg?fit=800%2C445&ssl=1","jetpack-related-posts":[],"jetpack_sharing_enabled":true,"_links":{"self":[{"href":"https:\/\/politicosaldesnudo.com.mx\/index.php\/wp-json\/wp\/v2\/posts\/71177","targetHints":{"allow":["GET"]}}],"collection":[{"href":"https:\/\/politicosaldesnudo.com.mx\/index.php\/wp-json\/wp\/v2\/posts"}],"about":[{"href":"https:\/\/politicosaldesnudo.com.mx\/index.php\/wp-json\/wp\/v2\/types\/post"}],"author":[{"embeddable":true,"href":"https:\/\/politicosaldesnudo.com.mx\/index.php\/wp-json\/wp\/v2\/users\/4"}],"replies":[{"embeddable":true,"href":"https:\/\/politicosaldesnudo.com.mx\/index.php\/wp-json\/wp\/v2\/comments?post=71177"}],"version-history":[{"count":0,"href":"https:\/\/politicosaldesnudo.com.mx\/index.php\/wp-json\/wp\/v2\/posts\/71177\/revisions"}],"wp:featuredmedia":[{"embeddable":true,"href":"https:\/\/politicosaldesnudo.com.mx\/index.php\/wp-json\/wp\/v2\/media\/46060"}],"wp:attachment":[{"href":"https:\/\/politicosaldesnudo.com.mx\/index.php\/wp-json\/wp\/v2\/media?parent=71177"}],"wp:term":[{"taxonomy":"category","embeddable":true,"href":"https:\/\/politicosaldesnudo.com.mx\/index.php\/wp-json\/wp\/v2\/categories?post=71177"},{"taxonomy":"post_tag","embeddable":true,"href":"https:\/\/politicosaldesnudo.com.mx\/index.php\/wp-json\/wp\/v2\/tags?post=71177"}],"curies":[{"name":"wp","href":"https:\/\/api.w.org\/{rel}","templated":true}]}}