{"id":71283,"date":"2025-09-22T00:04:25","date_gmt":"2025-09-22T06:04:25","guid":{"rendered":"https:\/\/politicosaldesnudo.com.mx\/?p=71283"},"modified":"2025-09-21T20:47:49","modified_gmt":"2025-09-22T02:47:49","slug":"impulsan-inversiones-en-tuxpan-tras-anuncios-de-sheinbaum-y-nahle","status":"publish","type":"post","link":"https:\/\/politicosaldesnudo.com.mx\/index.php\/2025\/09\/22\/impulsan-inversiones-en-tuxpan-tras-anuncios-de-sheinbaum-y-nahle\/","title":{"rendered":"Impulsan inversiones en Tuxpan tras anuncios de Sheinbaum y Nahle"},"content":{"rendered":"<p>Tuxpan, se posiciona como un punto estrat\u00e9gico para nuevas inversiones, impulsadas por los recientes anuncios de proyectos de infraestructura por parte de la presidenta Claudia Sheinbaum y la gobernadora Roc\u00edo Nahle.<\/p>\n<p>La sinergia entre el gobierno federal y estatal ha generado un ambiente de confianza para el capital privado, anticipando un notable crecimiento econ\u00f3mico en la regi\u00f3n norte de la entidad.<\/p>\n<p>Entre los proyectos m\u00e1s destacados se encuentra la puesta en marcha de un Polo de Desarrollo Econ\u00f3mico para el Bienestar (PODEBI) en el municipio. Con una extensi\u00f3n de 233 hect\u00e1reas, este parque industrial est\u00e1 dise\u00f1ado para atraer inversi\u00f3n en sectores clave como la petroqu\u00edmica, la agroindustria y la econom\u00eda circular. La iniciativa, respaldada con incentivos fiscales, energ\u00eda garantizada y la conectividad estrat\u00e9gica del puerto, busca consolidar a Tuxpan como un punto<br \/>\nindustrial.<\/p>\n<p>Adem\u00e1s de los proyectos a gran escala, se prev\u00e9 la construcci\u00f3n de nuevos supermercados y el impulso a la industria petroqu\u00edmica como parte de un \u00abPlan de Puertos\u00bb. Estos planes, que se suman a la modernizaci\u00f3n de carreteras y el desarrollo de infraestructura, no solo buscan mejorar la log\u00edstica, sino tambi\u00e9n generar empleos y bienestar para la poblaci\u00f3n local, beneficiando a municipios aleda\u00f1os como Poza Rica, Papantla y Coatzintla.<\/p>\n<p>La colaboraci\u00f3n entre la Federaci\u00f3n y el gobierno de Veracruz, formalizada con la firma de un convenio, resalta el compromiso de las autoridades por detonar el desarrollo econ\u00f3mico y social en la regi\u00f3n. Con el respaldo de la presidenta Sheinbaum y la visi\u00f3n de la gobernadora Nahle, Tuxpan se encamina a un futuro de prosperidad, aprovechando su ubicaci\u00f3n estrat\u00e9gica y sus recursos para convertirse en un motor de crecimiento para todo el estado.<\/p>\n","protected":false},"excerpt":{"rendered":"<p>Tuxpan, se posiciona como un punto estrat\u00e9gico para nuevas inversiones, impulsadas por los recientes anuncios de proyectos de infraestructura por<\/p>\n","protected":false},"author":4,"featured_media":71284,"comment_status":"closed","ping_status":"closed","sticky":false,"template":"","format":"standard","meta":{"colormag_page_container_layout":"default_layout","colormag_page_sidebar_layout":"default_layout","_jetpack_memberships_contains_paid_content":false,"footnotes":"","jetpack_publicize_message":"","jetpack_publicize_feature_enabled":true,"jetpack_social_post_already_shared":true,"jetpack_social_options":{"image_generator_settings":{"template":"highway","default_image_id":0,"font":"","enabled":false},"version":2}},"categories":[1082],"tags":[],"class_list":["post-71283","post","type-post","status-publish","format-standard","has-post-thumbnail","hentry","category-tuxpan"],"jetpack_publicize_connections":[],"jetpack_featured_media_url":"https:\/\/i0.wp.com\/politicosaldesnudo.com.mx\/wp-content\/uploads\/2025\/09\/WhatsApp-Image-2025-09-21-at-17.30.55-1.jpg?fit=1600%2C777&ssl=1","jetpack-related-posts":[],"jetpack_sharing_enabled":true,"_links":{"self":[{"href":"https:\/\/politicosaldesnudo.com.mx\/index.php\/wp-json\/wp\/v2\/posts\/71283","targetHints":{"allow":["GET"]}}],"collection":[{"href":"https:\/\/politicosaldesnudo.com.mx\/index.php\/wp-json\/wp\/v2\/posts"}],"about":[{"href":"https:\/\/politicosaldesnudo.com.mx\/index.php\/wp-json\/wp\/v2\/types\/post"}],"author":[{"embeddable":true,"href":"https:\/\/politicosaldesnudo.com.mx\/index.php\/wp-json\/wp\/v2\/users\/4"}],"replies":[{"embeddable":true,"href":"https:\/\/politicosaldesnudo.com.mx\/index.php\/wp-json\/wp\/v2\/comments?post=71283"}],"version-history":[{"count":0,"href":"https:\/\/politicosaldesnudo.com.mx\/index.php\/wp-json\/wp\/v2\/posts\/71283\/revisions"}],"wp:featuredmedia":[{"embeddable":true,"href":"https:\/\/politicosaldesnudo.com.mx\/index.php\/wp-json\/wp\/v2\/media\/71284"}],"wp:attachment":[{"href":"https:\/\/politicosaldesnudo.com.mx\/index.php\/wp-json\/wp\/v2\/media?parent=71283"}],"wp:term":[{"taxonomy":"category","embeddable":true,"href":"https:\/\/politicosaldesnudo.com.mx\/index.php\/wp-json\/wp\/v2\/categories?post=71283"},{"taxonomy":"post_tag","embeddable":true,"href":"https:\/\/politicosaldesnudo.com.mx\/index.php\/wp-json\/wp\/v2\/tags?post=71283"}],"curies":[{"name":"wp","href":"https:\/\/api.w.org\/{rel}","templated":true}]}}