{"id":71313,"date":"2025-09-22T00:14:04","date_gmt":"2025-09-22T06:14:04","guid":{"rendered":"https:\/\/politicosaldesnudo.com.mx\/?p=71313"},"modified":"2025-09-21T21:42:52","modified_gmt":"2025-09-22T03:42:52","slug":"cientos-exigen-esclarecer-caso-ayotzinapa-en-quinta-jornada-de-protestas","status":"publish","type":"post","link":"https:\/\/politicosaldesnudo.com.mx\/index.php\/2025\/09\/22\/cientos-exigen-esclarecer-caso-ayotzinapa-en-quinta-jornada-de-protestas\/","title":{"rendered":"Cientos exigen esclarecer caso Ayotzinapa en quinta jornada de protestas"},"content":{"rendered":"<p>En el quinto d\u00eda de la jornada de protestas en el marco de los 11 a\u00f1os de la desaparici\u00f3n de los 43 estudiantes de la Normal de Ayotzinapa, ocurrida en Iguala en 2014, cientos de contingentes de la Federaci\u00f3n de Estudiantes Campesinos Socialistas de M\u00e9xico (FECSM), madres y padres, marcharon en Chilpancingo para demandar la presentaci\u00f3n con vida de sus hijos.<\/p>\n<p>Los contingentes encabezados por los estudiantes de la Normal de Ayotzinapa arribaron a la Plaza C\u00edvica Primer Congreso de An\u00e1huac (Z\u00f3calo), donde llevaron a cabo un mitin. Do\u00f1a Cristina Bautista Salvador, madre de Benjam\u00edn Ascencio Bautista, dijo que la marcha era en agradecimiento a la ciudadan\u00eda y al pueblo de Guerrero porque todav\u00eda tienen fe y esperanza de encontrar con vida a sus hijos.<\/p>\n<p>Tambi\u00e9n en el mitin, Hilda \u00abN\u00bb, otra madre de familia, se\u00f1al\u00f3 que las autoridades se escudan en los partidos como lo hizo el ex presidente Andr\u00e9s Manuel L\u00f3pez Obrador, y la actual presidenta Claudia Sheinbaum Pardo, \u00abpor eso ya no se ha resuelto el caso\u00bb.<\/p>\n","protected":false},"excerpt":{"rendered":"<p>En el quinto d\u00eda de la jornada de protestas en el marco de los 11 a\u00f1os de la desaparici\u00f3n de<\/p>\n","protected":false},"author":4,"featured_media":71314,"comment_status":"closed","ping_status":"closed","sticky":false,"template":"","format":"standard","meta":{"colormag_page_container_layout":"default_layout","colormag_page_sidebar_layout":"default_layout","_jetpack_memberships_contains_paid_content":false,"footnotes":"","jetpack_publicize_message":"","jetpack_publicize_feature_enabled":true,"jetpack_social_post_already_shared":true,"jetpack_social_options":{"image_generator_settings":{"template":"highway","default_image_id":0,"font":"","enabled":false},"version":2}},"categories":[30],"tags":[],"class_list":["post-71313","post","type-post","status-publish","format-standard","has-post-thumbnail","hentry","category-estados"],"jetpack_publicize_connections":[],"jetpack_featured_media_url":"https:\/\/i0.wp.com\/politicosaldesnudo.com.mx\/wp-content\/uploads\/2025\/09\/SIG.jpg?fit=773%2C436&ssl=1","jetpack-related-posts":[],"jetpack_sharing_enabled":true,"_links":{"self":[{"href":"https:\/\/politicosaldesnudo.com.mx\/index.php\/wp-json\/wp\/v2\/posts\/71313","targetHints":{"allow":["GET"]}}],"collection":[{"href":"https:\/\/politicosaldesnudo.com.mx\/index.php\/wp-json\/wp\/v2\/posts"}],"about":[{"href":"https:\/\/politicosaldesnudo.com.mx\/index.php\/wp-json\/wp\/v2\/types\/post"}],"author":[{"embeddable":true,"href":"https:\/\/politicosaldesnudo.com.mx\/index.php\/wp-json\/wp\/v2\/users\/4"}],"replies":[{"embeddable":true,"href":"https:\/\/politicosaldesnudo.com.mx\/index.php\/wp-json\/wp\/v2\/comments?post=71313"}],"version-history":[{"count":0,"href":"https:\/\/politicosaldesnudo.com.mx\/index.php\/wp-json\/wp\/v2\/posts\/71313\/revisions"}],"wp:featuredmedia":[{"embeddable":true,"href":"https:\/\/politicosaldesnudo.com.mx\/index.php\/wp-json\/wp\/v2\/media\/71314"}],"wp:attachment":[{"href":"https:\/\/politicosaldesnudo.com.mx\/index.php\/wp-json\/wp\/v2\/media?parent=71313"}],"wp:term":[{"taxonomy":"category","embeddable":true,"href":"https:\/\/politicosaldesnudo.com.mx\/index.php\/wp-json\/wp\/v2\/categories?post=71313"},{"taxonomy":"post_tag","embeddable":true,"href":"https:\/\/politicosaldesnudo.com.mx\/index.php\/wp-json\/wp\/v2\/tags?post=71313"}],"curies":[{"name":"wp","href":"https:\/\/api.w.org\/{rel}","templated":true}]}}